{"id":284519,"date":"2025-07-30T14:47:15","date_gmt":"2025-07-30T14:47:15","guid":{"rendered":"https:\/\/www.europesays.com\/fr\/284519\/"},"modified":"2025-07-30T14:47:15","modified_gmt":"2025-07-30T14:47:15","slug":"rue-leon-marlot-un-projet-pour-apaiser-le-quartier","status":"publish","type":"post","link":"https:\/\/www.europesays.com\/fr\/284519\/","title":{"rendered":"Rue L\u00e9on Marlot : un projet pour apaiser le quartier"},"content":{"rendered":"<p class=\"introduction\">Stationnement repens\u00e9, circulation ralentie : l\u2019am\u00e9nagement de la rue L\u00e9on Marlot et de ses voisines va entrer dans sa phase d\u00e9cisive. Fruit de plusieurs mois de concertation entre habitants, \u00e9lus et techniciens, le projet vise \u00e0 s\u00e9curiser les abords de l\u2019\u00e9cole Jules Guesde tout en redonnant une place plus juste aux pi\u00e9tons et aux cyclistes.<\/p>\n<p>Le projet d\u2019am\u00e9nagement de la <strong>rue L\u00e9on\u202fMarlot<\/strong> s\u2019inscrit dans le <strong>Plan d\u2019investissement de la M\u00e9tropole pour 2024<\/strong>, en collaboration \u00e9troite entre la Ville de Roubaix et la M\u00e9tropole europ\u00e9enne de Lille. L\u2019objectif principal : <strong>s\u00e9curiser les d\u00e9placements des pi\u00e9tons<\/strong>, en particulier aux abords de l\u2019\u00e9cole Jules\u202fGuesde, tout en <strong>ralentissant<\/strong> les flux des v\u00e9hicules automobiles aux croisements souvent accidentog\u00e8nes, notamment avec la rue Henri Sellier et la rue du Chemin Neuf.<\/p>\n<p>Les <strong>premi\u00e8res r\u00e9unions de concertation (avril 2024) <\/strong>avaient mise en lumi\u00e8re la <strong>vitesse excessive<\/strong> des v\u00e9hicules et les comportements inciviques aux abords de l\u2019\u00e9cole. Globalement les probl\u00e9matiques de stationnement avaient amen\u00e9 \u00e0 repenser <strong>les suppressions de places<\/strong> et \u00e0 proposer<strong> des solutions concr\u00e8tes\u00a0:<\/strong><\/p>\n<ul>\n<li>Cr\u00e9ation de <strong>deux plateaux<\/strong> ralentisseurs et restructuration du carrefour avec le chemin Neuf, r\u00e9duisant la vitesse sans sacrifier le stationnement.<\/li>\n<li><strong>V\u00e9g\u00e9talisation<\/strong> pr\u00e9vue pour apaiser visuellement le quartier avec des arbustes, des arbres replant\u00e9s, des zones v\u00e9g\u00e9talis\u00e9es.<\/li>\n<li>Projet de <strong>rue scolaire<\/strong> sur la rue Henri Sellier ou<strong> passage en sens unique<\/strong> vers la rue Jean Mac\u00e9<\/li>\n<\/ul>\n<p>La consultation aupr\u00e8s des riverains avaient permis de laisser la <strong>rue du Chemin Neuf \u00e0 double sens<\/strong>, tout en la dotant d\u2019une <strong>\u00e9cluse apaisante<\/strong> et de places nouvelles. Des <strong>contr\u00f4les policiers<\/strong> r\u00e9guliers seront mis en place pour lutter contre le non-respect de la vitesse et du stationnement g\u00eanant.<\/p>\n<p>La r\u00e9union de mois de juin dernier a permis de pr\u00e9senter deux versions du projet : <a href=\"https:\/\/lafabrique.ville-roubaix.fr\/system\/files\/2025-06\/Version_A-2024-51-LD.pdf\" target=\"_blank\" rel=\"noopener\">version A<\/a> et <a href=\"https:\/\/lafabrique.ville-roubaix.fr\/system\/files\/2025-06\/Version_B-2024-51-LD.pdf\" target=\"_blank\" rel=\"noopener\">version B<\/a><\/p>\n<p>Les habitants ont pu pointer quelques nouveaux probl\u00e8mes qui seront pris en compte dans le futur projet, comme les livraisons de l\u2019Intermarch\u00e9 et les \u00e9ventuelles probl\u00e9matiques de man\u0153uvres de camions, ainsi que l\u2019importance de rappeler les priorit\u00e9s \u00e0 droite.<\/p>\n<p>L\u2019un des principaux soucis des riverains restent la probl\u00e9matique du stationnement aux entr\u00e9es et sorties de l\u2019\u00e9cole. Un dialogue renforc\u00e9 reste n\u00e9cessaire avec les parents d\u2019\u00e9l\u00e8ves pour parvenir \u00e0 un v\u00e9ritable changement des mentalit\u00e9s qui permettra une cohabitation apais\u00e9e des diff\u00e9rents usagers de l\u2019espace public.<\/p>\n<p>Une consultation des riverains pour valider le projet d\u00e9finitif<\/p>\n<p>Une <strong>nouvelle consultation<\/strong> relative au projet d\u2019am\u00e9nagement de la rue L\u00e9on Marlot s\u2019est d\u00e9roul\u00e9e <strong>du 30 juin au 5 juillet<\/strong>. Une permanence a \u00e9t\u00e9 tenue le 1\u1d49\u02b3 juillet apr\u00e8s-midi \u00e0 l\u2019angle des rues Marlot et Seillier, un porte-\u00e0-porte a eu lieu le 4 juillet apr\u00e8s-midi, aupr\u00e8s des riverains situ\u00e9s dans le p\u00e9rim\u00e8tre imm\u00e9diat du projet (moins de 50 m\u00e8tres), des r\u00e9ponses ont enfin \u00e9t\u00e9 re\u00e7ues par mail.<\/p>\n<p>Les r\u00e9sultats de cette consultation sont les suivants :<\/p>\n<ul>\n<li>\u00e0 l\u2019\u00e9cole Jules Guesde : 110 parents d\u2019\u00e9l\u00e8ves et enseignants ont r\u00e9pondu. 78 % ont exprim\u00e9 leur pr\u00e9f\u00e9rence pour la version A.<\/li>\n<li>\u00e0 l\u2019ADEP : parmi les 15 salari\u00e9s consult\u00e9s, 73 % ont choisi la version A.<\/li>\n<li>aupr\u00e8s des riverains : nous avons rencontr\u00e9 les habitants de 16 adresses autour du projet, parmi lesquels 11 ont accept\u00e9 de donner leur avis. Certains riverains n\u2019ont pas souhait\u00e9 r\u00e9pondre, soit parce qu\u2019ils disposent d\u00e9j\u00e0 d\u2019un garage, soit parce qu\u2019aucune des deux versions ne leur convenait. 82 % des riverains ayant r\u00e9pondu ont pl\u00e9biscit\u00e9 la version A.<\/li>\n<\/ul>\n<p>Ce r\u00e9sultat est coh\u00e9rent avec la p\u00e9tition sign\u00e9e par une soixantaine d\u2019habitants du quartier (dans un rayon de 300 m\u00e8tres autour de l\u2019\u00e9cole), qui demandaient \u00e0 ce que le nombre de places de stationnement soit r\u00e9duit au minimum dans le secteur.<\/p>\n<p><strong>A l\u2019issue de cette consultation, la version A du projet, telle que pr\u00e9sent\u00e9e lors de la r\u00e9union publique du 17 juin, a \u00e9t\u00e9 retenue.<\/strong><\/p>\n","protected":false},"excerpt":{"rendered":"Stationnement repens\u00e9, circulation ralentie : l\u2019am\u00e9nagement de la rue L\u00e9on Marlot et de ses voisines va entrer dans&hellip;\n","protected":false},"author":2,"featured_media":284520,"comment_status":"","ping_status":"","sticky":false,"template":"","format":"standard","meta":{"footnotes":""},"categories":[2815],"tags":[1111,11,9857,1777,674,1011,27,811,1307,12,25,2086],"class_list":{"0":"post-284519","1":"post","2":"type-post","3":"status-publish","4":"format-standard","5":"has-post-thumbnail","7":"category-lille","8":"tag-actu","9":"tag-actualites","10":"tag-amenagement","11":"tag-eu","12":"tag-europe","13":"tag-fr","14":"tag-france","15":"tag-hauts-de-france","16":"tag-lille","17":"tag-news","18":"tag-republique-francaise","19":"tag-travaux"},"share_on_mastodon":{"url":"https:\/\/pubeurope.com\/@fr\/114942734794649684","error":""},"_links":{"self":[{"href":"https:\/\/www.europesays.com\/fr\/wp-json\/wp\/v2\/posts\/284519","targetHints":{"allow":["GET"]}}],"collection":[{"href":"https:\/\/www.europesays.com\/fr\/wp-json\/wp\/v2\/posts"}],"about":[{"href":"https:\/\/www.europesays.com\/fr\/wp-json\/wp\/v2\/types\/post"}],"author":[{"embeddable":true,"href":"https:\/\/www.europesays.com\/fr\/wp-json\/wp\/v2\/users\/2"}],"replies":[{"embeddable":true,"href":"https:\/\/www.europesays.com\/fr\/wp-json\/wp\/v2\/comments?post=284519"}],"version-history":[{"count":0,"href":"https:\/\/www.europesays.com\/fr\/wp-json\/wp\/v2\/posts\/284519\/revisions"}],"wp:featuredmedia":[{"embeddable":true,"href":"https:\/\/www.europesays.com\/fr\/wp-json\/wp\/v2\/media\/284520"}],"wp:attachment":[{"href":"https:\/\/www.europesays.com\/fr\/wp-json\/wp\/v2\/media?parent=284519"}],"wp:term":[{"taxonomy":"category","embeddable":true,"href":"https:\/\/www.europesays.com\/fr\/wp-json\/wp\/v2\/categories?post=284519"},{"taxonomy":"post_tag","embeddable":true,"href":"https:\/\/www.europesays.com\/fr\/wp-json\/wp\/v2\/tags?post=284519"}],"curies":[{"name":"wp","href":"https:\/\/api.w.org\/{rel}","templated":true}]}}