{"id":284531,"date":"2025-07-30T14:53:12","date_gmt":"2025-07-30T14:53:12","guid":{"rendered":"https:\/\/www.europesays.com\/fr\/284531\/"},"modified":"2025-07-30T14:53:12","modified_gmt":"2025-07-30T14:53:12","slug":"secheresse-a-paris-et-en-ile-de-france-plusieurs-departements-en-etat-de-vigilance","status":"publish","type":"post","link":"https:\/\/www.europesays.com\/fr\/284531\/","title":{"rendered":"S\u00e9cheresse\u00a0\u00e0 Paris et en \u00cele-de-France : plusieurs d\u00e9partements en \u00e9tat de vigilance"},"content":{"rendered":"<p class=\"paragraph text_align_left lp-f-body-02\">La pr\u00e9fecture d\u2019\u00cele-de-France a plac\u00e9 Paris, les Hauts-de-Seine, la Seine-Saint-Denis et le Val-de-Marne en \u00e9tat de <a href=\"https:\/\/www.leparisien.fr\/environnement\/climat\/secheresse-des-records-pour-un-debut-juillet-en-europe-et-sur-le-pourtour-mediterraneen-30-07-2025-2XY3HL7APBEDJBTBNZMSQLS26A.php\" target=\"_blank\" rel=\"noreferrer nofollow noopener\">vigilance s\u00e9cheresse<\/a> ce mercredi 30 juillet, en raison d\u2019une situation hydrom\u00e9t\u00e9orologique \u00ab pr\u00e9occupante \u00bb.<\/p>\n<p class=\"paragraph text_align_left lp-f-body-02\">La pr\u00e9fecture fait \u00e9tat, \u00ab \u00e0 Paris et dans les d\u00e9partements limitrophes \u00bb, d\u2019un \u00ab d\u00e9ficit de pluie de presque 80 % au mois de juin, des sols anormalement secs et des \u00e9pisodes orageux violents avec de l\u2019eau qui ne s\u2019infiltre pas \u00bb. <\/p>\n<p class=\"paragraph text_align_left lp-f-body-02\">Les temp\u00e9ratures r\u00e9centes, \u00ab le temps extr\u00eamement chaud et sec de ces derni\u00e8res semaines, a entra\u00een\u00e9 une importante baisse du niveau des cours d\u2019eau \u00bb, poursuit-elle. Les d\u00e9bits de la Marne et de la Seine sont descendus en dessous de leur seuil de vigilance.<\/p>\n<p class=\"paragraph text_align_left lp-f-body-02\">En cons\u00e9quence, chaque pr\u00e9fet a pris un arr\u00eat\u00e9, d\u00e9finissant les mesures de sensibilisation et de surveillance mises en place d\u00e8s \u00e0 pr\u00e9sent. \u00ab Cet arr\u00eat\u00e9 appelle les usagers \u00e0 avoir une consommation d\u2019eau sobre et raisonn\u00e9e \u00bb, indique le communiqu\u00e9 de la pr\u00e9fecture d\u2019\u00cele-de-France.<\/p>\n<p>Un appel \u00e0 l\u2019\u00e9conomie<\/p>\n<p class=\"paragraph text_align_left lp-f-body-02\">Le dispositif de gestion de la s\u00e9cheresse comprend 4 niveaux &#8211; vigilance, alerte, alerte renforc\u00e9e, crise &#8211; et \u00ab permet de limiter les impacts sur les milieux naturels et de maintenir les usages prioritaires (approvisionnement en eau potable) m\u00eame en p\u00e9riode d\u2019\u00e9tiages s\u00e9v\u00e8res \u00bb.<\/p>\n<p class=\"paragraph text_align_left lp-f-body-02\">Pour le moment, le passage en vigilance n\u2019entra\u00eene pas de restrictions pour les particuliers. La pr\u00e9fecture rappelle tout de m\u00eame les \u00ab bons gestes \u00e0 adopter toute l\u2019ann\u00e9e \u00bb : \u00ab \u00e9viter de laisser couler l\u2019eau \u00bb, \u00ab utiliser les appareils de lavage \u00e0 plein \u00bb, \u00ab limiter l\u2019arrosage des jardins \u00bb, \u00ab installer des \u00e9quipements \u00e9conomes en eau \u00bb, liste la pr\u00e9fecture francilienne.<\/p>\n<p class=\"paragraph text_align_left lp-f-body-02\">Des mesures sont \u00e9galement pr\u00e9conis\u00e9es pour les collectivit\u00e9s, les industriels et les agriculteurs<b> <\/b>comme \u00ab optimiser l\u2019arrosage des espaces verts et le nettoyage des voiries \u00bb, \u00ab distribuer des kits hydro-\u00e9conomes dans les foyers \u00bb, \u00ab recycler certaines eaux de nettoyage \u00bb, ou encore \u00ab mettre en place des tours d\u2019eau pour l\u2019irrigation \u00bb et \u00ab utiliser un mat\u00e9riel d\u2019irrigation hydro-\u00e9conome \u00bb.<\/p>\n<p>Un bulletin accessible en ligne<\/p>\n<p class=\"paragraph text_align_left lp-f-body-02\">La pr\u00e9fecture invite \u00e0 consulter le bulletin de suivi d\u2019\u00e9tiage publi\u00e9 tous les mardis sur le site de la DRIEAT, ainsi que le site VigiEau pour conna\u00eetre les \u00e9ventuelles restrictions d\u2019usages de l\u2019eau en place sur l\u2019ensemble du territoire. Elle insiste sur la n\u00e9cessit\u00e9 d\u2019une \u00ab gestion solide et concert\u00e9e de la ressource en eau par tous les acteurs \u00bb. <\/p>\n<p class=\"paragraph text_align_left lp-f-body-02\">\u00ab La sobri\u00e9t\u00e9, en tant que levier principal pour r\u00e9duire notre consommation en eau, est le r\u00e9sultat d\u2019efforts collectifs \u00bb, fait-elle valoir. Toujours d\u2019apr\u00e8s son communiqu\u00e9, \u00ab selon les tendances saisonni\u00e8res de M\u00e9t\u00e9o France, cette situation devrait perdurer sur les prochains mois \u00bb.<\/p>\n","protected":false},"excerpt":{"rendered":"La pr\u00e9fecture d\u2019\u00cele-de-France a plac\u00e9 Paris, les Hauts-de-Seine, la Seine-Saint-Denis et le Val-de-Marne en \u00e9tat de vigilance s\u00e9cheresse&hellip;\n","protected":false},"author":2,"featured_media":284532,"comment_status":"","ping_status":"","sticky":false,"template":"","format":"standard","meta":{"footnotes":""},"categories":[1592],"tags":[1111,11,1777,674,1011,27,662,1944,12,626,25],"class_list":{"0":"post-284531","1":"post","2":"type-post","3":"status-publish","4":"format-standard","5":"has-post-thumbnail","7":"category-ile-de-france","8":"tag-actu","9":"tag-actualites","10":"tag-eu","11":"tag-europe","12":"tag-fr","13":"tag-france","14":"tag-ile-de-france","15":"tag-ma-ville","16":"tag-news","17":"tag-paris","18":"tag-republique-francaise"},"share_on_mastodon":{"url":"https:\/\/pubeurope.com\/@fr\/114942758363477140","error":""},"_links":{"self":[{"href":"https:\/\/www.europesays.com\/fr\/wp-json\/wp\/v2\/posts\/284531","targetHints":{"allow":["GET"]}}],"collection":[{"href":"https:\/\/www.europesays.com\/fr\/wp-json\/wp\/v2\/posts"}],"about":[{"href":"https:\/\/www.europesays.com\/fr\/wp-json\/wp\/v2\/types\/post"}],"author":[{"embeddable":true,"href":"https:\/\/www.europesays.com\/fr\/wp-json\/wp\/v2\/users\/2"}],"replies":[{"embeddable":true,"href":"https:\/\/www.europesays.com\/fr\/wp-json\/wp\/v2\/comments?post=284531"}],"version-history":[{"count":0,"href":"https:\/\/www.europesays.com\/fr\/wp-json\/wp\/v2\/posts\/284531\/revisions"}],"wp:featuredmedia":[{"embeddable":true,"href":"https:\/\/www.europesays.com\/fr\/wp-json\/wp\/v2\/media\/284532"}],"wp:attachment":[{"href":"https:\/\/www.europesays.com\/fr\/wp-json\/wp\/v2\/media?parent=284531"}],"wp:term":[{"taxonomy":"category","embeddable":true,"href":"https:\/\/www.europesays.com\/fr\/wp-json\/wp\/v2\/categories?post=284531"},{"taxonomy":"post_tag","embeddable":true,"href":"https:\/\/www.europesays.com\/fr\/wp-json\/wp\/v2\/tags?post=284531"}],"curies":[{"name":"wp","href":"https:\/\/api.w.org\/{rel}","templated":true}]}}