{"id":284556,"date":"2025-07-30T15:07:13","date_gmt":"2025-07-30T15:07:13","guid":{"rendered":"https:\/\/www.europesays.com\/fr\/284556\/"},"modified":"2025-07-30T15:07:13","modified_gmt":"2025-07-30T15:07:13","slug":"pour-le-ministre-charge-du-commerce-exterieur-il-est-faux-de-dire-que-le-royaume-uni-a-un-meilleur-accord-que-lunion-europeenne","status":"publish","type":"post","link":"https:\/\/www.europesays.com\/fr\/284556\/","title":{"rendered":"pour le ministre charg\u00e9 du Commerce ext\u00e9rieur, \u00ab\u00a0il est faux de dire que le Royaume-Uni a un meilleur accord que l&rsquo;Union europ\u00e9enne\u00a0\u00bb"},"content":{"rendered":"<p>Droits de douane de 15% pour l&rsquo;UE: pour le ministre charg\u00e9 du Commerce ext\u00e9rieur, \u00ab\u00a0il est faux de dire que le Royaume-Uni a un meilleur accord que l&rsquo;Union europ\u00e9enne\u00a0\u00bbSur le m\u00eame sujet<a href=\"https:\/\/www.bfmtv.com\/politique\/video-droits-de-douane-de-15-pour-l-ue-pour-le-ministre-charge-du-commerce-exterieur-il-est-faux-de-dire-que-le-royaume-uni-a-un-meilleur-accord-que-l-union-europeenne_VN-202507300389.html\" title=\"Droits de douane de 15% pour l&#039;UE: pour le ministre charg\u00e9 du Commerce ext\u00e9rieur, &quot;il est faux de dire que le Royaume-Uni a un meilleur accord que l&#039;Union europ\u00e9enne&quot;\" rel=\"nofollow noopener\" target=\"_blank\"><img width=\"16\" height=\"9\" class=\"lozad\"  alt=\"Droits de douane de 15% pour l'UE: pour le ministre charg\u00e9 du Commerce ext\u00e9rieur, &quot;il est faux de dire que le Royaume-Uni a un meilleur accord que l'Union europ\u00e9enne&quot;\"\/>en lectureDroits de douane de 15% pour l&rsquo;UE: pour le ministre charg\u00e9 du Commerce ext\u00e9rieur, \u00ab\u00a0il est faux de dire que le Royaume-Uni a un meilleur accord que l&rsquo;Union europ\u00e9enne\u00a0\u00bb<\/a><a href=\"https:\/\/www.bfmtv.com\/politique\/video-droits-de-douane-de-15-pour-l-ue-pour-eric-lombard-ministre-de-l-economie-c-est-un-soulagement-d-avoir-evite-une-escalade-commerciale-avec-les-etats-unis_VN-202507300387.html\" title=\"Droits de douane de 15% pour l&#039;UE: pour \u00c9ric Lombard, ministre de l&#039;\u00c9conomie, &quot;c&#039;est un soulagement d&#039;avoir \u00e9vit\u00e9 une escalade commerciale&quot; avec les \u00c9tats-Unis \" rel=\"nofollow noopener\" target=\"_blank\"><img width=\"16\" height=\"9\" class=\"lozad\"  alt=\"Droits de douane de 15% pour l'UE: pour \u00c9ric Lombard, ministre de l'\u00c9conomie, &quot;c'est un soulagement d'avoir \u00e9vit\u00e9 une escalade commerciale&quot; avec les \u00c9tats-Unis \"\/>1:19Droits de douane de 15% pour l&rsquo;UE: pour \u00c9ric Lombard, ministre de l&rsquo;\u00c9conomie, \u00ab\u00a0c&rsquo;est un soulagement d&rsquo;avoir \u00e9vit\u00e9 une escalade commerciale\u00a0\u00bb avec les \u00c9tats-Unis<\/a><a href=\"https:\/\/www.bfmtv.com\/politique\/video-pour-annie-genevard-ministre-de-l-agriculture-on-a-evite-l-escalade-sur-le-sujet-des-droits-de-douane-avec-les-etats-unis_VN-202507300381.html\" title=\"Pour Annie Genevard, ministre de l&#039;Agriculture, &quot;on a \u00e9vit\u00e9 l&#039;escalade&quot; sur le sujet des droits de douane avec les \u00c9tats-Unis\" rel=\"nofollow noopener\" target=\"_blank\"><img width=\"16\" height=\"9\" class=\"lozad\"  alt=\"Pour Annie Genevard, ministre de l'Agriculture, &quot;on a \u00e9vit\u00e9 l'escalade&quot; sur le sujet des droits de douane avec les \u00c9tats-Unis\"\/>0:45Pour Annie Genevard, ministre de l&rsquo;Agriculture, \u00ab\u00a0on a \u00e9vit\u00e9 l&rsquo;escalade\u00a0\u00bb sur le sujet des droits de douane avec les \u00c9tats-Unis<\/a><a href=\"https:\/\/www.bfmtv.com\/politique\/video-droits-de-douane-de-15-pour-l-ue-tout-est-encore-ouvert-a-la-negociation-indique-annie-genevard-ministre-de-l-agriculture_VN-202507300379.html\" title=\"Droits de douane de 15% pour l&#039;UE: &quot;Tout est encore ouvert \u00e0 la n\u00e9gociation&quot;, indique Annie Genevard, ministre de l\u2019Agriculture \" rel=\"nofollow noopener\" target=\"_blank\"><img width=\"16\" height=\"9\" class=\"lozad\"  alt=\"Droits de douane de 15% pour l'UE: &quot;Tout est encore ouvert \u00e0 la n\u00e9gociation&quot;, indique Annie Genevard, ministre de l\u2019Agriculture \"\/>0:37Droits de douane de 15% pour l&rsquo;UE: \u00ab\u00a0Tout est encore ouvert \u00e0 la n\u00e9gociation\u00a0\u00bb, indique Annie Genevard, ministre de l\u2019Agriculture<\/a><a href=\"https:\/\/www.bfmtv.com\/politique\/video-droits-de-douane-de-15-pour-l-ue-c-est-un-accord-desequilibre-indique-annie-genevard-ministre-de-l-agriculture_VN-202507300377.html\" title=\"Droits de douane de 15% pour l&#039;UE: &quot;C&#039;est un accord d\u00e9s\u00e9quilibr\u00e9&quot;, indique Annie Genevard, ministre de l&#039;Agriculture\" rel=\"nofollow noopener\" target=\"_blank\"><img width=\"16\" height=\"9\" class=\"lozad\"  alt=\"Droits de douane de 15% pour l'UE: &quot;C'est un accord d\u00e9s\u00e9quilibr\u00e9&quot;, indique Annie Genevard, ministre de l'Agriculture\"\/>1:34Droits de douane de 15% pour l&rsquo;UE: \u00ab\u00a0C&rsquo;est un accord d\u00e9s\u00e9quilibr\u00e9\u00a0\u00bb, indique Annie Genevard, ministre de l&rsquo;Agriculture<\/a><a href=\"https:\/\/www.bfmtv.com\/politique\/video-droits-de-douane-de-15-pour-l-ue-annie-genevard-ministre-de-l-agriculture-espere-que-ce-montant-restera-un-plafond-et-que-ca-n-ira-pas-au-dela_VN-202507300374.html\" title=\"Droits de douane de 15% pour l&#039;UE: Annie Genevard, ministre de l&#039;Agriculture, esp\u00e8re que ce montant &quot;restera un plafond et que \u00e7a n&#039;ira pas au-del\u00e0&quot; \" rel=\"nofollow noopener\" target=\"_blank\"><img width=\"16\" height=\"9\" class=\"lozad\"  alt=\"Droits de douane de 15% pour l'UE: Annie Genevard, ministre de l'Agriculture, esp\u00e8re que ce montant &quot;restera un plafond et que \u00e7a n'ira pas au-del\u00e0&quot; \"\/>0:49Droits de douane de 15% pour l&rsquo;UE: Annie Genevard, ministre de l&rsquo;Agriculture, esp\u00e8re que ce montant \u00ab\u00a0restera un plafond et que \u00e7a n&rsquo;ira pas au-del\u00e0\u00a0\u00bb<\/a><a href=\"https:\/\/www.bfmtv.com\/politique\/video-droits-de-douane-le-niveau-d-inquietude-est-maximale-alerte-annie-genevard-ministre-de-l-agriculture-et-de-la-souverainete-alimentaire_VN-202507300373.html\" title=\"Droits de douane: &quot;Le niveau d&#039;inqui\u00e9tude est maximal&quot;, alerte Annie Genevard, ministre de l\u2019Agriculture et de la Souverainet\u00e9 alimentaire\" rel=\"nofollow noopener\" target=\"_blank\"><img width=\"16\" height=\"9\" class=\"lozad\"  alt=\"Droits de douane: &quot;Le niveau d'inqui\u00e9tude est maximal&quot;, alerte Annie Genevard, ministre de l\u2019Agriculture et de la Souverainet\u00e9 alimentaire\"\/>1:17Droits de douane: \u00ab\u00a0Le niveau d&rsquo;inqui\u00e9tude est maximal\u00a0\u00bb, alerte Annie Genevard, ministre de l\u2019Agriculture et de la Souverainet\u00e9 alimentaire<\/a><a href=\"https:\/\/www.bfmtv.com\/politique\/gouvernement\/video-statut-de-la-corse-le-conseil-d-etat-repris-par-francois-rebsamen-indique-que-la-consecration-de-cette-autonomie-ne-heurte-aucun-des-grands-principes-qui-fondent-la-republique_VN-202507300365.html\" title=\"Statut de la Corse: le Conseil d&#039;\u00c9tat, repris par Fran\u00e7ois Rebsamen, indique que &quot;la cons\u00e9cration de cette autonomie ne heurte aucun des grands principes qui fondent la R\u00e9publique&quot;\" rel=\"nofollow noopener\" target=\"_blank\"><img width=\"16\" height=\"9\" class=\"lozad\"  alt=\"Statut de la Corse: le Conseil d'\u00c9tat, repris par Fran\u00e7ois Rebsamen, indique que &quot;la cons\u00e9cration de cette autonomie ne heurte aucun des grands principes qui fondent la R\u00e9publique&quot;\"\/>0:55Statut de la Corse: le Conseil d&rsquo;\u00c9tat, repris par Fran\u00e7ois Rebsamen, indique que \u00ab\u00a0la cons\u00e9cration de cette autonomie ne heurte aucun des grands principes qui fondent la R\u00e9publique\u00a0\u00bb<\/a><a href=\"https:\/\/www.bfmtv.com\/politique\/gouvernement\/video-statut-de-la-corse-il-s-agit-de-reconnaitre-une-specificite-dans-le-cadre-du-droit-commun-assure-francois-rebsamen-ministre-de-l-amenagement-du-territoire_VN-202507300362.html\" title=\"Statut de la Corse: &quot;Il s&#039;agit de reconnaitre une sp\u00e9cificit\u00e9 dans le cadre du droit commun&quot;, assure Fran\u00e7ois Rebsamen, ministre de l&#039;Am\u00e9nagement du territoire\" rel=\"nofollow noopener\" target=\"_blank\"><img width=\"16\" height=\"9\" class=\"lozad\"  alt=\"Statut de la Corse: &quot;Il s'agit de reconnaitre une sp\u00e9cificit\u00e9 dans le cadre du droit commun&quot;, assure Fran\u00e7ois Rebsamen, ministre de l'Am\u00e9nagement du territoire\"\/>1:02Statut de la Corse: \u00ab\u00a0Il s&rsquo;agit de reconnaitre une sp\u00e9cificit\u00e9 dans le cadre du droit commun\u00a0\u00bb, assure Fran\u00e7ois Rebsamen, ministre de l&rsquo;Am\u00e9nagement du territoire<\/a><a href=\"https:\/\/www.bfmtv.com\/politique\/video-nous-n-en-resterons-pas-la-emmanuel-macron-sort-du-silence-en-conseil-des-ministres-sur-l-accord-ue-etats-unis_VN-202507300319.html\" title=\"&quot;Nous n&#039;en resterons pas l\u00e0&quot;: Emmanuel Macron sort du silence en Conseil des ministres sur l&#039;accord UE-\u00c9tats-Unis\" rel=\"nofollow noopener\" target=\"_blank\"><img width=\"16\" height=\"9\" class=\"lozad\"  alt=\"&quot;Nous n'en resterons pas l\u00e0&quot;: Emmanuel Macron sort du silence en Conseil des ministres sur l'accord UE-\u00c9tats-Unis\"\/>2:47&Prime;Nous n&rsquo;en resterons pas l\u00e0\u00a0\u00bb: Emmanuel Macron sort du silence en Conseil des ministres sur l&rsquo;accord UE-\u00c9tats-Unis<\/a><a href=\"https:\/\/www.bfmtv.com\/politique\/video-droits-de-douane-nous-ne-connaissons-pas-les-termes-exactes-de-l-accord-affirme-sophie-primas-porte-parole-du-gouvernement_VN-202507300316.html\" title=\"Droits de douane: &quot;Nous ne connaissons pas les termes exactes de l&#039;accord&quot;, affirme Sophie Primas, porte-parole du gouvernement\" rel=\"nofollow noopener\" target=\"_blank\"><img width=\"16\" height=\"9\" class=\"lozad\"  alt=\"Droits de douane: &quot;Nous ne connaissons pas les termes exactes de l'accord&quot;, affirme Sophie Primas, porte-parole du gouvernement\"\/>1:48Droits de douane: \u00ab\u00a0Nous ne connaissons pas les termes exactes de l&rsquo;accord\u00a0\u00bb, affirme Sophie Primas, porte-parole du gouvernement<\/a><a href=\"https:\/\/www.bfmtv.com\/politique\/video-alerte-au-tsunami-les-forces-armees-en-polynesie-francaise-mises-en-alerte-a-titre-preventif-pour-pouvoir-assister-les-habitants-et-les-services-de-l-etat_VN-202507300248.html\" title=\"Alerte au tsunami: les forces arm\u00e9es en Polyn\u00e9sie fran\u00e7aise &quot;mises en alerte \u00e0 titre pr\u00e9ventif&quot; pour pouvoir assister les habitants et les services de l&#039;\u00c9tat\" rel=\"nofollow noopener\" target=\"_blank\"><img width=\"16\" height=\"9\" class=\"lozad\"  alt=\"Alerte au tsunami: les forces arm\u00e9es en Polyn\u00e9sie fran\u00e7aise &quot;mises en alerte \u00e0 titre pr\u00e9ventif&quot; pour pouvoir assister les habitants et les services de l'\u00c9tat\"\/>0:28Alerte au tsunami: les forces arm\u00e9es en Polyn\u00e9sie fran\u00e7aise \u00ab\u00a0mises en alerte \u00e0 titre pr\u00e9ventif\u00a0\u00bb pour pouvoir assister les habitants et les services de l&rsquo;\u00c9tat<\/a><a href=\"https:\/\/www.bfmtv.com\/economie\/video-droits-de-douane-nos-adherents-ne-sont-pas-du-tout-rassures-explique-gilles-attaf-president-de-la-certification-origine-france-garantie_VN-202507300249.html\" title=\"Droits de douane: &quot;Nos adh\u00e9rents ne sont pas du tout rassur\u00e9s&quot;, explique Gilles Attaf, pr\u00e9sident de la certification Origine France Garantie\" rel=\"nofollow noopener\" target=\"_blank\"><img width=\"16\" height=\"9\" class=\"lozad\"  alt=\"Droits de douane: &quot;Nos adh\u00e9rents ne sont pas du tout rassur\u00e9s&quot;, explique Gilles Attaf, pr\u00e9sident de la certification Origine France Garantie\"\/>1:06Droits de douane: \u00ab\u00a0Nos adh\u00e9rents ne sont pas du tout rassur\u00e9s\u00a0\u00bb, explique Gilles Attaf, pr\u00e9sident de la certification Origine France Garantie<\/a><a href=\"https:\/\/www.bfmtv.com\/politique\/video-je-ne-vous-serre-pas-la-main-echange-tendu-entre-gerald-darmanin-et-des-avocats_VN-202507300238.html\" title=\"&quot;Je ne vous serre pas la main&quot;: \u00c9change tendu entre G\u00e9rald Darmanin et des avocats\" rel=\"nofollow noopener\" target=\"_blank\"><img width=\"16\" height=\"9\" class=\"lozad\"  alt=\"&quot;Je ne vous serre pas la main&quot;: \u00c9change tendu entre G\u00e9rald Darmanin et des avocats\"\/>1:33&Prime;Je ne vous serre pas la main\u00a0\u00bb: \u00c9change tendu entre G\u00e9rald Darmanin et des avocats<\/a><a class=\"jumpToVideo\" target=\"_blank\"><img class=\"thumbnailPreview\"\/><\/a><\/p>\n","protected":false},"excerpt":{"rendered":"Droits de douane de 15% pour l&rsquo;UE: pour le ministre charg\u00e9 du Commerce ext\u00e9rieur, \u00ab\u00a0il est faux de&hellip;\n","protected":false},"author":2,"featured_media":284557,"comment_status":"","ping_status":"","sticky":false,"template":"","format":"standard","meta":{"footnotes":""},"categories":[1586],"tags":[11,1777,674,1779,1011,27,12,25,1778,364],"class_list":{"0":"post-284556","1":"post","2":"type-post","3":"status-publish","4":"format-standard","5":"has-post-thumbnail","7":"category-europe","8":"tag-actualites","9":"tag-eu","10":"tag-europe","11":"tag-european-union","12":"tag-fr","13":"tag-france","14":"tag-news","15":"tag-republique-francaise","16":"tag-ue","17":"tag-union-europeenne"},"share_on_mastodon":{"url":"https:\/\/pubeurope.com\/@fr\/114942813439286894","error":""},"_links":{"self":[{"href":"https:\/\/www.europesays.com\/fr\/wp-json\/wp\/v2\/posts\/284556","targetHints":{"allow":["GET"]}}],"collection":[{"href":"https:\/\/www.europesays.com\/fr\/wp-json\/wp\/v2\/posts"}],"about":[{"href":"https:\/\/www.europesays.com\/fr\/wp-json\/wp\/v2\/types\/post"}],"author":[{"embeddable":true,"href":"https:\/\/www.europesays.com\/fr\/wp-json\/wp\/v2\/users\/2"}],"replies":[{"embeddable":true,"href":"https:\/\/www.europesays.com\/fr\/wp-json\/wp\/v2\/comments?post=284556"}],"version-history":[{"count":0,"href":"https:\/\/www.europesays.com\/fr\/wp-json\/wp\/v2\/posts\/284556\/revisions"}],"wp:featuredmedia":[{"embeddable":true,"href":"https:\/\/www.europesays.com\/fr\/wp-json\/wp\/v2\/media\/284557"}],"wp:attachment":[{"href":"https:\/\/www.europesays.com\/fr\/wp-json\/wp\/v2\/media?parent=284556"}],"wp:term":[{"taxonomy":"category","embeddable":true,"href":"https:\/\/www.europesays.com\/fr\/wp-json\/wp\/v2\/categories?post=284556"},{"taxonomy":"post_tag","embeddable":true,"href":"https:\/\/www.europesays.com\/fr\/wp-json\/wp\/v2\/tags?post=284556"}],"curies":[{"name":"wp","href":"https:\/\/api.w.org\/{rel}","templated":true}]}}