{"id":284566,"date":"2025-07-30T15:14:11","date_gmt":"2025-07-30T15:14:11","guid":{"rendered":"https:\/\/www.europesays.com\/fr\/284566\/"},"modified":"2025-07-30T15:14:11","modified_gmt":"2025-07-30T15:14:11","slug":"insolite-un-ancien-numero-un-mondial-change-totalement-dapparence","status":"publish","type":"post","link":"https:\/\/www.europesays.com\/fr\/284566\/","title":{"rendered":"Insolite > Un ancien num\u00e9ro un mondial change totalement d&rsquo;apparence !"},"content":{"rendered":"<p>Marcelo R\u00edos occupe une place parti\u00adcu\u00adli\u00e8re dans l\u2019his\u00adtoire du tennis\u00a0: il reste \u00e0 ce jour le seul joueur \u00e0 avoir \u00e9t\u00e9 num\u00e9ro un mondial sans jamais remporter de titre du Grand Chelem, malgr\u00e9 une finale \u00e0 l\u2019Open d\u2019Australie en\u00a01998.<\/p>\n<p>Le Chilien, autre\u00adfois connu pour son jeu de fond de court et sa silhouette fine, a radi\u00adca\u00adle\u00adment chang\u00e9 d\u2019apparence, comme le rapportent nos confr\u00e8res argen\u00adtins du maga\u00adzine\u00a0Clay\u00a0sur Twitter.<\/p>\n<blockquote class=\"twitter-tweet\" data-width=\"550\" data-dnt=\"true\">\n<p lang=\"es\" dir=\"ltr\">Con este cuerpo, \u00bfganaba Marcelo R\u00edos una final de Grand Slam? <a href=\"https:\/\/t.co\/9qmCb8rygX\" rel=\"nofollow\">pic.twitter.com\/9qmCb8rygX<\/a><\/p>\n<p>&mdash; Clay (@_claymagazine) <a href=\"https:\/\/twitter.com\/_claymagazine\/status\/1950395903405076676?ref_src=twsrc%5Etfw\" rel=\"nofollow noopener\" target=\"_blank\">July 30, 2025<\/a><\/p><\/blockquote>\n<p><script async src=\"https:\/\/platform.twitter.com\/widgets.js\" charset=\"utf-8\"><\/script>\n<\/p>\n<p>D\u00e9sormais \u00e0 la retraite, il s\u2019est consacr\u00e9 \u00e0 la muscu\u00adla\u00adtion et affiche une trans\u00adfor\u00adma\u00adtion impres\u00adsion\u00adnante. Les photos publi\u00e9es depuis son yacht t\u00e9moignent d\u2019un physique massif, bien loin de celui de ses ann\u00e9es sur le circuit.<\/p>\n<p class=\"post-published-date\" style=\"color: silver; font-size: 75%; text-align: left;\">Publi\u00e9 le mercredi 30 juillet 2025 \u00e0 16:10<\/p>\n<p><script async src=\"https:\/\/platform.twitter.com\/widgets.js\" charset=\"utf-8\"><\/script><\/p>\n","protected":false},"excerpt":{"rendered":"Marcelo R\u00edos occupe une place parti\u00adcu\u00adli\u00e8re dans l\u2019his\u00adtoire du tennis\u00a0: il reste \u00e0 ce jour le seul joueur&hellip;\n","protected":false},"author":2,"featured_media":284567,"comment_status":"","ping_status":"","sticky":false,"template":"","format":"standard","meta":{"footnotes":""},"categories":[1415],"tags":[1011,27,60,1467],"class_list":{"0":"post-284566","1":"post","2":"type-post","3":"status-publish","4":"format-standard","5":"has-post-thumbnail","7":"category-tennis","8":"tag-fr","9":"tag-france","10":"tag-sports","11":"tag-tennis"},"share_on_mastodon":{"url":"https:\/\/pubeurope.com\/@fr\/114942840906499962","error":""},"_links":{"self":[{"href":"https:\/\/www.europesays.com\/fr\/wp-json\/wp\/v2\/posts\/284566","targetHints":{"allow":["GET"]}}],"collection":[{"href":"https:\/\/www.europesays.com\/fr\/wp-json\/wp\/v2\/posts"}],"about":[{"href":"https:\/\/www.europesays.com\/fr\/wp-json\/wp\/v2\/types\/post"}],"author":[{"embeddable":true,"href":"https:\/\/www.europesays.com\/fr\/wp-json\/wp\/v2\/users\/2"}],"replies":[{"embeddable":true,"href":"https:\/\/www.europesays.com\/fr\/wp-json\/wp\/v2\/comments?post=284566"}],"version-history":[{"count":0,"href":"https:\/\/www.europesays.com\/fr\/wp-json\/wp\/v2\/posts\/284566\/revisions"}],"wp:featuredmedia":[{"embeddable":true,"href":"https:\/\/www.europesays.com\/fr\/wp-json\/wp\/v2\/media\/284567"}],"wp:attachment":[{"href":"https:\/\/www.europesays.com\/fr\/wp-json\/wp\/v2\/media?parent=284566"}],"wp:term":[{"taxonomy":"category","embeddable":true,"href":"https:\/\/www.europesays.com\/fr\/wp-json\/wp\/v2\/categories?post=284566"},{"taxonomy":"post_tag","embeddable":true,"href":"https:\/\/www.europesays.com\/fr\/wp-json\/wp\/v2\/tags?post=284566"}],"curies":[{"name":"wp","href":"https:\/\/api.w.org\/{rel}","templated":true}]}}