{"id":284589,"date":"2025-07-30T15:27:13","date_gmt":"2025-07-30T15:27:13","guid":{"rendered":"https:\/\/www.europesays.com\/fr\/284589\/"},"modified":"2025-07-30T15:27:13","modified_gmt":"2025-07-30T15:27:13","slug":"direct-tour-de-france-femmes-premiere-grosse-explication-entre-les-favorites-avant-gueret-marianne-vos-lachee","status":"publish","type":"post","link":"https:\/\/www.europesays.com\/fr\/284589\/","title":{"rendered":"DIRECT. Tour de France femmes\u00a0: premi\u00e8re grosse explication entre les favorites avant Gu\u00e9ret, Marianne Vos l\u00e2ch\u00e9e"},"content":{"rendered":"<p>17:25<\/p>\n<p>5 km. Elles vont se jouer la victoire \u00e0 7<\/p>\n<p>Niewiadoma (Canyon\/\/SRAM), Van der Breggen (SD Worx), Pauline Ferrand-Prevot (Visma Lease a Bike), Kim Le Court (AG Insurance), Demi Vollering (FDJ-Suez), Sarah Gigante (AG Insurance) et Pauline Rooijakkers (Fenis-Deceuninck).<\/p>\n<p>17:23<\/p>\n<p>6,3 km. A l&rsquo;avant, pas de cadeaux !<\/p>\n<p>C&rsquo;est parti pour quelques kilom\u00e8tres de descente et \u00e7a s&rsquo;attaque dans tous les sens.<\/p>\n<p>17:22<\/p>\n<p>7 km. Anna Van der Breggen est bien dans le coup !<\/p>\n<p>Il faudra compter sur la N\u00e9erlandaise qui passe en t\u00eate du grimpeur devant Demi Vollering et Kim Le Court.<\/p>\n<p>17:21<\/p>\n<p>7,5 km. Vos ne revient plus !<\/p>\n<p>Elles sont 7 \u00e0 l&rsquo;avant pour se jouer les points au sommet et pourquoi pas la victoire.<\/p>\n<p>17:20<\/p>\n<p>8 km. D&rsquo;abord distanc\u00e9e, Marianne Vos tente de revenir<\/p>\n<p>Evita Muzic est de retour \u00e9galement dans la roue de la maillot jaune.<\/p>\n<p>17:19<\/p>\n<p>8,5 km. Kim Le Court en t\u00eate du sprint bonus<\/p>\n<p>La Mauricienne a pris 6 secondes de bonification, bien suivie par Pauline Ferrand-Prevot (4 secondes), Kasia Niewiadoma (2 secondes). Demi Vollering est dans e coup \u00e9galement.<\/p>\n<p>17:17<\/p>\n<p>9,5 km. Regroupement \u00e0 l&rsquo;avant<\/p>\n<p>Maeva Squiban est reprise dans la c\u00f4te par Dygert (Canyon\/\/SRAM).<\/p>\n<p>17:15<\/p>\n<p>10,8 km. Maeva Squiban relance<\/p>\n<p>La jeune fran\u00e7aise de la Team UAE ADQ reprend quelques secondes d&rsquo;avance. Surtout, elle l\u00e2che ses partenaires de contre-attaque.<\/p>\n<p>17:14<\/p>\n<p>11 km. Canyon \/\/ Sram prend les choses en main<\/p>\n<p>Soraya Paladin lance parfaitement Chlo\u00e9e Dygert et surtout la vainqueure du Tour 2024, Niewiadoma.<\/p>\n<p>17:10<\/p>\n<p>13,5 km. C&rsquo;est parti pour Le Maupuy<\/p>\n<p>Silke Smulders relance en t\u00eate de course alors que le peloton n&rsquo;est qu&rsquo;\u00e0 15 secondes.<\/p>\n<p>17:10<\/p>\n<p>14 km. Et \u00e7a repart encore !<\/p>\n<p>Juliette Labous a tent\u00e9 sa chance mais a \u00e9t\u00e9 reprise \u00e0 l&rsquo;initiative de Marianne Vos en personne.<\/p>\n<p>17:08<\/p>\n<p>16 km. Elles sont reprises par deux coureuses<\/p>\n<p>10 secondes d&rsquo;avance pour ce groupe de 5 avec la Fran\u00e7aise Dilyxine Miremont (Ceratizit Pro Cycling Team) et Shirine Van Anrooij (Lidl-Trek).<\/p>\n<p>17:07<\/p>\n<p>16,5 km. Trois coureuses en t\u00eate !<\/p>\n<p>Brodie Chapman, Maeva Squiban (m\u00eame \u00e9quipe) et Silke Smulders (Jayco AlUla) forment le groupe de t\u00eate.<\/p>\n<p>17:05<\/p>\n<p>17,5 km. Eline Jansen a tent\u00e9<\/p>\n<p>La jeune n\u00e9erlandaise, 12e du g\u00e9n\u00e9ral a tent\u00e9 sa chance. Reprise, \u00e7a contre directement avec une coureuse de l&rsquo;\u00e9quipe Uno-X Mobility.<\/p>\n<p>17:02<\/p>\n<p>19 km. Le peloton revient fort sur Chapman<\/p>\n<p>L&rsquo;Australienne, bien que pleine de bonne volont\u00e9, ne parvient plus \u00e0 distancer le peloton. 10 secondes d&rsquo;\u00e9cart.<\/p>\n<p>16:59<\/p>\n<p>22 km. Chapman en t\u00eate du Peyroux<\/p>\n<p>2 points suppl\u00e9mentaires pour l&rsquo;Australienne. Elise Chabbey, encore dans le peloton, en profite pour acc\u00e9l\u00e9rer en fin de c\u00f4te et prendre 1 point suppl\u00e9mentaire. La voici avec 12 points.<\/p>\n<p>16:58<\/p>\n<p>23 km. Kopecky l\u00e2ch\u00e9e finalement<\/p>\n<p>Alors qu&rsquo;elle semblait en mesure de permettre \u00e0 Wiebes de revenir, Lotte Kopecky n&rsquo;a finalement pas la force pour revenir. Elle est l\u00e2ch\u00e9e par le peloton.<\/p>\n<p>16:56<\/p>\n<p>23,5 km. Lotte Kopecky, en personne, ram\u00e8ne Wiebes<\/p>\n<p>La meilleure sprinteuse de ce Tour de France Femmes est ramen\u00e9e dans le peloton par sa leader Lotte Kopecky, la championne du monde en personne.<\/p>\n<p>16:55<\/p>\n<p>24 km. Lorena Wiebes distanc\u00e9e<\/p>\n<p>La maillot vert fait l&rsquo;\u00e9lastique mais est pour le moment l\u00e2ch\u00e9e de cinq m\u00e8tres par le peloton.<\/p>\n<p>Francesca Barale aval\u00e9e par l&rsquo;avant-garde du peloton \u00e0 son tour.<\/p>\n<p>16:54<\/p>\n<p>25 km. Moins d&rsquo;une minute pour Chapman<\/p>\n<p>Fenix-Deceuninck a pris le relais en t\u00eate de peloton. Brodie Chapman compte seulement 40 secondes d&rsquo;avance.<\/p>\n<p>Alison Jacksn va \u00eatre reprise.<\/p>\n<p>16:52<\/p>\n<p>25,8 km. C&rsquo;est parti pour la C\u00f4te du Peyroux<\/p>\n<p>3,3 kilom\u00e8tres \u00e0 4,2 % de moyenne avec une Brodie Chapman tr\u00e8s active \u00e0 l&rsquo;avant. Elle part seule \u00e0 l&rsquo;instant. Francesca Barale reste \u00e0 port\u00e9e de tir.<\/p>\n<p>16:49<\/p>\n<p>27 km. Bego de retour<\/p>\n<p>La jeune coureuse de Cofidis est de retour dans le peloton\u2026 La Movistar continue son travail pour revenir \u00e0 1&rsquo;15 de l&rsquo;\u00e9chapp\u00e9e \u00e0 moins de deux kilom\u00e8tres du deuix\u00e8me grimpeur.<\/p>\n<p>16:45<\/p>\n<p>29 km. Le peloton reprend Soto Campos et Dijkstra<\/p>\n<p>Les deux pensionnaires de l&rsquo;\u00e9chapp\u00e9e du jour sont reprises par un peloton lanc\u00e9 \u00e0 vive allure. Alison Jackson \u00e0 l&rsquo;avant continue de faire le forcing.<\/p>\n<p>16:40<\/p>\n<p>35 km. Julie Bego l\u00e2ch\u00e9e<\/p>\n<p>Quelques coureuses ont d\u00e9j\u00e0 l\u00e2ch\u00e9 prise dans cette premi\u00e8re difficult\u00e9 en queue de peloton. C&rsquo;est le cas de la maillot blanc Julie Bego (Cofidis).<\/p>\n<p>16:38<\/p>\n<p>35 km. Brodie Chapman passe en t\u00eate<\/p>\n<p>Elles ne sont plus que 3 \u00e0 l&rsquo;avant. Dans le peloton \u00e0 1&rsquo;40 \u00e7a roule fort, les favorites sont plac\u00e9es et on d\u00e9nombre quelques premi\u00e8res acc\u00e9l\u00e9rations.<\/p>\n<p>Barale prend la deuxi\u00e8me place du grimpeur.<\/p>\n<p>16:37<\/p>\n<p>35,5 km. L&rsquo;\u00e9chapp\u00e9e explose !<\/p>\n<p>Le peloton revient fort alors \u00e7a roule devant. Anneke Dijkstra puis Catalina Soto Campos en paient les frais.<\/p>\n<blockquote class=\"twitter-tweet\" align=\"center\">\n<p lang=\"fr\" dir=\"ltr\">\ud83c\uddf3\ud83c\uddf1 Anneke Dijkstra and \ud83c\udde8\ud83c\uddf1 Catalina Soto Compos are dropped from the breakaway group on the first ascent. <\/p>\n<p>\ud83c\uddf3\ud83c\uddf1 Anneke Dijkstra et \ud83c\udde8\ud83c\uddf1 Catalina Soto Compos sont distanc\u00e9es du groupe de t\u00eate dans la premi\u00e8re ascension du jour.<a href=\"https:\/\/twitter.com\/hashtag\/TDFF2025?src=hash&amp;ref_src=twsrc%5Etfw\" rel=\"nofollow noopener\" target=\"_blank\">#TDFF2025<\/a>  | <a href=\"https:\/\/twitter.com\/hashtag\/WatchTheFemmes?src=hash&amp;ref_src=twsrc%5Etfw\" rel=\"nofollow noopener\" target=\"_blank\">#WatchTheFemmes<\/a> | <a href=\"https:\/\/twitter.com\/GoZwift?ref_src=twsrc%5Etfw\" rel=\"nofollow noopener\" target=\"_blank\">@gozwift<\/a> <a href=\"https:\/\/t.co\/MW2rHFlL6a\" rel=\"nofollow\">pic.twitter.com\/MW2rHFlL6a<\/a><\/p>\n<p>\u2014 Le Tour de France Femmes avec Zwift (@LeTourFemmes) <a href=\"https:\/\/twitter.com\/LeTourFemmes\/status\/1950567304976298408?ref_src=twsrc%5Etfw\" rel=\"nofollow noopener\" target=\"_blank\">July 30, 2025<\/a><\/p><\/blockquote>\n<p>16:35<\/p>\n<p>36 km. On est au pied de la premi\u00e8re difficult\u00e9<\/p>\n<p>C&rsquo;est parti pour 1,4 km \u00e0 5,2 % dans cette C\u00f4te de Chabannes.<\/p>\n<p>16:33<\/p>\n<p>39 km. Alison Jackson passe en t\u00eate du sprint interm\u00e9diaire<\/p>\n<p>A Dun-le-Palestel, \u00e7a ne s&rsquo;est pas battu dans l&rsquo;\u00e9chapp\u00e9e. Alison Jackson en a profit\u00e9 pour prendre 25 points.<\/p>\n<p>1&rsquo;45 plus tard, les favorites au maillot vert se sont battues pour les points restants. Lorena Wiebes a pris la premi\u00e8re place (11 points) devant Marianne Vos (10 points).<\/p>\n<blockquote class=\"twitter-tweet\" align=\"center\" data-theme=\"dark\">\n<p lang=\"fr\" dir=\"ltr\">And it&rsquo;s \ud83c\udde8\ud83c\udde6 <a href=\"https:\/\/twitter.com\/aliACTIONjackso?ref_src=twsrc%5Etfw\" rel=\"nofollow noopener\" target=\"_blank\">@aliACTIONjackso<\/a> who crosses the line at the intermediate sprint first, claiming 25 points. The top points up for grabs for the peloton is 11. <\/p>\n<p>Et c&rsquo;est \ud83c\udde8\ud83c\udde6 <a href=\"https:\/\/twitter.com\/aliACTIONjackso?ref_src=twsrc%5Etfw\" rel=\"nofollow noopener\" target=\"_blank\">@aliACTIONjackso<\/a> qui franchit la ligne d&rsquo;arriv\u00e9e en premi\u00e8re et remporte 25 points. Le peloton peut obtenir un\u2026 <a href=\"https:\/\/t.co\/HbRtCuxVec\" rel=\"nofollow\">pic.twitter.com\/HbRtCuxVec<\/a><\/p>\n<p>\u2014 Le Tour de France Femmes avec Zwift (@LeTourFemmes) <a href=\"https:\/\/twitter.com\/LeTourFemmes\/status\/1950565721777279000?ref_src=twsrc%5Etfw\" rel=\"nofollow noopener\" target=\"_blank\">July 30, 2025<\/a><\/p><\/blockquote>\n<p>16:28<\/p>\n<p>40 km. Peloton \u00e0 deux minutes<\/p>\n<p>Movistar continue son effort. L&rsquo;\u00e9chapp\u00e9e est \u00e0 1 kilom\u00e8tre du sprint interm\u00e9diaire.<\/p>\n<p>16:26<\/p>\n<p>Marion Bunel pourrait \u00eatre sanctionn\u00e9e<\/p>\n<p>Depuis quelques kilom\u00e8tres, la jeune grimpeuse de Visma Lease a Bike s&rsquo;appuie sur sa voiture pour remonter au c\u0153ur du peloton. Pourtant, un commissaire est juste derri\u00e8re elle. Elle est accompagn\u00e9e de Maur\u00e8ne Tregouet, la Bretonne d&rsquo;Ark\u00e9a.<\/p>\n<p>16:23<\/p>\n<p>44 km. On s&rsquo;approche du sprint interm\u00e9diaire<\/p>\n<p>A cinq kilom\u00e8tres du sprint interm\u00e9diaire, le peloton accuse 2&rsquo;30 de retard sur la t\u00eate.<\/p>\n<p>Marion Bunel est point\u00e9e 1&rsquo;15 plus loin, dans la file des voitures.<\/p>\n<p>16:14<\/p>\n<p>51 km. Movistar roule tr\u00e8s fort !<\/p>\n<p>1 minute de reprise par la formation espagnole sur l&rsquo;\u00e9chapp\u00e9e en l&rsquo;espace de 10 kilom\u00e8tres. Le peloton est d\u00e9sormais point\u00e9 \u00e0 2&rsquo;55.<\/p>\n<blockquote class=\"twitter-tweet\" align=\"center\">\n<p lang=\"fr\" dir=\"ltr\">\ud83c\uddea\ud83c\uddf8<a href=\"https:\/\/twitter.com\/Movistar_Team?ref_src=twsrc%5Etfw\" rel=\"nofollow noopener\" target=\"_blank\">@Movistar_Team<\/a> are pulling on the front as we edge closer to the intermediate sprint at Dun-le-Palestel. The gap to the 5 up ahead has decreased to 2&rsquo;36\u00a0\u00bb. <\/p>\n<p>\ud83c\uddea\ud83c\uddf8<a href=\"https:\/\/twitter.com\/Movistar_Team?ref_src=twsrc%5Etfw\" rel=\"nofollow noopener\" target=\"_blank\">@Movistar_Team<\/a> m\u00e8ne le peloton alors que nous approchons du sprint interm\u00e9diaire \u00e0 Dun-le-Palestel. L&rsquo;\u00e9cart avec les 5\u2026 <a href=\"https:\/\/t.co\/IaeSzQHpdW\" rel=\"nofollow\">pic.twitter.com\/IaeSzQHpdW<\/a><\/p>\n<p>\u2014 Le Tour de France Femmes avec Zwift (@LeTourFemmes) <a href=\"https:\/\/twitter.com\/LeTourFemmes\/status\/1950563501291815324?ref_src=twsrc%5Etfw\" rel=\"nofollow noopener\" target=\"_blank\">July 30, 2025<\/a><\/p><\/blockquote>\n<p>16:09<\/p>\n<p>55 km. Les coureuses sont dans la Creuse<\/p>\n<p>3&rsquo;30 de retard pour le peloton. Marion Bunel est dans les voitures, \u00e0 environ 1&rsquo;30 du peloton.<\/p>\n<p>16:04<\/p>\n<p>60 km. Un final \u00e9lectrique !<\/p>\n<p>D&rsquo;ici trois quarts d&rsquo;heure environ, les coureuses entameront la C\u00f4te de Chabannes, premi\u00e8re difficult\u00e9 du jour.<\/p>\n<p>Puis, en 30 kilom\u00e8tres ensuite, elles auront le droit \u00e0 un 4e cat\u00e9gorie et un 3e, la mont\u00e9e la plus difficile de ce d\u00e9but de Tour. Entre-temps, il y aura un sprint pour les bonifications \u00e0 Saint-L\u00e9ger-le-Gu\u00e9r\u00e9tois. De quoi donner une occasion aux favorites de se montrer\u2026 Cette fin d&rsquo;\u00e9tape promet !<\/p>\n<p>15:53<\/p>\n<p>65 km. Kiara Lylyk reprise<\/p>\n<p>La Canadienne, parti \u00e0 contre-temps, n&rsquo;a jamais r\u00e9ussi \u00e0 revenir sur la t\u00eate et est reprise par les Movistar en t\u00eate de peloton.<\/p>\n<p>15:48<\/p>\n<p>68 km. Marion Bunel chute !<\/p>\n<p>L&rsquo;Espoir fran\u00e7aise de l&rsquo;\u00e9quipe Visma, \u00e9quipi\u00e8re de la maillot jaune et de Pauline Ferrand-Pr\u00e9vot a chut\u00e9 au c\u0153ur du peloton en compagnie d&rsquo;une coureuse de St Michel Auber, Elyne Roussel.<\/p>\n<p>Elle s&rsquo;est relev\u00e9e et est repartie. A voir si elle pourra faire son retour dans le peloton.<\/p>\n<p>15:44<\/p>\n<p>70 km. Movistar roule<\/p>\n<p>C&rsquo;est l&rsquo;\u00e9quipe de l&rsquo;une des favorites du jour qui roule. Les co\u00e9quipi\u00e8res de Liane Lippert tente de r\u00e9duire l&rsquo;\u00e9cart avec le groupe de t\u00eate\u2026 4&rsquo;35, c&rsquo;est d\u00e9j\u00e0 un beau matelas.<\/p>\n<p>15:41<\/p>\n<p>73 km. Le peloton laisse filer<\/p>\n<p>4&rsquo;30 d&rsquo;avance pour le quintette de t\u00eate sur le peloton. La poursuivante Kiara Lylyk navigue aux alentours de trois minutes.<\/p>\n<p>15:39<\/p>\n<p>\u00ab Tout va \u00eatre possible \u00bb<\/p>\n<p>Pr\u00e9tendante au maillot jaune et \u00e0 la victoire d&rsquo;\u00e9tape, Pauline Ferrand-Pr\u00e9vot a r\u00e9pondu au micro d&rsquo;Eurosport : \u00ab Le vent va \u00eatre fort aujourd&rsquo;hui donc tout va \u00eatre possible. Il sera important d&rsquo;\u00eatre bien plac\u00e9es \u00e0 la fin. On va essayer de ne pas perdre de temps au g\u00e9n\u00e9ral mais surtout on a envie de gagner l&rsquo;\u00e9tape avec Marianne Vos. Je suis contente que la route s&rsquo;\u00e9l\u00e8ve un peu mais les trois derniers jours vont \u00eatre difficiles donc il faudra aussi rester concentr\u00e9es. \u00bb<\/p>\n<p>15:32<\/p>\n<p>80 km. Nouvelle contre-attaque<\/p>\n<p>C&rsquo;est la Canadienne Kiara Lylyk (Winspace Orange Seal) qui tente sa chance. Elle roule \u00e0 deux minutes du groupe de t\u00eate.<\/p>\n<p>Le peloton est rel\u00e9gu\u00e9 \u00e0 trois minutes.<\/p>\n<p>15:29<\/p>\n<p>Deux nouveaux abandons<\/p>\n<p>Kristen Faulkner (EF Education-Oatly), championne des Etats-Unis et Maria Confalonieri (Uno-X Mobility) ont \u00e9galement abandonn\u00e9 tout \u00e0 l&rsquo;heure.<\/p>\n<blockquote class=\"twitter-tweet\" align=\"center\">\n<p lang=\"en\" dir=\"ltr\">Race update: Kristen Faulkner abandoned the <a href=\"https:\/\/twitter.com\/hashtag\/TDFF2025?src=hash&amp;ref_src=twsrc%5Etfw\" rel=\"nofollow noopener\" target=\"_blank\">#TDFF2025<\/a> after battling fatigue since the start of the race. She gave everything to support her teammates but will now return home to focus on rest and recovery. Wishing you all the best, champ \ud83e\udef6 <a href=\"https:\/\/t.co\/WQE39z94qq\" rel=\"nofollow\">pic.twitter.com\/WQE39z94qq<\/a><\/p>\n<p>\u2014 EF Education-Oatly (@EF_Oatly) <a href=\"https:\/\/twitter.com\/EF_Oatly\/status\/1950549474905825340?ref_src=twsrc%5Etfw\" rel=\"nofollow noopener\" target=\"_blank\">July 30, 2025<\/a><\/p><\/blockquote>\n<p>15:23<\/p>\n<p>\u00ab Je me sens mieux qu&rsquo;hier \u00bb<\/p>\n<p>Demi Vollering, qui \u00e9tait tomb\u00e9 avant-hier, se sentait mieux au d\u00e9part aujourd&rsquo;hui au micro d&rsquo;Eurosport : \u00ab Je me sens mieux qu&rsquo;hier. J&rsquo;ai bien r\u00e9cup\u00e9r\u00e9. Mon cou \u00e9tait vraiment tendu mais maintenant que c&rsquo;est parti, je vais mieux. J&rsquo;ai h\u00e2te des prochains jours mais d&rsquo;aujourd&rsquo;hui \u00e9galement.<\/p>\n<p>J&rsquo;essaie de me concentrer sur les petites \u00e9tapes et de ne pas trop me projeter. Etape par \u00e9tape. \u00bb<\/p>\n<p>15:18<\/p>\n<p>87 km. Chapman rallie le groupe de t\u00eate<\/p>\n<p>Apr\u00e8s presque 6 kilom\u00e8tres de course poursuite, Brodie Chapman r\u00e9ussit \u00e0 rallier l&rsquo;\u00e9chapp\u00e9e.<\/p>\n<p>15:17<\/p>\n<p>88 km. Et encore une contre-attaque<\/p>\n<p>Une nouvelle n\u00e9erlandaise, Riejanne Markus (Lidl-Trek) tente sa chance.<\/p>\n<p>15:16<\/p>\n<p>Trois abandons suite \u00e0 la chute massive du d\u00e9but de journ\u00e9e<\/p>\n<p>L&rsquo;ancienne championne du monde (2021), Elisa Balsamo (Lidl-Trek) a d\u00fb abandonner. C&rsquo;est le cas \u00e9galement de la championne slov\u00e8ne Eugenia Bujak (Cofidis) et de Monica Trinca Colonel (Jayco AlUla).<\/p>\n<blockquote class=\"twitter-tweet\" align=\"center\">\n<p lang=\"fr\" dir=\"ltr\">\u274c Following the earlier crash, several riders were forced to retire: \ud83c\uddee\ud83c\uddf9<a href=\"https:\/\/twitter.com\/Elisa_balsamo?ref_src=twsrc%5Etfw\" rel=\"nofollow noopener\" target=\"_blank\">@Elisa_balsamo<\/a>, \ud83c\uddf8\ud83c\uddf0 <a href=\"https:\/\/twitter.com\/EugeniaBujak?ref_src=twsrc%5Etfw\" rel=\"nofollow noopener\" target=\"_blank\">@EugeniaBujak<\/a> and \ud83c\uddee\ud83c\uddf9 Monica Trinca. <\/p>\n<p>\u274c Suite \u00e0 la chute survenue plus t\u00f4t, plusieurs coureuses ont \u00e9t\u00e9 contraintes \u00e0 l&rsquo;abandon : \ud83c\uddee\ud83c\uddf9<a href=\"https:\/\/twitter.com\/Elisa_balsamo?ref_src=twsrc%5Etfw\" rel=\"nofollow noopener\" target=\"_blank\">@Elisa_balsamo<\/a>, \ud83c\uddf8\ud83c\uddf0 <a href=\"https:\/\/twitter.com\/EugeniaBujak?ref_src=twsrc%5Etfw\" rel=\"nofollow noopener\" target=\"_blank\">@EugeniaBujak<\/a> et \ud83c\uddee\ud83c\uddf9 Monica Trinca\u2026<\/p>\n<p>\u2014 Le Tour de France Femmes avec Zwift (@LeTourFemmes) <a href=\"https:\/\/twitter.com\/LeTourFemmes\/status\/1950545146027687986?ref_src=twsrc%5Etfw\" rel=\"nofollow noopener\" target=\"_blank\">July 30, 2025<\/a><\/p><\/blockquote>\n<p>15:13<\/p>\n<p>91 km. Brodie Chapman \u00e0 son tour<\/p>\n<p>L&rsquo;Australienne (UAE Team ADQ) a bien senti son attaque. Elle reprend secondes apr\u00e8s secondes et se rapproche du groupe de t\u00eate. Le peloton est toujours \u00e0 1&rsquo;20.<\/p>\n<p>15:05<\/p>\n<p>98 km. Martin reprise<\/p>\n<p>1&rsquo;20 d&rsquo;avance sur le peloton pour l&rsquo;\u00e9chapp\u00e9e compos\u00e9e donc de :<\/p>\n<ul>\n<li>Anneke Sijkstra (Volkerwessels Cycling Team) ;<\/li>\n<li>Francesca Barale (PicNic PostNL) ;<\/li>\n<li>Alison Jackson (EF Education &#8211; Oatly);<\/li>\n<li>Catalina Anais Soto (Laboral Kutxa &#8211; Fundacion Euskadi)<\/li>\n<\/ul>\n<p>15:03<\/p>\n<p>99 km. Sara Martin (ESP) tente sa chance<\/p>\n<p>A son tour, l&rsquo;\u00e9quipe Movistar veut envoyer du monde \u00e0 l&rsquo;avant. C&rsquo;est l&rsquo;Espagnole Sara Martin qui est sortie du peloton. Elle peine pour l&rsquo;instant \u00e0 reprendre du terrain.<\/p>\n<p>15:00<\/p>\n<p>101 km. regroupement \u00e0 l&rsquo;avant<\/p>\n<p>Elles sont 4 en t\u00eate de course et elles comptent 1&rsquo;3\u00e0 d&rsquo;avance sur le peloton des favorites.<\/p>\n<p>14:57<\/p>\n<p>103 km. Dijkstra dans l&rsquo;\u00e9chapp\u00e9e<\/p>\n<p>Une N\u00e9erlandaise fait son apparition dans l&rsquo;\u00e9chapp\u00e9e. Anneke Sijkstra (Volkerwessels Cycling Team), au pris d&rsquo;un \u00e9norme effort, est revenue sur Barale.<\/p>\n<p>Elles comptent 20 secondes d&rsquo;avance sur les poursuivantes et 1&rsquo;45 sur le peloton.<\/p>\n<p>Contexte<\/p>\n<p>Ce qu&rsquo;il faut savoir de la 5e \u00e9tape du Tour de France Femmes<\/p>\n<ul>\n<li>Apr\u00e8s le <a href=\"https:\/\/www.leparisien.fr\/sports\/cyclisme\/tour-de-france-feminin\/tour-de-france-femmes-le-classement-de-la-4e-etape-avec-le-double-de-wiebes-29-07-2025-ME4QGMEVIZHEVBVXAGTLBU45DI.php\" target=\"_blank\" rel=\"nofollow noopener\">doubl\u00e9 de Lorena Wiebes<\/a>, le peloton quittera la Vienne en direction de la Creuse au cours d&rsquo;une \u00e9tape de 166 km, la plus longue de ce Tour.<\/li>\n<\/ul>\n<p><img decoding=\"async\" src=\"https:\/\/www.europesays.com\/fr\/wp-content\/uploads\/2025\/07\/T76NDJTIPFHZFNEQJZALQJPDQM.jpg\"\/>\u00a0<\/p>\n<ul>\n<li>Avec sa deuxi\u00e8me place hier, Marianne Vos conserve le maillot jaune et la t\u00eate du <a href=\"https:\/\/www.leparisien.fr\/sports\/cyclisme\/tour-de-france-feminin\/tour-de-france-femmes-le-classement-general-apres-la-4e-etape-ferrand-prevot-hors-du-podium-29-07-2025-6PJ5UVE2MZE5XNCQCVFNPQ56XE.php\" target=\"_blank\" rel=\"nofollow noopener\">classement g\u00e9n\u00e9ral<\/a>.\n<ul>\n<li>Trois ascensions au programme : la c\u00f4te de Chabannes (1,4 km \u00e0 5,2 %), la c\u00f4te du Peyroux (3,3 km \u00e0 4,3 %) et Le Maupuy (2,8 km \u00e0 5,4 %).<\/li>\n<\/ul>\n<\/li>\n<\/ul>\n<p><script async src=\"https:\/\/platform.twitter.com\/widgets.js\" charset=\"utf-8\"><\/script><\/p>\n","protected":false},"excerpt":{"rendered":"17:25 5 km. Elles vont se jouer la victoire \u00e0 7 Niewiadoma (Canyon\/\/SRAM), Van der Breggen (SD Worx),&hellip;\n","protected":false},"author":2,"featured_media":284590,"comment_status":"","ping_status":"","sticky":false,"template":"","format":"standard","meta":{"footnotes":""},"categories":[9],"tags":[1154,1011,27,1227,60],"class_list":{"0":"post-284589","1":"post","2":"type-post","3":"status-publish","4":"format-standard","5":"has-post-thumbnail","7":"category-sports","8":"tag-cycling","9":"tag-fr","10":"tag-france","11":"tag-horizontal","12":"tag-sports"},"share_on_mastodon":{"url":"https:\/\/pubeurope.com\/@fr\/114942892200563073","error":""},"_links":{"self":[{"href":"https:\/\/www.europesays.com\/fr\/wp-json\/wp\/v2\/posts\/284589","targetHints":{"allow":["GET"]}}],"collection":[{"href":"https:\/\/www.europesays.com\/fr\/wp-json\/wp\/v2\/posts"}],"about":[{"href":"https:\/\/www.europesays.com\/fr\/wp-json\/wp\/v2\/types\/post"}],"author":[{"embeddable":true,"href":"https:\/\/www.europesays.com\/fr\/wp-json\/wp\/v2\/users\/2"}],"replies":[{"embeddable":true,"href":"https:\/\/www.europesays.com\/fr\/wp-json\/wp\/v2\/comments?post=284589"}],"version-history":[{"count":0,"href":"https:\/\/www.europesays.com\/fr\/wp-json\/wp\/v2\/posts\/284589\/revisions"}],"wp:featuredmedia":[{"embeddable":true,"href":"https:\/\/www.europesays.com\/fr\/wp-json\/wp\/v2\/media\/284590"}],"wp:attachment":[{"href":"https:\/\/www.europesays.com\/fr\/wp-json\/wp\/v2\/media?parent=284589"}],"wp:term":[{"taxonomy":"category","embeddable":true,"href":"https:\/\/www.europesays.com\/fr\/wp-json\/wp\/v2\/categories?post=284589"},{"taxonomy":"post_tag","embeddable":true,"href":"https:\/\/www.europesays.com\/fr\/wp-json\/wp\/v2\/tags?post=284589"}],"curies":[{"name":"wp","href":"https:\/\/api.w.org\/{rel}","templated":true}]}}