{"id":28460,"date":"2025-04-16T05:00:15","date_gmt":"2025-04-16T05:00:15","guid":{"rendered":"https:\/\/www.europesays.com\/fr\/28460\/"},"modified":"2025-04-16T05:00:15","modified_gmt":"2025-04-16T05:00:15","slug":"le-3x-festival-de-retour-a-marseille-du-23-au-25","status":"publish","type":"post","link":"https:\/\/www.europesays.com\/fr\/28460\/","title":{"rendered":"le 3x Festival de retour \u00e0 Marseille du 23 au 25"},"content":{"rendered":"<p>Apr\u00e8s avoir enflamm\u00e9 Marseille en 2023, au Palais des Sports, puis en 2024, au parc Chanot, <a href=\"https:\/\/www.laprovence.com\/article\/sports\/66751758038843\/basket-3x3-womens-series-a-marseille-les-bleues-commencent-par-une-victoire-dans-la-douleur\" target=\"_blank\" rel=\"noopener\">le basket 3&#215;3, avec le 3X Festival,<\/a> va faire son retour dans la cit\u00e9 phoc\u00e9enne les 23, 24 et 25 mai prochains, toujours au parc des expositions. Organis\u00e9 par ORECA Events et la F\u00e9d\u00e9ration fran\u00e7aise (FFBB), la comp\u00e9tition est une \u00e9tape des deux circuits mondiaux : FIBA 3&#215;3 World Tour et FIBA Women&rsquo;s Series.<\/p>\n<p>Les trois jours de tournoi r\u00e9uniront une centaine de joueurs de quatorze nations, soit 24 \u00e9quipes au total, dont celles et ceux qui ont pris part <a href=\"https:\/\/www.laprovence.com\/article\/region\/15085557268004\/basket-3x3-les-bleues-couleur-marseille\" target=\"_blank\" rel=\"noopener\">aux Jeux olympiques l&rsquo;\u00e9t\u00e9 dernier \u00e0 Paris.<\/a> L&rsquo;\u00e9v\u00e9nement, gratuit et ouvert \u00e0 tous, proposera \u00e9galement des animations, des tournois pour le grand public ainsi qu&rsquo;un village animations. Au total, 20 000 personnes sont attendues pour suivre cette manifestation qui commence \u00e0 se faire sa place dans le paysage sportif marseillais.<\/p>\n<p>Le programme du 3X Festival au parc Chanot de Marseille<\/p>\n<p>Vendredi 23 mai\u00a0: Qualifications des Women&rsquo;s Series<\/p>\n<p>Samedi 24 mai\u00a0: Qualifications du World Tour &amp; Finales des Women&rsquo;s Series<\/p>\n<p>Dimanche 25 mai\u00a0: Finales du World Tour<\/p>\n<p><a href=\"https:\/\/3xfestival.com\/\" target=\"_blank\" rel=\"noopener\">Plus d&rsquo;informations sur www.3xfestival.com<\/a><\/p>\n","protected":false},"excerpt":{"rendered":"Apr\u00e8s avoir enflamm\u00e9 Marseille en 2023, au Palais des Sports, puis en 2024, au parc Chanot, le basket&hellip;\n","protected":false},"author":2,"featured_media":28461,"comment_status":"","ping_status":"","sticky":false,"template":"","format":"standard","meta":{"footnotes":""},"categories":[2814],"tags":[17,1111,11,1465,9959,1777,674,849,1011,27,2565,884,12,153,882,25,8133,60],"class_list":{"0":"post-28460","1":"post","2":"type-post","3":"status-publish","4":"format-standard","5":"has-post-thumbnail","7":"category-marseille","8":"tag-17","9":"tag-actu","10":"tag-actualites","11":"tag-basket","12":"tag-chanot","13":"tag-eu","14":"tag-europe","15":"tag-festival","16":"tag-fr","17":"tag-france","18":"tag-mai","19":"tag-marseille","20":"tag-news","21":"tag-parc","22":"tag-provence-alpes-cote-dazur","23":"tag-republique-francaise","24":"tag-retour","25":"tag-sports"},"share_on_mastodon":{"url":"https:\/\/pubeurope.com\/@fr\/114345883907526619","error":""},"_links":{"self":[{"href":"https:\/\/www.europesays.com\/fr\/wp-json\/wp\/v2\/posts\/28460","targetHints":{"allow":["GET"]}}],"collection":[{"href":"https:\/\/www.europesays.com\/fr\/wp-json\/wp\/v2\/posts"}],"about":[{"href":"https:\/\/www.europesays.com\/fr\/wp-json\/wp\/v2\/types\/post"}],"author":[{"embeddable":true,"href":"https:\/\/www.europesays.com\/fr\/wp-json\/wp\/v2\/users\/2"}],"replies":[{"embeddable":true,"href":"https:\/\/www.europesays.com\/fr\/wp-json\/wp\/v2\/comments?post=28460"}],"version-history":[{"count":0,"href":"https:\/\/www.europesays.com\/fr\/wp-json\/wp\/v2\/posts\/28460\/revisions"}],"wp:featuredmedia":[{"embeddable":true,"href":"https:\/\/www.europesays.com\/fr\/wp-json\/wp\/v2\/media\/28461"}],"wp:attachment":[{"href":"https:\/\/www.europesays.com\/fr\/wp-json\/wp\/v2\/media?parent=28460"}],"wp:term":[{"taxonomy":"category","embeddable":true,"href":"https:\/\/www.europesays.com\/fr\/wp-json\/wp\/v2\/categories?post=28460"},{"taxonomy":"post_tag","embeddable":true,"href":"https:\/\/www.europesays.com\/fr\/wp-json\/wp\/v2\/tags?post=28460"}],"curies":[{"name":"wp","href":"https:\/\/api.w.org\/{rel}","templated":true}]}}