{"id":284603,"date":"2025-07-30T15:34:14","date_gmt":"2025-07-30T15:34:14","guid":{"rendered":"https:\/\/www.europesays.com\/fr\/284603\/"},"modified":"2025-07-30T15:34:14","modified_gmt":"2025-07-30T15:34:14","slug":"saint-etienne-sur-sa-chaine-youtube-ce-relais-petite-enfance-enregistre-les-comptines-preferees-des-petits","status":"publish","type":"post","link":"https:\/\/www.europesays.com\/fr\/284603\/","title":{"rendered":"Saint-\u00c9tienne. Sur sa cha\u00eene YouTube, ce Relais petite enfance enregistre les comptines pr\u00e9f\u00e9r\u00e9es des petits"},"content":{"rendered":"<p>C\u2019est une premi\u00e8re pour un RPE (Relais petite enfance), ces lieux de vie et d\u2019\u00e9coute \u00e0 destination des parents, futurs parents et jeunes enfants.<\/p>\n<p>Le RPE La Marelle, bas\u00e9 au centre social de l\u2019Espace Boris-Vian depuis 2017, accueille en moyenne chaque semaine 30 assistantes maternelles pour quatre temps collectifs hebdomadaires propos\u00e9s aux enfants entre 0 et 4 ans.<\/p>\n<p>Rendre les chansons plus accessibles<\/p>\n<p>Jean-Baptiste Gaune, responsable de La Marelle, et Ma\u00ebliss Hugon, en stage dans le cadre de sa formation \u00e9ducatrice de jeunes enfants, ont cr\u00e9\u00e9 la cha\u00eene YouTube de La Marelle en avril dernier. \u00ab On faisait des chansons ensemble avec les enfants&#8230;<\/p>\n","protected":false},"excerpt":{"rendered":"C\u2019est une premi\u00e8re pour un RPE (Relais petite enfance), ces lieux de vie et d\u2019\u00e9coute \u00e0 destination des&hellip;\n","protected":false},"author":2,"featured_media":284604,"comment_status":"","ping_status":"","sticky":false,"template":"","format":"standard","meta":{"footnotes":""},"categories":[9653],"tags":[1111,11,2430,7539,1057,1777,674,1011,27,1757,10425,12,25,4001,7538],"class_list":{"0":"post-284603","1":"post","2":"type-post","3":"status-publish","4":"format-standard","5":"has-post-thumbnail","7":"category-saint-etienne","8":"tag-actu","9":"tag-actualites","10":"tag-auvergne-rhone-alpes","11":"tag-edition-loire-sud","12":"tag-education","13":"tag-eu","14":"tag-europe","15":"tag-fr","16":"tag-france","17":"tag-insolite","18":"tag-maternelle-elementaire","19":"tag-news","20":"tag-republique-francaise","21":"tag-saint-etienne","22":"tag-saint-etienne-ville"},"share_on_mastodon":{"url":"","error":""},"_links":{"self":[{"href":"https:\/\/www.europesays.com\/fr\/wp-json\/wp\/v2\/posts\/284603","targetHints":{"allow":["GET"]}}],"collection":[{"href":"https:\/\/www.europesays.com\/fr\/wp-json\/wp\/v2\/posts"}],"about":[{"href":"https:\/\/www.europesays.com\/fr\/wp-json\/wp\/v2\/types\/post"}],"author":[{"embeddable":true,"href":"https:\/\/www.europesays.com\/fr\/wp-json\/wp\/v2\/users\/2"}],"replies":[{"embeddable":true,"href":"https:\/\/www.europesays.com\/fr\/wp-json\/wp\/v2\/comments?post=284603"}],"version-history":[{"count":0,"href":"https:\/\/www.europesays.com\/fr\/wp-json\/wp\/v2\/posts\/284603\/revisions"}],"wp:featuredmedia":[{"embeddable":true,"href":"https:\/\/www.europesays.com\/fr\/wp-json\/wp\/v2\/media\/284604"}],"wp:attachment":[{"href":"https:\/\/www.europesays.com\/fr\/wp-json\/wp\/v2\/media?parent=284603"}],"wp:term":[{"taxonomy":"category","embeddable":true,"href":"https:\/\/www.europesays.com\/fr\/wp-json\/wp\/v2\/categories?post=284603"},{"taxonomy":"post_tag","embeddable":true,"href":"https:\/\/www.europesays.com\/fr\/wp-json\/wp\/v2\/tags?post=284603"}],"curies":[{"name":"wp","href":"https:\/\/api.w.org\/{rel}","templated":true}]}}