{"id":284607,"date":"2025-07-30T15:36:30","date_gmt":"2025-07-30T15:36:30","guid":{"rendered":"https:\/\/www.europesays.com\/fr\/284607\/"},"modified":"2025-07-30T15:36:30","modified_gmt":"2025-07-30T15:36:30","slug":"trolleybus-reseau-stan-pistes-cyclables-comment-mathieu-klein-a-revolutionne-les-transports-a-nancy","status":"publish","type":"post","link":"https:\/\/www.europesays.com\/fr\/284607\/","title":{"rendered":"Trolleybus, r\u00e9seau Stan, pistes cyclables\u2026 comment Mathieu Klein a r\u00e9volutionn\u00e9 les transports \u00e0 Nancy"},"content":{"rendered":"<p>            Par<br \/>\n        <strong><br \/>\n            <a href=\"https:\/\/actu.fr\/auteur\/amandine-mehl\" title=\"Consulter tous les articles de Amandine Mehl\" target=\"_blank\" rel=\"noopener\">Amandine Mehl<\/a><br \/>\n        <\/strong><\/p>\n<p>        Publi\u00e9 le<\/p>\n<p>            30 juil. 2025 \u00e0 16h50        <\/p>\n<p>Lors de la campagne des <strong>municipales de 2020<\/strong>, Mathieu Klein, alors candidat, annon\u00e7ait vouloir revoir les <a href=\"https:\/\/actu.fr\/grand-est\/nancy_54395\/municipales-2020-nancy-mathieu-klein-propose-faire-big-bang-transports-commun_31826424.html\" target=\"_blank\" rel=\"noopener\">transports en commun<\/a> et les <strong>d\u00e9placements<\/strong> \u00e0 <strong>Nancy<\/strong>. \u00c9lu maire face \u00e0 Laurent H\u00e9nart en juin\u00a02020, puis pr\u00e9sident de la M\u00e9tropole du Grand Nancy, il a rapidement mis son projet \u00e0 ex\u00e9cution.<\/p>\n<p class=\" wall-content\">Cinq ans plus tard, alors que son <strong>mandat touche \u00e0 sa fin<\/strong>, peut-on dire que Mathieu Klein a bel et bien <strong>r\u00e9volutionn\u00e9<\/strong> les modes de d\u00e9placement et les transports au sein de la cit\u00e9 ducale et plus largement de la m\u00e9tropole comme promis\u2009?<\/p>\n<p>Le dossier br\u00fblant du rempla\u00e7ant du TVR Bombardier \u00e0 Nancy<\/p>\n<p class=\" wall-content\">Lorsqu\u2019il a pris la t\u00eate du Grand Nancy, le <strong>tram sur pneus<\/strong>, en bout de course, devait \u00eatre <strong>remplac\u00e9<\/strong> par un <a href=\"https:\/\/actu.fr\/grand-est\/nancy_54395\/futur-tram-nancy-financement-est-assure-selon-christophe-choserot_30340797.html\" target=\"_blank\" rel=\"noopener\">tram sur fer<\/a>, comme cela avait \u00e9t\u00e9 vot\u00e9 par les \u00e9lus sous l\u2019<strong>ancienne mandature<\/strong> en d\u00e9cembre\u00a02019.<\/p>\n<p class=\" wall-content\">Le <a href=\"https:\/\/actu.fr\/grand-est\/nancy_54395\/nancy-remet-a-plus-tard-son-projet-de-tram-et-promet-un-nouveau-reseau-de-bus-efficace-pour-2023_39398321.html\" target=\"_blank\" rel=\"noopener\">projet de tram<\/a>, estim\u00e9 \u00e0 <strong>plusieurs centaines de millions d\u2019euros<\/strong>, a toutefois \u00e9t\u00e9 rapidement <strong>enterr\u00e9<\/strong>, en f\u00e9vrier\u00a02021, par la nouvelle majorit\u00e9, jug\u00e9 \u00ab<strong>\u2009pas finan\u00e7able<\/strong>\u2009\u00bb en raison d\u2019une \u00ab<strong>\u2009situation financi\u00e8re tendue<\/strong>\u2009\u00bb.<\/p>\n<p class=\" wall-content\">C\u2019est donc le <a href=\"https:\/\/actu.fr\/grand-est\/nancy_54395\/photos-voici-a-quoi-va-ressembler-le-trolleybus-attendu-pour-2025-dans-le-grand-nancy_60808938.html\" target=\"_blank\" rel=\"noopener\">trolleybus<\/a> Hess, <strong>100\u2009% \u00e9lectrique<\/strong> et offrant plus de places que le tram sur pneus, mais aussi moins co\u00fbteux que le tram sur fer, qui a \u00e9t\u00e9 choisi pour remplacer le TVR Bombardier. D\u2019abord pr\u00e9vu pour la rentr\u00e9e 2024, son lancement a \u00e9t\u00e9 <a href=\"https:\/\/actu.fr\/grand-est\/nancy_54395\/le-lancement-du-trolleybus-a-nouveau-retarde-a-nancy-voici-pourquoi_60818302.html\" target=\"_blank\" rel=\"noopener\">retard\u00e9<\/a> <strong>\u00e0 plusieurs reprises<\/strong>, ce qui n\u2019a pas manqu\u00e9 d\u2019<strong>agacer<\/strong> les usagers du r\u00e9seau Stan et les commer\u00e7ants impatients quant \u00e0 eux de voir les <a href=\"https:\/\/actu.fr\/grand-est\/nancy_54395\/grand-nancy-les-travaux-du-trolleybus-vont-couter-plus-cher-que-prevu_60663264.html\" target=\"_blank\" rel=\"noopener\">travaux<\/a> se terminer.<\/p>\n<p class=\" wall-content\">Finalement mis en service le 5\u00a0avril 2025, les premiers voyageurs ont avou\u00e9 avoir \u00e9t\u00e9 <a href=\"https:\/\/actu.fr\/grand-est\/nancy_54395\/nancy-des-premiers-voyageurs-seduits-par-le-nouveau-trolleybus-il-y-a-de-gros-progres-par-rapport-au-tram_62472483.html\" target=\"_blank\" rel=\"noopener\">s\u00e9duits<\/a> par le rempla\u00e7ant du tram. Un constat partag\u00e9 par Mathieu Klein, en juin dernier\u2009: \u00ab\u2009Le <strong>meilleur moyen<\/strong> de savoir que le lancement est r\u00e9ussi, c\u2019est que, globalement, <strong>vous entendez assez peu parler du trolleybus<\/strong>. Si l\u2019on se souvient de la mise en service de son pr\u00e9d\u00e9cesseur, le TVR, il faisait la chronique tr\u00e8s r\u00e9guli\u00e8rement d\u00e8s sa mise en service\u2009\u00bb.<\/p>\n<p>Am\u00e9liorations \u00e0 venir sur le r\u00e9seau Stan<\/p>\n<p class=\" wall-content\">Toujours au niveau du r\u00e9seau Stan, une <a href=\"https:\/\/actu.fr\/grand-est\/nancy_54395\/reseau-stan-parcours-horaires-ouverture-tout-ce-qu-il-faut-savoir-sur-la-future-ligne-5-a-nancy_62134194.html\" target=\"_blank\" rel=\"noopener\">nouvelle ligne de bus<\/a> \u00e0 haut niveau de service appel\u00e9e <strong>Tempo 5<\/strong> va voir le jour \u00e0 compter du <strong>25\u00a0ao\u00fbt prochain<\/strong>. Elle reliera Max\u00e9ville \u00e0 Vand\u0153uvre-l\u00e8s-Nancy en passant par Nancy.<\/p>\n<p class=\" wall-content\">En parall\u00e8le, \u00e0 cette m\u00eame date, de <a href=\"https:\/\/actu.fr\/societe\/reseau-stan-de-grands-changements-attendus-sur-plusieurs-lignes-dans-le-grand-nancy-ce-qu-il-faut-savoir_62816679.html\" target=\"_blank\" rel=\"noopener\">grands changements<\/a> sont attendus sur <strong>plusieurs lignes<\/strong>. Cela comprend des <strong>lignes prolong\u00e9es<\/strong>, des <strong>itin\u00e9raires modifi\u00e9s<\/strong> ainsi que de <strong>nouveaux horaires<\/strong>.<\/p>\n<p>Mise en place de la gratuit\u00e9 partielle sur le r\u00e9seau Stan<\/p>\n<p>Depuis d\u00e9cembre 2020, habitants et visiteurs peuvent emprunter les transports en commun du r\u00e9seau Stan gratuitement chaque week-end. Cette mesure a \u00e9t\u00e9 compl\u00e9t\u00e9e par l&rsquo;instauration de la gratuit\u00e9 pour les moins de 18 ans en mars 2022. La prochaine \u00e9tape concerne les 65 ans et plus qui pourront voyager librement et gratuitement d\u00e8s le 1er ao\u00fbt 2025.<\/p>\n<p class=\" wall-content\">\u00c0 terme, la M\u00e9tropole du Grand Nancy entend \u00e9galement <a href=\"https:\/\/actu.fr\/grand-est\/nancy_54395\/reseau-stan-le-grand-nancy-veut-transformer-la-ligne-2-sur-le-meme-modele-que-celui-du-trolleybus_62821958.html\" target=\"_blank\" rel=\"noopener\">transformer la ligne 2 sur le m\u00eame mod\u00e8le que celui du trolleybus<\/a>\u2009: une <strong>ligne 100\u2009% d\u00e9carbon\u00e9e, silencieuse et confortable<\/strong>. Mais aussi, <a href=\"https:\/\/actu.fr\/grand-est\/nancy_54395\/le-grand-nancy-veut-ameliorer-et-transformer-les-lignes-de-bus-du-reseau-stan-voici-comment_62302396.html\" target=\"_blank\" rel=\"noopener\">les autres lignes<\/a> principales du r\u00e9seau.<\/p>\n<p>Le Grand Nancy veut devenir une m\u00e9tropole \u00ab\u2009100 cyclable\u2009\u00bb en 2035<\/p>\n<p class=\" wall-content\">Avec l\u2019adoption du plan m\u00e9tropolitain des mobilit\u00e9s, le Grand Nancy entend <a href=\"https:\/\/actu.fr\/grand-est\/nancy_54395\/le-grand-nancy-veut-devenir-une-metropole-100-cyclable-en-2035-voici-comment_61660798.html\" target=\"_blank\" rel=\"noopener\">devenir une m\u00e9tropole \u00ab\u2009100\u2009% cyclable\u2009\u00bb<\/a> en 2035.<\/p>\n<p class=\" wall-content\">Selon l\u2019institution, le r\u00e9seau ne comptait que \u00ab\u2009135\u00a0km d\u2019am\u00e9nagements cyclables s\u00e9curis\u00e9s\u2009\u00bb en 2021. Ainsi, le premier objectif est de <strong>porter ce total \u00e0 200\u00a0km d\u2019ici \u00e0 2026<\/strong>. Si de nombreux am\u00e9nagements ont d\u00e9j\u00e0 vu le jour, comme la piste cyclable avenue de la Lib\u00e9ration, sans compter la possibilit\u00e9 d\u00e9sormais pour les cyclistes d\u2019emprunter le trac\u00e9 du trolleybus,<strong> deux axes structurants<\/strong>, \u00e0 savoir sud\/nord et est\/ouest, sont attendus.<\/p>\n<p class=\" wall-content\">En <strong>2035<\/strong>, le Grand Nancy souhaite poursuivre ce vaste chantier pour <strong>atteindre 248\u00a0km d\u2019am\u00e9nagements cyclables s\u00e9curis\u00e9s<\/strong>.<\/p>\n<p>Pi\u00e9tonnisation d\u2019une partie du centre-ville<\/p>\n<p class=\" wall-content\">Alors qu\u2019un <strong>plan<\/strong> pour <a href=\"https:\/\/actu.fr\/grand-est\/nancy_54395\/nancy-veut-rendre-la-ville-plus-marchable-et-securiser-les-deplacements-des-pietons-voici-comment_62967114.html\" target=\"_blank\" rel=\"noopener\">rendre la ville \u00ab\u2009plus marchable\u2009\u00bb et s\u00e9curiser les d\u00e9placements des pi\u00e9tons<\/a> doit \u00eatre mis en place, ces derniers ont d\u2019ores et d\u00e9j\u00e0 pu profiter de <strong>nombreuses transformations<\/strong>. Plus pr\u00e9cis\u00e9ment, de la cr\u00e9ation du chemin pi\u00e9ton entre la Porte de la Craffe et la rue Saint-Nicolas, mais aussi des <strong>am\u00e9nagements<\/strong> en Vieille Ville. La prochaine et <strong>troisi\u00e8me phase de pi\u00e9tonnisation<\/strong> pourrait concerner les <a href=\"https:\/\/actu.fr\/grand-est\/nancy_54395\/nancy-ces-deux-places-tres-frequentees-bientot-interdites-aux-voitures-la-ville-va-lancer-une-etude_61580519.html\" target=\"_blank\" rel=\"noopener\">places de la Carri\u00e8re et Saint-Epvre<\/a>. Rien n\u2019a encore \u00e9t\u00e9 adopt\u00e9, mais des \u00e9tudes ont \u00e9t\u00e9 lanc\u00e9es.<\/p>\n<p class=\" wall-content\">Si ces changements sont per\u00e7us par certains comme une <strong>volont\u00e9 de chasser la voiture du centre-ville<\/strong>, il est plut\u00f4t question pour Mathieu Klein de r\u00e9\u00e9quilibrer la place de chaque mode de d\u00e9placement. En ce sens, de <a href=\"https:\/\/actu.fr\/societe\/stationnement-la-metropole-du-grand-nancy-veut-creer-de-nouveaux-parkings-relais-voici-ou_62817340.html\" target=\"_blank\" rel=\"noopener\">nouveaux parkings relais<\/a> doivent voir le jour et la M\u00e9tropole entend favoriser le contournement du c\u0153ur de ville afin d\u2019\u00e9viter le trafic de transit.<\/p>\n<p>R\u00e9ouverture de la ligne Nancy-Lyon et discussions entam\u00e9es pour le retour des TGV Ouigo<\/p>\n<p class=\" wall-content\">Du c\u00f4t\u00e9 de la <strong>SNCF<\/strong>, apr\u00e8s la fermeture de la <a href=\"https:\/\/actu.fr\/grand-est\/nancy_54395\/sncf-c-est-officiel-la-ligne-ferroviaire-entre-nancy-et-lyon-va-rouvrir_60265774.html\" target=\"_blank\" rel=\"noopener\">ligne Nancy-Lyon<\/a>, Mathieu Klein fait partie de ces \u00e9lus locaux qui se sont battus pour sa r\u00e9ouverture. C\u2019est chose faite puisque la liaison <strong>a repris en d\u00e9cembre\u00a02024<\/strong> \u00e0 raison d\u2019un aller-retour quotidien. La fr\u00e9quence devrait \u00eatre doubl\u00e9e \u00e0 partir de d\u00e9cembre\u00a02025.<\/p>\n<p class=\" wall-content\">Le maire de Nancy a aussi entam\u00e9 un dialogue avec la SNCF en vue du retour des <a href=\"https:\/\/actu.fr\/grand-est\/nancy_54395\/tgv-ouigo-le-maire-de-nancy-milite-pour-le-retour-d-une-liaison-a-bas-prix-vers-paris_62897186.html\" target=\"_blank\" rel=\"noopener\">TGV Ouigo<\/a> \u00ab\u2009au plus tard en 2026\u2009\u00bb.<\/p>\n<p class=\" wall-content\">Suivez toute l\u2019actualit\u00e9 de vos villes et m\u00e9dias favoris en vous inscrivant \u00e0 <a href=\"https:\/\/moncompte.actu.fr\" title=\"D\u00e9couvez Mon Actu\" rel=\"nofollow noopener\" data-trk=\"{&quot;cta&quot;:{&quot;action&quot;:&quot;https:\\\/\\\/moncompte.actu.fr&quot;,&quot;category&quot;:&quot;mon compte&quot;,&quot;from&quot;:&quot;article footer&quot;,&quot;name&quot;:&quot;Mon actu&quot;,&quot;type&quot;:&quot;cta&quot;}}\" target=\"_blank\">Mon Actu<\/a>.<\/p>\n","protected":false},"excerpt":{"rendered":"Par Amandine Mehl Publi\u00e9 le 30 juil. 2025 \u00e0 16h50 Lors de la campagne des municipales de 2020,&hellip;\n","protected":false},"author":2,"featured_media":284608,"comment_status":"","ping_status":"","sticky":false,"template":"","format":"standard","meta":{"footnotes":""},"categories":[9635],"tags":[1111,11,1777,674,1011,27,775,14606,1702,12,25,9849,104,2803],"class_list":{"0":"post-284607","1":"post","2":"type-post","3":"status-publish","4":"format-standard","5":"has-post-thumbnail","7":"category-nancy","8":"tag-actu","9":"tag-actualites","10":"tag-eu","11":"tag-europe","12":"tag-fr","13":"tag-france","14":"tag-grand-est","15":"tag-mathieu-klein","16":"tag-nancy","17":"tag-news","18":"tag-republique-francaise","19":"tag-reseau-stan","20":"tag-societe","21":"tag-transport"},"share_on_mastodon":{"url":"https:\/\/pubeurope.com\/@fr\/114942927501684092","error":""},"_links":{"self":[{"href":"https:\/\/www.europesays.com\/fr\/wp-json\/wp\/v2\/posts\/284607","targetHints":{"allow":["GET"]}}],"collection":[{"href":"https:\/\/www.europesays.com\/fr\/wp-json\/wp\/v2\/posts"}],"about":[{"href":"https:\/\/www.europesays.com\/fr\/wp-json\/wp\/v2\/types\/post"}],"author":[{"embeddable":true,"href":"https:\/\/www.europesays.com\/fr\/wp-json\/wp\/v2\/users\/2"}],"replies":[{"embeddable":true,"href":"https:\/\/www.europesays.com\/fr\/wp-json\/wp\/v2\/comments?post=284607"}],"version-history":[{"count":0,"href":"https:\/\/www.europesays.com\/fr\/wp-json\/wp\/v2\/posts\/284607\/revisions"}],"wp:featuredmedia":[{"embeddable":true,"href":"https:\/\/www.europesays.com\/fr\/wp-json\/wp\/v2\/media\/284608"}],"wp:attachment":[{"href":"https:\/\/www.europesays.com\/fr\/wp-json\/wp\/v2\/media?parent=284607"}],"wp:term":[{"taxonomy":"category","embeddable":true,"href":"https:\/\/www.europesays.com\/fr\/wp-json\/wp\/v2\/categories?post=284607"},{"taxonomy":"post_tag","embeddable":true,"href":"https:\/\/www.europesays.com\/fr\/wp-json\/wp\/v2\/tags?post=284607"}],"curies":[{"name":"wp","href":"https:\/\/api.w.org\/{rel}","templated":true}]}}