{"id":284609,"date":"2025-07-30T15:37:20","date_gmt":"2025-07-30T15:37:20","guid":{"rendered":"https:\/\/www.europesays.com\/fr\/284609\/"},"modified":"2025-07-30T15:37:20","modified_gmt":"2025-07-30T15:37:20","slug":"nancy-la-belle-saison-change-dhoraire","status":"publish","type":"post","link":"https:\/\/www.europesays.com\/fr\/284609\/","title":{"rendered":"Nancy. La Belle Saison change d\u2019horaire"},"content":{"rendered":"<p>La Belle Saison, le vid\u00e9o-mapping monumental, qui c\u00e9l\u00e8bre l\u2019alliance remarquable du patrimoine XVIII e et la cr\u00e9ation contemporaine, en magnifiant durant tout l\u2019\u00e9t\u00e9 les cinq fa\u00e7ades de la <a href=\"https:\/\/www.estrepublicain.fr\/p\/place-stanislas\" target=\"_blank\" rel=\"noopener\">place Stanislas<\/a>, change d\u2019horaire \u00e0 partir de ce vendredi 1er \u00a0ao\u00fbt, et sera projet\u00e9 \u00e0 partir de 22\u00a0h (la projection sera n\u00e9anmoins d\u00e9cal\u00e9e \u00e0 22\u00a0h\u00a045 le vendredi 12\u00a0septembre dans le cadre du Livre sur la place).<\/p>\n<p><a href=\"https:\/\/www.estrepublicain.fr\/culture-loisirs\/2025\/05\/13\/mapping-a-nancy-andre-manoukian-signe-la-bande-son-de-morphing-architecture-le-nouveau-son-et-lumiere-de-la-place-stanislas\" target=\"_blank\" rel=\"noopener\">Dans cette cr\u00e9ation nomm\u00e9e Morphing Architecture ,<\/a> AV Extended explore les th\u00e8mes de l\u2019h\u00e9ritage, du temps, de l\u2019intelligence artificielle (IA) et des couleurs. Cette ann\u00e9e, le compositeur et musicien renomm\u00e9 <a href=\"https:\/\/www.estrepublicain.fr\/p\/andre-manoukian\" target=\"_blank\" rel=\"noopener\">Andr\u00e9 Manoukian<\/a> et le compositeur, musicien et plasticien sonore fran\u00e7ais Ena Eno ont sign\u00e9 la musique de ce spectacle. La cr\u00e9ation graphique est propos\u00e9e par Josselin Fouch\u00e9, sous la direction artistique de l\u2019architecte, curateur et artiste plasticien J\u00e9r\u00e9mie Bellot.<\/p>\n<p>Ce spectacle en acc\u00e8s libre a accueilli l\u2019an pass\u00e9 pr\u00e8s de 600\u00a0000 spectateurs. Il est l\u2019un des moments tr\u00e8s attendus de la programmation estivale. Depuis 2007, cet \u00e9v\u00e9nement immanquable comptabilise 16 \u00e9ditions et plus de 7,5\u00a0millions de spectateurs\u00a0!<\/p>\n<p>Au c\u0153ur du spectacle se trouve un principe philosophique\u00a0: l\u2019id\u00e9e que la pr\u00e9servation de notre h\u00e9ritage n\u00e9cessite une interaction constante entre le pass\u00e9, le pr\u00e9sent et l\u2019avenir. Tout comme les pierres de l\u2019architecture portent les marques du temps, notre interpr\u00e9tation et notre compr\u00e9hension de l\u2019h\u00e9ritage \u00e9voluent avec l\u2019avancement de la technologie et des perspectives.<\/p>\n","protected":false},"excerpt":{"rendered":"La Belle Saison, le vid\u00e9o-mapping monumental, qui c\u00e9l\u00e8bre l\u2019alliance remarquable du patrimoine XVIII e et la cr\u00e9ation contemporaine,&hellip;\n","protected":false},"author":2,"featured_media":284610,"comment_status":"","ping_status":"","sticky":false,"template":"","format":"standard","meta":{"footnotes":""},"categories":[9635],"tags":[1111,11,1687,1704,1777,674,1011,27,775,1702,1703,12,2661,25],"class_list":{"0":"post-284609","1":"post","2":"type-post","3":"status-publish","4":"format-standard","5":"has-post-thumbnail","7":"category-nancy","8":"tag-actu","9":"tag-actualites","10":"tag-culture-loisirs","11":"tag-edition-nancy-et-agglomeration","12":"tag-eu","13":"tag-europe","14":"tag-fr","15":"tag-france","16":"tag-grand-est","17":"tag-nancy","18":"tag-nancy-ville-54b","19":"tag-news","20":"tag-patrimoine-culturel","21":"tag-republique-francaise"},"share_on_mastodon":{"url":"https:\/\/pubeurope.com\/@fr\/114942931385761322","error":""},"_links":{"self":[{"href":"https:\/\/www.europesays.com\/fr\/wp-json\/wp\/v2\/posts\/284609","targetHints":{"allow":["GET"]}}],"collection":[{"href":"https:\/\/www.europesays.com\/fr\/wp-json\/wp\/v2\/posts"}],"about":[{"href":"https:\/\/www.europesays.com\/fr\/wp-json\/wp\/v2\/types\/post"}],"author":[{"embeddable":true,"href":"https:\/\/www.europesays.com\/fr\/wp-json\/wp\/v2\/users\/2"}],"replies":[{"embeddable":true,"href":"https:\/\/www.europesays.com\/fr\/wp-json\/wp\/v2\/comments?post=284609"}],"version-history":[{"count":0,"href":"https:\/\/www.europesays.com\/fr\/wp-json\/wp\/v2\/posts\/284609\/revisions"}],"wp:featuredmedia":[{"embeddable":true,"href":"https:\/\/www.europesays.com\/fr\/wp-json\/wp\/v2\/media\/284610"}],"wp:attachment":[{"href":"https:\/\/www.europesays.com\/fr\/wp-json\/wp\/v2\/media?parent=284609"}],"wp:term":[{"taxonomy":"category","embeddable":true,"href":"https:\/\/www.europesays.com\/fr\/wp-json\/wp\/v2\/categories?post=284609"},{"taxonomy":"post_tag","embeddable":true,"href":"https:\/\/www.europesays.com\/fr\/wp-json\/wp\/v2\/tags?post=284609"}],"curies":[{"name":"wp","href":"https:\/\/api.w.org\/{rel}","templated":true}]}}