{"id":284613,"date":"2025-07-30T15:39:14","date_gmt":"2025-07-30T15:39:14","guid":{"rendered":"https:\/\/www.europesays.com\/fr\/284613\/"},"modified":"2025-07-30T15:39:14","modified_gmt":"2025-07-30T15:39:14","slug":"tout-sera-t-il-pret-pour-le-premier-match-du-rct-a-domicile-on-fait-le-point-sur-les-travaux-en-cours-au-stade-mayol-a-toulon","status":"publish","type":"post","link":"https:\/\/www.europesays.com\/fr\/284613\/","title":{"rendered":"Tout sera-t-il pr\u00eat pour le premier match du RCT \u00e0 domicile? On fait le point sur les travaux en cours au stade Mayol \u00e0 Toulon"},"content":{"rendered":"<p>Le compte \u00e0 rebours est lanc\u00e9. Dans \u00e0 peine plus d\u2019un mois, histoire de laisser les dix bons jours de battement n\u00e9cessaires pour tester les installations, les travaux devront \u00eatre termin\u00e9s. La date du 13 septembre a d\u2019ailleurs d\u00fb \u00eatre inscrite en rouge et en \u00e9norme sur les plans de l\u2019architecte Thibault Wirz, et sur les contrats des entreprises intervenant sur le dossier, car elle \u00e9tait sur toutes les l\u00e8vres, hier matin, lors de la visite de l\u2019imposant chantier de Mayol.<\/p>\n<p>Un chantier de 5 millions d\u2019euros destin\u00e9 \u00e0 r\u00e9nover et moderniser la sonorisation et l\u2019\u00e9clairage, afin de r\u00e9pondre aux normes de t\u00e9l\u00e9diffusion exig\u00e9es par la Ligue nationale et la F\u00e9d\u00e9ration fran\u00e7aise de rugby. Trois m\u00e2ts de 24m ont ainsi \u00e9t\u00e9 dress\u00e9s, un quatri\u00e8me, un peu plus compliqu\u00e9 \u00e0 installer, le sera d\u2019ici deux \u00e0 trois semaines, pour couvrir tous les angles du terrain.<\/p>\n<p>Un grand show pour la r\u00e9ception de Castres?<\/p>\n<p>Dans le m\u00eame temps, les ouvriers cravachent \u00e0 consolider les structures des tribunes lat\u00e9rales, avant que ne soient pos\u00e9s 40 projecteurs, et donc pr\u00e8s de quatre tonnes, sur le toit de chacune des tribunes Lafontan et Bonnus. \u00ab\u00a0C\u2019est une difficult\u00e9 suppl\u00e9mentaire, ne cache pas Thibault Wirz. Il faut faire tr\u00e8s attention. On a fait des sondages et \u00e7a prend du temps. Mais on sera \u00e0 l\u2019heure pour le premier match! \u00a0\u00bb \u00ab\u00a0On a voulu concevoir une v\u00e9ritable innovation, poursuit Emmanuel Benech, le concepteur lumi\u00e8re, avec des \u00e9clairages combin\u00e9s sportifs, sc\u00e9niques et tribunes, qui permettront de cr\u00e9er des animations et des \u00e9v\u00e9nements qui vont marquer plus en force l\u2019esprit \u2018\u2018On est \u00e0 Toulon\u2019\u2019. On voit cela dans d\u2019autres stades de rugby, mais de fa\u00e7on ponctuelle. L\u00e0, ce sera \u00e0 demeure. \u00ab\u00a0<\/p>\n<p>En parall\u00e8le, la totalit\u00e9 de la sonorisation a \u00e9t\u00e9 chang\u00e9e. \u00ab\u00a0Ce sera coupl\u00e9 \u00e0 tout l\u2019aspect \u00e9v\u00e9nementiel, informe le concepteur audio Roland Secq. On pourra faire vraiment du bruit.\u00a0\u00bb Le tout sera pilot\u00e9 automatiquement depuis la r\u00e9gie par Mathieu, le stadium manager, et ses \u00e9quipes du RCT. \u00ab\u00a0Pour nous, \u00e7a va \u00eatre \u00e9norme, commente le jeune homme. D\u2019autant que les deux premiers matches sont \u00e0 21h, donc on va pouvoir tester tout \u00e7a imm\u00e9diatement.\u00a0\u00bb<\/p>\n<p>En attendant, donc, cette fameuse r\u00e9ception de Castres, qui promet bien des surprises m\u00eame si rien de concret n\u2019a filtr\u00e9 hier, tout le monde garde les yeux braqu\u00e9s sur ces quelques lettres inscrites au fer rouge: 13 septembre.<\/p>\n<p>              <img ci-src=\"https:\/\/www.varmatin.com\/vie-locale\/Image+TOUXXQ914_FM_TRAVAUX+STADE+MAYOL-8z7x0glH.jpg?vh=d8cfdb&amp;ci_seal=68d8aa5edc\" alt=\"\"\/><\/p>\n<p>            Lema\u00eetre : \u00ab\u00a0Une excellente collaboration\u00a0\u00bb<\/p>\n<p>C\u00f4te \u00e0 c\u00f4te, et tout sourire. Hier matin, la maire de Toulon Jos\u00e9e Massi et le pr\u00e9sident du Rugby club toulonnais Bernard Lema\u00eetre ne se sont pas quitt\u00e9s le temps de la visite de l\u2019actuel chantier de Mayol. \u00ab Le projet de la mairie est tout \u00e0 fait ambitieux, estime le patron du RCT. Nous avons une excellente collaboration et une compr\u00e9hension commune des enjeux, et je m\u2019en f\u00e9licite. \u00bb \u00ab On \u00e9tablit un programme avec Bernard, abonde la premi\u00e8re magistrate. Mayol, c\u2019est l\u2019\u00e2me de Toulon, on ne peut pas abandonner Mayol. Ce sont des co\u00fbts importants, mais il \u00e9tait important de lui donner un bon son et un \u00e9clairage digne de ce que la Ligue attend de nous pour l\u2019\u00e9clairage des matches. \u00bb<\/p>\n<p><strong>La couverture des tribunes dans les tuyaux<\/strong><\/p>\n<p>Avec ces am\u00e9nagements, l\u2019\u00e9pineuse question de la d\u00e9localisation des matches, dans un avenir plus ou moins proche, dans un stade plus moderne, n\u2019est-elle donc plus que de l\u2019histoire ancienne ? \u00ab La question existera toujours, r\u00e9pond sans d\u00e9tour Bernard Lema\u00eetre, dans la mesure o\u00f9 on ne sait pas aujourd\u2019hui comment on peut faire \u00e9voluer Mayol dans tout un tas de domaines qui sont imp\u00e9ratifs dans le sport professionnel. Comme, par exemple, am\u00e9liorer l\u2019exp\u00e9rience spectateurs, am\u00e9liorer les capacit\u00e9s de recettes du club&#8230; Si on arrive \u00e0 faire tout \u00e7a \u00e0 Mayol, on est tr\u00e8s heureux. On est tr\u00e8s, tr\u00e8s attach\u00e9 \u00e0 Mayol, contrairement \u00e0 ce qui a pu \u00eatre dit. \u00bb<\/p>\n<p>En attendant, les travaux sont amen\u00e9s \u00e0 se poursuivre, du moins lorsque les terribles guerriers de la rade en auront fini avec leur saison et pourront lib\u00e9rer leur stade. \u00ab On en discute avec le club, d\u00e9voile la maire de Toulon, mais on va peut-\u00eatre couvrir les tribunes. On se doit de donner un confort aux spectateurs, parce que l\u2019hiver il fait froid et l\u2019\u00e9t\u00e9 il fait trop chaud. Donc je crois que ce sera le prochain grand chantier. \u00bb<\/p>\n","protected":false},"excerpt":{"rendered":"Le compte \u00e0 rebours est lanc\u00e9. Dans \u00e0 peine plus d\u2019un mois, histoire de laisser les dix bons&hellip;\n","protected":false},"author":2,"featured_media":284614,"comment_status":"","ping_status":"","sticky":false,"template":"","format":"standard","meta":{"footnotes":""},"categories":[9619],"tags":[1111,11,1777,674,1011,27,12,882,25,479,2310,3366],"class_list":{"0":"post-284613","1":"post","2":"type-post","3":"status-publish","4":"format-standard","5":"has-post-thumbnail","7":"category-toulon","8":"tag-actu","9":"tag-actualites","10":"tag-eu","11":"tag-europe","12":"tag-fr","13":"tag-france","14":"tag-news","15":"tag-provence-alpes-cote-dazur","16":"tag-republique-francaise","17":"tag-rugby","18":"tag-toulon","19":"tag-vie-locale"},"share_on_mastodon":{"url":"https:\/\/pubeurope.com\/@fr\/114942939276416666","error":""},"_links":{"self":[{"href":"https:\/\/www.europesays.com\/fr\/wp-json\/wp\/v2\/posts\/284613","targetHints":{"allow":["GET"]}}],"collection":[{"href":"https:\/\/www.europesays.com\/fr\/wp-json\/wp\/v2\/posts"}],"about":[{"href":"https:\/\/www.europesays.com\/fr\/wp-json\/wp\/v2\/types\/post"}],"author":[{"embeddable":true,"href":"https:\/\/www.europesays.com\/fr\/wp-json\/wp\/v2\/users\/2"}],"replies":[{"embeddable":true,"href":"https:\/\/www.europesays.com\/fr\/wp-json\/wp\/v2\/comments?post=284613"}],"version-history":[{"count":0,"href":"https:\/\/www.europesays.com\/fr\/wp-json\/wp\/v2\/posts\/284613\/revisions"}],"wp:featuredmedia":[{"embeddable":true,"href":"https:\/\/www.europesays.com\/fr\/wp-json\/wp\/v2\/media\/284614"}],"wp:attachment":[{"href":"https:\/\/www.europesays.com\/fr\/wp-json\/wp\/v2\/media?parent=284613"}],"wp:term":[{"taxonomy":"category","embeddable":true,"href":"https:\/\/www.europesays.com\/fr\/wp-json\/wp\/v2\/categories?post=284613"},{"taxonomy":"post_tag","embeddable":true,"href":"https:\/\/www.europesays.com\/fr\/wp-json\/wp\/v2\/tags?post=284613"}],"curies":[{"name":"wp","href":"https:\/\/api.w.org\/{rel}","templated":true}]}}