{"id":284617,"date":"2025-07-30T15:41:17","date_gmt":"2025-07-30T15:41:17","guid":{"rendered":"https:\/\/www.europesays.com\/fr\/284617\/"},"modified":"2025-07-30T15:41:17","modified_gmt":"2025-07-30T15:41:17","slug":"un-elu-porte-plainte-apres-leuthanasie-de-200-chauves-souris-au-zoo-de-montpellier","status":"publish","type":"post","link":"https:\/\/www.europesays.com\/fr\/284617\/","title":{"rendered":"Un \u00e9lu porte plainte apr\u00e8s l&rsquo;euthanasie de 200 chauves-souris au zoo de Montpellier"},"content":{"rendered":"<p>La justice doit \u00abconfirmer que cette euthanasie \u00e9tait irr\u00e9guli\u00e8re, pour que \u00e7a ne se reproduise pas sur d\u2019autres animaux\u00bb, a plaid\u00e9 l\u2019\u00e9lu du Parti animaliste.<\/p>\n<p class=\"fig-paragraph\">Un conseiller municipal de Montpellier, \u00e9lu du\u00a0<a href=\"http:\/\/www.lefigaro.fr\/politique\/helene-thouy-emmanuel-macron-doit-creer-un-ministere-de-la-condition-animale-20220609\" target=\"_blank\" data-fig-type=\"Article\" rel=\"noopener\" data-gtm-custom-categorie=\"navigation\" data-gtm-custom-action=\"crossclick\" data-gtm-custom-label=\"Contextuel\" data-gtm-event=\"customEventSPE\" data-fig-domain=\"LEFIGARO\">Parti animaliste<\/a>, a d\u00e9pos\u00e9 plainte apr\u00e8s l&rsquo;euthanasie de 200 chauves-souris du zoo de la ville en f\u00e9vrier, faute d&rsquo;autre site pour les accueillir, a confirm\u00e9 le tribunal administratif mercredi \u00e0 l&rsquo;AFP. Eddine Ariztegui, \u00e9lu au conseil municipal et d\u00e9l\u00e9gu\u00e9 au bien-\u00eatre animal, a saisi lundi le tribunal administratif de Montpellier, qui n&rsquo;a pas pr\u00e9cis\u00e9 \u00e0 quelle date il pourrait \u00e9tudier ce dossier. La justice doit \u00abconfirmer que cette euthanasie \u00e9tait irr\u00e9guli\u00e8re, pour que \u00e7a ne se reproduise pas sur d&rsquo;autres animaux\u00bb, a plaid\u00e9 l&rsquo;\u00e9lu aupr\u00e8s de l&rsquo;AFP.<\/p>\n<p class=\"fig-paragraph\">Ces chiropt\u00e8res \u00e9taient sans domicile fixe depuis 2021 au zoo de Montpellier. Leur avenir \u00e9tait \u00e0 l&rsquo;\u00e9tude depuis de nombreux mois apr\u00e8s leur expulsion de la serre amazonienne de l&rsquo;\u00e9tablissement, ferm\u00e9e apr\u00e8s un rapport de la Direction d\u00e9partementale de protection des populations (DDPP) d\u00e9non\u00e7ant les conditions de vie des animaux et d&rsquo;accueil du public. \u00abLa direction du zoo s&rsquo;est imm\u00e9diatement charg\u00e9e de trouver des parcs animaliers, en France et en Europe, \u00e0 m\u00eame d&rsquo;accueillir les animaux de la serre, dont la population des chauves-souris\u00bb, ont expliqu\u00e9 les services de la mairie \u00e0 l&rsquo;AFP. Une r\u00e9introduction en\u00a0<a href=\"http:\/\/www.lefigaro.fr\/flash-actu\/manuel-valls-ouvre-des-discussions-sur-un-projet-d-autonomie-de-la-guyane-20250730\" target=\"_blank\" data-fig-type=\"NewsFlash\" rel=\"noopener\" data-gtm-custom-categorie=\"navigation\" data-gtm-custom-action=\"crossclick\" data-gtm-custom-label=\"Contextuel\" data-gtm-event=\"customEventSPE\" data-fig-domain=\"LEFIGARO\">Guyane\u00a0<\/a>avait ainsi \u00e9t\u00e9 envisag\u00e9e.<\/p>\n<p>                                    <a class=\"fig-a11y-skip a11y-hidden\" href=\"#fig-a11y-skip-main-inarticle\"><br \/>\n        Passer la publicit\u00e9<br \/>\n    <\/a><\/p>\n<p>Endormissement profond<\/p>\n<p class=\"fig-paragraph\">Eddine Ariztegui avait lui-m\u00eame particip\u00e9 \u00e0 ces recherches en contactant \u00abpr\u00e8s de 1000 institutions \u00e0 travers le monde\u00bb, a-t-il pr\u00e9cis\u00e9. Quant \u00e0 l&rsquo;id\u00e9e de leur construire un enclos, c&rsquo;\u00e9tait \u00ab200.000 euros, une goutte d&rsquo;eau dans le budget de la Ville\u00bb, mais cette solution \u00abn&rsquo;a jamais \u00e9t\u00e9 valid\u00e9e\u00bb, a-t-il regrett\u00e9.<\/p>\n<p class=\"fig-paragraph\">\u00abFaute de solution alternative ad\u00e9quate\u00bb, et alors que les 200 chauves-souris \u00e9taient en quarantaine dans des installations \u00abn&rsquo;offrant plus les conditions de bien-\u00eatre garantissant leur bonne sant\u00e9 et survie\u00bb, la ville, mise en demeure par la DDPP, avait finalement opt\u00e9 pour l&rsquo;euthanasie.<\/p>\n<p class=\"fig-paragraph\">Celle-ci a \u00e9t\u00e9 pratiqu\u00e9e le 19 f\u00e9vrier par les v\u00e9t\u00e9rinaires du zoo \u00abapr\u00e8s la diffusion d&rsquo;un anesth\u00e9siant provoquant un endormissement profond\u00bb, un protocole ayant permis d&rsquo;\u00e9viter aux animaux \u00abde la douleur ou du stress\u00bb, a pr\u00e9cis\u00e9 la mairie.<\/p>\n<p class=\"fig-paragraph\">Ces chauves-souris, de type Carollia perspicillata, n&rsquo;appartenaient pas \u00e0 une esp\u00e8ce menac\u00e9e, selon l&rsquo;Union internationale pour la conservation de la nature (UICN), qui les avait temporairement class\u00e9es parmi les esp\u00e8ces \u00e0 \u00abpr\u00e9occupation mineure\u00bb, en 2017.<\/p>\n<p class=\"fig-paragraph\">Le Parti animaliste a appel\u00e9, dans un communiqu\u00e9 mardi, \u00ables l\u00e9gislateurs \u00e0 voter une loi pour interdire\u00bb l&rsquo;abattage r\u00e9guli\u00e8rement pratiqu\u00e9 dans les zoos, \u00abqui mettent \u00e0 mort des animaux sans motif m\u00e9dical\u00bb.<\/p>\n","protected":false},"excerpt":{"rendered":"La justice doit \u00abconfirmer que cette euthanasie \u00e9tait irr\u00e9guli\u00e8re, pour que \u00e7a ne se reproduise pas sur d\u2019autres&hellip;\n","protected":false},"author":2,"featured_media":284618,"comment_status":"","ping_status":"","sticky":false,"template":"","format":"standard","meta":{"footnotes":""},"categories":[9599],"tags":[1111,11,17709,1867,7654,4850,1777,674,1011,27,18518,18516,2208,12,2680,10711,25],"class_list":{"0":"post-284617","1":"post","2":"type-post","3":"status-publish","4":"format-standard","5":"has-post-thumbnail","7":"category-montpellier","8":"tag-actu","9":"tag-actualites","10":"tag-animal-de-compagnie","11":"tag-animaux","12":"tag-chat","13":"tag-chien","14":"tag-eu","15":"tag-europe","16":"tag-fr","17":"tag-france","18":"tag-hamster","19":"tag-lapin","20":"tag-montpellier","21":"tag-news","22":"tag-occitanie","23":"tag-poisson","24":"tag-republique-francaise"},"share_on_mastodon":{"url":"https:\/\/pubeurope.com\/@fr\/114942947192478930","error":""},"_links":{"self":[{"href":"https:\/\/www.europesays.com\/fr\/wp-json\/wp\/v2\/posts\/284617","targetHints":{"allow":["GET"]}}],"collection":[{"href":"https:\/\/www.europesays.com\/fr\/wp-json\/wp\/v2\/posts"}],"about":[{"href":"https:\/\/www.europesays.com\/fr\/wp-json\/wp\/v2\/types\/post"}],"author":[{"embeddable":true,"href":"https:\/\/www.europesays.com\/fr\/wp-json\/wp\/v2\/users\/2"}],"replies":[{"embeddable":true,"href":"https:\/\/www.europesays.com\/fr\/wp-json\/wp\/v2\/comments?post=284617"}],"version-history":[{"count":0,"href":"https:\/\/www.europesays.com\/fr\/wp-json\/wp\/v2\/posts\/284617\/revisions"}],"wp:featuredmedia":[{"embeddable":true,"href":"https:\/\/www.europesays.com\/fr\/wp-json\/wp\/v2\/media\/284618"}],"wp:attachment":[{"href":"https:\/\/www.europesays.com\/fr\/wp-json\/wp\/v2\/media?parent=284617"}],"wp:term":[{"taxonomy":"category","embeddable":true,"href":"https:\/\/www.europesays.com\/fr\/wp-json\/wp\/v2\/categories?post=284617"},{"taxonomy":"post_tag","embeddable":true,"href":"https:\/\/www.europesays.com\/fr\/wp-json\/wp\/v2\/tags?post=284617"}],"curies":[{"name":"wp","href":"https:\/\/api.w.org\/{rel}","templated":true}]}}