{"id":284619,"date":"2025-07-30T15:42:09","date_gmt":"2025-07-30T15:42:09","guid":{"rendered":"https:\/\/www.europesays.com\/fr\/284619\/"},"modified":"2025-07-30T15:42:09","modified_gmt":"2025-07-30T15:42:09","slug":"basket-ball-victor-wembanyama-et-les-bleus-reviennent-a-rouen-pour-preparer-la-coupe-du-monde-2027","status":"publish","type":"post","link":"https:\/\/www.europesays.com\/fr\/284619\/","title":{"rendered":"Basket-ball. Victor Wembanyama et les Bleus reviennent \u00e0 Rouen pour pr\u00e9parer la coupe du monde 2027"},"content":{"rendered":"<p>            Par<br \/>\n        <strong><br \/>\n            <a href=\"https:\/\/actu.fr\/auteur\/adrien-filoche\" title=\"Consulter tous les articles de Adrien Filoche\" target=\"_blank\" rel=\"noopener\">Adrien Filoche<\/a><br \/>\n        <\/strong><\/p>\n<p>        Publi\u00e9 le<\/p>\n<p>            30 juil. 2025 \u00e0 16h56        <\/p>\n<p><strong>Une tr\u00e8s bonne nouvelle pour les fans de basket-ball\u2009!<\/strong> Les Bleus et leur superstar <strong>Victor Wembanyama<\/strong> seront tr\u00e8s prochainement de retour \u00e0 <a href=\"https:\/\/actu.fr\/normandie\/rouen_76540\" target=\"_blank\" rel=\"noopener\">Rouen (Seine-Maritime)<\/a> pour un match de qualification pour la coupe du monde 2027 au Qatar.<\/p>\n<p>De retour apr\u00e8s la pr\u00e9paration des Jeux olympiques<\/p>\n<p class=\" wall-content\">Les Bleus affronteront donc la Belgique le 28\u00a0novembre 2025 au Kindarena de Rouen pour <strong>la premi\u00e8re phase de qualification<\/strong> de la coupe du monde 2027.<\/p>\n<p class=\" wall-content\">Comme le pr\u00e9sente ainsi la FFBB (F\u00e9d\u00e9ration Fran\u00e7aise de basket-ball), \u00ab\u2009six rencontres sont au programme d\u2019ici au mois de juillet\u00a02026. Dans la poule G, compos\u00e9e de quatre \u00e9quipes, les trois premiers du classement seront qualifi\u00e9s pour la deuxi\u00e8me phase qui se d\u00e9roulera du mois d\u2019ao\u00fbt\u00a02026 au mois de f\u00e9vrier\u00a02027\u2009\u00bb.<\/p>\n<p class=\" wall-content\">En 2024, les Bleus avaient d\u00e9j\u00e0 foul\u00e9 le parquet rouennais dans le cadre de la pr\u00e9paration des <a href=\"https:\/\/actu.fr\/jeux-olympiques\" target=\"_blank\" rel=\"noopener\">Jeux olympiques<\/a> en juillet\u00a02024. Devant plus de 5400 supporters, <a href=\"https:\/\/actu.fr\/normandie\/rouen_76540\/basket-wembanyama-et-les-bleus-surclassent-la-turquie-dans-une-kindarena-de-rouen-en-ebullition_61301161.html\" target=\"_blank\" rel=\"noopener\">les Fran\u00e7ais avaient ainsi surclass\u00e9 la Turquie<\/a> (96 \u00e0 46). Pas de doute que public normand sera aussi exalt\u00e9 pour le retour des Bleus en 2025.<\/p>\n<p class=\" wall-content\">Suivez toute l\u2019actualit\u00e9 de vos villes et m\u00e9dias favoris en vous inscrivant \u00e0 <a href=\"https:\/\/moncompte.actu.fr\" title=\"D\u00e9couvez Mon Actu\" rel=\"nofollow noopener\" data-trk=\"{&quot;cta&quot;:{&quot;action&quot;:&quot;https:\\\/\\\/moncompte.actu.fr&quot;,&quot;category&quot;:&quot;mon compte&quot;,&quot;from&quot;:&quot;article footer&quot;,&quot;name&quot;:&quot;Mon actu&quot;,&quot;type&quot;:&quot;cta&quot;}}\" target=\"_blank\">Mon Actu<\/a>.<\/p>\n<ul class=\"ac-article-tag wall-content\">\n<li><a href=\"https:\/\/actu.fr\/tag\/equipe-de-france-de-basket\" data-trk=\"{&quot;cta&quot;:{&quot;action&quot;:&quot;\\u00c9quipe de France de basket&quot;,&quot;category&quot;:&quot;tag&quot;,&quot;from&quot;:&quot;article footer&quot;,&quot;name&quot;:&quot;\\u00c9quipe de France de basket&quot;,&quot;type&quot;:&quot;cta&quot;}}\" target=\"_blank\" rel=\"noopener\">#\u00c9quipe de France de basket<\/a><\/li>\n<li><a href=\"https:\/\/actu.fr\/tag\/kindarena\" data-trk=\"{&quot;cta&quot;:{&quot;action&quot;:&quot;Kindarena&quot;,&quot;category&quot;:&quot;tag&quot;,&quot;from&quot;:&quot;article footer&quot;,&quot;name&quot;:&quot;Kindarena&quot;,&quot;type&quot;:&quot;cta&quot;}}\" target=\"_blank\" rel=\"noopener\">#Kindarena<\/a><\/li>\n<\/ul>\n","protected":false},"excerpt":{"rendered":"Par Adrien Filoche Publi\u00e9 le 30 juil. 2025 \u00e0 16h56 Une tr\u00e8s bonne nouvelle pour les fans de&hellip;\n","protected":false},"author":2,"featured_media":284620,"comment_status":"","ping_status":"","sticky":false,"template":"","format":"standard","meta":{"footnotes":""},"categories":[9587],"tags":[1111,11,1465,42362,1777,674,1011,27,34987,12,5161,25,9590,60],"class_list":{"0":"post-284619","1":"post","2":"type-post","3":"status-publish","4":"format-standard","5":"has-post-thumbnail","7":"category-rouen","8":"tag-actu","9":"tag-actualites","10":"tag-basket","11":"tag-equipe-de-france-de-basket","12":"tag-eu","13":"tag-europe","14":"tag-fr","15":"tag-france","16":"tag-kindarena","17":"tag-news","18":"tag-normandie","19":"tag-republique-francaise","20":"tag-rouen","21":"tag-sports"},"share_on_mastodon":{"url":"https:\/\/pubeurope.com\/@fr\/114942951122758627","error":""},"_links":{"self":[{"href":"https:\/\/www.europesays.com\/fr\/wp-json\/wp\/v2\/posts\/284619","targetHints":{"allow":["GET"]}}],"collection":[{"href":"https:\/\/www.europesays.com\/fr\/wp-json\/wp\/v2\/posts"}],"about":[{"href":"https:\/\/www.europesays.com\/fr\/wp-json\/wp\/v2\/types\/post"}],"author":[{"embeddable":true,"href":"https:\/\/www.europesays.com\/fr\/wp-json\/wp\/v2\/users\/2"}],"replies":[{"embeddable":true,"href":"https:\/\/www.europesays.com\/fr\/wp-json\/wp\/v2\/comments?post=284619"}],"version-history":[{"count":0,"href":"https:\/\/www.europesays.com\/fr\/wp-json\/wp\/v2\/posts\/284619\/revisions"}],"wp:featuredmedia":[{"embeddable":true,"href":"https:\/\/www.europesays.com\/fr\/wp-json\/wp\/v2\/media\/284620"}],"wp:attachment":[{"href":"https:\/\/www.europesays.com\/fr\/wp-json\/wp\/v2\/media?parent=284619"}],"wp:term":[{"taxonomy":"category","embeddable":true,"href":"https:\/\/www.europesays.com\/fr\/wp-json\/wp\/v2\/categories?post=284619"},{"taxonomy":"post_tag","embeddable":true,"href":"https:\/\/www.europesays.com\/fr\/wp-json\/wp\/v2\/tags?post=284619"}],"curies":[{"name":"wp","href":"https:\/\/api.w.org\/{rel}","templated":true}]}}