{"id":284621,"date":"2025-07-30T15:43:22","date_gmt":"2025-07-30T15:43:22","guid":{"rendered":"https:\/\/www.europesays.com\/fr\/284621\/"},"modified":"2025-07-30T15:43:22","modified_gmt":"2025-07-30T15:43:22","slug":"video-un-homme-prend-en-otage-le-chien-du-voisin-et-sasperge-dessence-le-raid-intervient-et-ouvre-le-feu","status":"publish","type":"post","link":"https:\/\/www.europesays.com\/fr\/284621\/","title":{"rendered":"VID\u00c9O. Un homme prend en otage le chien du voisin et s&rsquo;asperge d&rsquo;essence, le RAID intervient et ouvre le feu"},"content":{"rendered":"<p class=\"article__intro\">Un homme qui s&rsquo;est asperg\u00e9 d&rsquo;essence mercredi 30 juillet 2025 s&rsquo;est retranch\u00e9 chez lui dans un immeuble \u00e0 Cl\u00e9on, pr\u00e8s de Rouen. Le Raid a ouvert le feu et l&rsquo;homme a fini par sortir, accompagn\u00e9 d&rsquo;une femme et du chien du voisin pris en otage.<\/p>\n<p>\n      L\u2019actu des r\u00e9gions\n    <\/p>\n<p>\n      Chaque jour, un tour d\u2019horizon des principales infos de toutes les r\u00e9gions.\n    <\/p>\n<p>    France T\u00e9l\u00e9visions utilise votre adresse e-mail afin de vous envoyer la newsletter \u00ab\u00a0L\u2019actu des r\u00e9gions\u00a0\u00bb. Vous pouvez vous d\u00e9sinscrire \u00e0 tout moment via le lien en bas de cette newsletter. <a target=\"_blank\" href=\"https:\/\/www.francetelevisions.fr\/groupe\/confidentialite\/politique-de-confidentialite\/politique-de-confidentialite-de-france-televisions-6503\" rel=\"nofollow noopener\">Notre politique de confidentialit\u00e9<\/a><\/p>\n<p>Un important dispositif de s\u00e9curit\u00e9 a \u00e9t\u00e9 d\u00e9ploy\u00e9 ce mercredi 30 juillet 2025 \u00e0 Cl\u00e9on, une commune situ\u00e9e au sud de Rouen (Seine-Maritime).<\/p>\n<p>Selon une source polici\u00e8re, un homme qui s&rsquo;est asperg\u00e9 d\u2019essence dans la matin\u00e9e, s&rsquo;est retranch\u00e9 \u00e0 son domicile, dans un immeuble pr\u00e8s de la rue de l&rsquo;\u00e9glise, au rez-de chauss\u00e9e.<\/p>\n<\/p>\n<p>Selon un habitant interrog\u00e9 sur place par notre \u00e9quipe, ils ont \u00e9t\u00e9 \u00e9vacu\u00e9s de l&rsquo;immeuble vers 8h30 par la police ce matin.<\/p>\n<p>Le quartier est boucl\u00e9 et un p\u00e9rim\u00e8tre de s\u00e9curit\u00e9 a \u00e9t\u00e9 mis en place afin de permettre l\u2019intervention des unit\u00e9s sp\u00e9cialis\u00e9es. Les n\u00e9gociateurs du RAID sont intervenus sur place pour tenter d\u2019\u00e9tablir un contact avec l\u2019individu et favoriser une issue pacifique.<\/p>\n<p>Vers 16 heures, les forces de l&rsquo;ordre ont ouvert le feu sur l&rsquo;immeuble. L&rsquo;homme a fini par sortir, accompagn\u00e9 d&rsquo;une femme. Tout le mone est sain et sauf.<\/p>\n<p>Un adolescent a film\u00e9 la sc\u00e8ne des forces de l&rsquo;ordre qui p\u00e9n\u00e8trent dans l&rsquo;appartement.<\/p>\n<p>    dur\u00e9e de la vid\u00e9o : 00h00mn10s<\/p>\n<p>        <img decoding=\"async\" width=\"640\" height=\"426\" class=\"article-image not-lazy\" src=\"https:\/\/www.europesays.com\/fr\/wp-content\/uploads\/2025\/07\/dc213f3b-8bac-4788-a0db-320229077f1f.jpg\" alt=\"\" fetchpriority=\"high\"\/><\/p>\n<p>\n          Un homme s&rsquo;asperge d&rsquo;essence et se retranche chez lui, le RAID sur place ouvre le feu pr\u00e8s de Rouen<\/p>\n<p>        \u2022<\/p>\n<p>              \u00a9DR\n      <\/p>\n<p>Selon nos informations, il pourrait s&rsquo;agir d&rsquo;un conflit de voisinage. Une information confirm\u00e9e par le procureur de la R\u00e9publique de Rouen S\u00e9batien Gallois pr\u00e9sent sur place. L&rsquo;homme aurait pris en otage le chien d&rsquo;un voisin avant de se retrancher dans l&rsquo;appartement dans lequel se trouvait sa compagne et son fils.<\/p>\n<p><a data-article-figure=\"\" href=\"https:\/\/france3-regions.franceinfo.fr\/image\/Pv1_oYvbYOvEkLkAHnwwjLoqN4Y\/1600x1200\/regions\/2025\/07\/30\/whatsapp-image-2025-07-30-at-15-03-59-688a187be1ad7805212821.jpg\" data-pswp-width=\"1600\" data-pswp-height=\"1200\" target=\"_blank\" rel=\"nofollow noopener\"><\/p>\n<p>          <img width=\"600\" height=\"400\" class=\"article-image lazy\" data-src=\"https:\/\/www.europesays.com\/fr\/wp-content\/uploads\/2025\/07\/whatsapp-image-2025-07-30-at-15-03-59-688a187be1ad7805212821.jpg\" alt=\"Un homme s'asperge d'essence et se retranche chez lui, le RAID est sur place (image d'illustration)\" fetchpriority=\"high\" as=\"image\"\/><\/p>\n<p>\n            Un homme s&rsquo;asperge d&rsquo;essence et se retranche chez lui, le RAID est sur place (image d&rsquo;illustration)<br \/>\n                           \u2022<br \/>\n                                      \u00a9 Ma\u00e9va Dumas \/ France T\u00e9l\u00e9visions\n                      <\/p>\n<p><\/a><\/p>\n<p>L&rsquo;homme a \u00e9t\u00e9 interpell\u00e9 pour vol, outrage et menaces. La femme a \u00e9galement \u00e9t\u00e9 interpell\u00e9e.<\/p>\n","protected":false},"excerpt":{"rendered":"Un homme qui s&rsquo;est asperg\u00e9 d&rsquo;essence mercredi 30 juillet 2025 s&rsquo;est retranch\u00e9 chez lui dans un immeuble \u00e0&hellip;\n","protected":false},"author":2,"featured_media":284622,"comment_status":"","ping_status":"","sticky":false,"template":"","format":"standard","meta":{"footnotes":""},"categories":[9587],"tags":[1111,11,1777,674,1011,27,12,5161,25,9590],"class_list":{"0":"post-284621","1":"post","2":"type-post","3":"status-publish","4":"format-standard","5":"has-post-thumbnail","7":"category-rouen","8":"tag-actu","9":"tag-actualites","10":"tag-eu","11":"tag-europe","12":"tag-fr","13":"tag-france","14":"tag-news","15":"tag-normandie","16":"tag-republique-francaise","17":"tag-rouen"},"share_on_mastodon":{"url":"https:\/\/pubeurope.com\/@fr\/114942955149316412","error":""},"_links":{"self":[{"href":"https:\/\/www.europesays.com\/fr\/wp-json\/wp\/v2\/posts\/284621","targetHints":{"allow":["GET"]}}],"collection":[{"href":"https:\/\/www.europesays.com\/fr\/wp-json\/wp\/v2\/posts"}],"about":[{"href":"https:\/\/www.europesays.com\/fr\/wp-json\/wp\/v2\/types\/post"}],"author":[{"embeddable":true,"href":"https:\/\/www.europesays.com\/fr\/wp-json\/wp\/v2\/users\/2"}],"replies":[{"embeddable":true,"href":"https:\/\/www.europesays.com\/fr\/wp-json\/wp\/v2\/comments?post=284621"}],"version-history":[{"count":0,"href":"https:\/\/www.europesays.com\/fr\/wp-json\/wp\/v2\/posts\/284621\/revisions"}],"wp:featuredmedia":[{"embeddable":true,"href":"https:\/\/www.europesays.com\/fr\/wp-json\/wp\/v2\/media\/284622"}],"wp:attachment":[{"href":"https:\/\/www.europesays.com\/fr\/wp-json\/wp\/v2\/media?parent=284621"}],"wp:term":[{"taxonomy":"category","embeddable":true,"href":"https:\/\/www.europesays.com\/fr\/wp-json\/wp\/v2\/categories?post=284621"},{"taxonomy":"post_tag","embeddable":true,"href":"https:\/\/www.europesays.com\/fr\/wp-json\/wp\/v2\/tags?post=284621"}],"curies":[{"name":"wp","href":"https:\/\/api.w.org\/{rel}","templated":true}]}}