{"id":284637,"date":"2025-07-30T15:52:09","date_gmt":"2025-07-30T15:52:09","guid":{"rendered":"https:\/\/www.europesays.com\/fr\/284637\/"},"modified":"2025-07-30T15:52:09","modified_gmt":"2025-07-30T15:52:09","slug":"operation-de-demoustication-pres-de-nantes-apres-un-cas-de-dengue","status":"publish","type":"post","link":"https:\/\/www.europesays.com\/fr\/284637\/","title":{"rendered":"op\u00e9ration de d\u00e9moustication pr\u00e8s de Nantes apr\u00e8s un cas de dengue"},"content":{"rendered":"<p>            Par<br \/>\n        <strong><br \/>\n            <a href=\"https:\/\/actu.fr\/auteur\/emma-derome\" title=\"Consulter tous les articles de Emma Derome\" rel=\"nofollow noopener\" target=\"_blank\">Emma Derome<\/a><br \/>\n        <\/strong><\/p>\n<p>        Publi\u00e9 le<\/p>\n<p>            30 juil. 2025 \u00e0 17h15        <\/p>\n<p>Les habitants de ce quartier de<strong> Bouguenais<\/strong> vont devoir se calfeutrer. L\u2019Agence r\u00e9gionale de sant\u00e9 des Pays de la Loire annonce ce mercredi 30\u00a0juillet qu\u2019<strong>un cas de dengue<\/strong> a \u00e9t\u00e9 d\u00e9tect\u00e9 dans cette commune de la p\u00e9riph\u00e9rie de Nantes, <strong>quartier Croix-Jeannette<\/strong>.<\/p>\n<p class=\" wall-content\">Par cons\u00e9quent, <a href=\"https:\/\/actu.fr\/pays-de-la-loire\/saint-sebastien-sur-loire_44190\/moustique-tigre-operation-de-demoustification-pres-de-nantes_60059669.html\" rel=\"nofollow noopener\" target=\"_blank\">une op\u00e9ration de lutte contre le moustique tigre<\/a> est pr\u00e9vue dans la nuit du jeudi 31\u00a0juillet au vendredi 1er\u00a0ao\u00fbt.<\/p>\n<p>Un cas import\u00e9 de dengue<\/p>\n<p class=\" wall-content\">\u00ab\u2009\u00c0 la suite de l\u2019identification \u00e0 Bouguenais d\u2019<a href=\"https:\/\/actu.fr\/pays-de-la-loire\/nantes_44109\/nantes-apres-un-cas-de-dengue-une-operation-de-demoustication-prevue_61679769.html\" rel=\"nofollow noopener\" target=\"_blank\">un cas de dengue<\/a> chez<strong> une personne ayant r\u00e9cemment s\u00e9journ\u00e9 dans un pays o\u00f9 la maladie est pr\u00e9sente<\/strong>, une op\u00e9ration de lutte antivectorielle, visant \u00e0 \u00e9liminer les moustiques tigres adultes <strong>potentiellement porteurs<\/strong> de la maladie, est programm\u00e9e\u2009\u00bb, explique l\u2019ARS dans un communiqu\u00e9.<\/p>\n<p class=\" wall-content\">Les habitants de ce quartier n\u2019ont donc <strong>pas \u00e0 paniquer<\/strong>\u2009: il s\u2019agit l\u00e0 de la proc\u00e9dure habituelle en cas de d\u00e9tection d\u2019un cas import\u00e9 de dengue. Les autorit\u00e9s sanitaires s\u2019assurent ainsi que, si un moustique tigre local a piqu\u00e9 le porteur de la maladie, ce dernier ne peut<strong> pas la transmettre \u00e0 son tour<\/strong>.<\/p>\n<p class=\" wall-content\">En effet, le quartier Croix-Jeannette \u00ab\u2009a \u00e9t\u00e9 fr\u00e9quent\u00e9 par cette personne durant sa p\u00e9riode de vir\u00e9mie (p\u00e9riode pendant laquelle le virus est pr\u00e9sent dans le sang et peut \u00eatre transmis \u00e0 un moustique par piq\u00fbre)\u2009\u00bb.<\/p>\n<p class=\" wall-content\">Apr\u00e8s enqu\u00eate, l\u2019ARS a de plus constat\u00e9 \u00ab<strong>\u2009la pr\u00e9sence <\/strong><strong>de nombreux moustiques tigres<\/strong> adultes et larves dans un rayon de 150\u00a0m\u00e8tres autour du principal lieu fr\u00e9quent\u00e9\u2009\u00bb.<\/p>\n<p>En quoi consiste l\u2019op\u00e9ration de d\u00e9moustication\u2009?<\/p>\n<p class=\" wall-content\">Les habitants de ce quartier, qui devraient \u00eatre \u00e9galement inform\u00e9s par des affichages sur place, doivent donc se calfeutrer entre<strong> 23\u2009h et 2\u2009h du matin<\/strong>. Un traitement insecticide \u00e0 base de <strong>pyr\u00e9thrino\u00efdes<\/strong> (Aqua KOthrine) va \u00eatre pulv\u00e9ris\u00e9 \u00ab<strong>\u2009de mani\u00e8re cibl\u00e9e et dans le respect de la r\u00e9glementation\u2009\u00bb<\/strong> dans ce laps de temps et dans un p\u00e9rim\u00e8tre de 150\u00a0m\u00e8tres autour du principal lieu fr\u00e9quent\u00e9 par la personne malade.<\/p>\n<p class=\" wall-content\">\u00ab\u2009Le traitement est effectu\u00e9 de nuit, p\u00e9riode durant laquelle le moustique tigre est au repos, afin de limiter l\u2019exposition des habitants au produit pulv\u00e9ris\u00e9, mais aussi de r\u00e9duire l\u2019impact sur la biodiversit\u00e9, notamment les insectes pollinisateurs.\u2009\u00bb<\/p>\n<p class=\" wall-content\"><strong>L\u2019ARS conseille donc aux personnes concern\u00e9es, pour \u00e9viter toute exposition au<\/strong><br \/><strong>nuage de pulv\u00e9risation\u2009:<\/strong><\/p>\n<ul class=\" wall-content\">\n<li>De fermer portes et fen\u00eatres et de couper la ventilation<\/li>\n<li>De rentrer les animaux domestiques et leurs gamelles<\/li>\n<li>De prot\u00e9ger les animaux aquatiques et \u00e0 sang froid<\/li>\n<li>De couvrir ou d\u00e9placer les ruches<\/li>\n<li>De couvrir piscines, bassins, bacs \u00e0 sable<\/li>\n<li>De rentrer le linge, mobilier de jardin, jouets ou les couvrir<\/li>\n<li>Enfin, apr\u00e8s l\u2019intervention, de rincer les meubles de jardin, jeux d\u2019enfants, laver les<br \/>fruits\/l\u00e9gumes du potager avant consommation<\/li>\n<\/ul>\n<p class=\" wall-content\">Il est \u00e9galement conseill\u00e9 d\u2019<strong>attendre trois heures<\/strong> avant de se rendre dans son jardin.\u00a0Le produit utilis\u00e9 est <strong>sans danger pour la population<\/strong> au dosage appliqu\u00e9, mais il est<br \/>tout de m\u00eame recommand\u00e9 de suivre ces pr\u00e9cautions.<\/p>\n<p>La dengue, une maladie souvent asymptomatique<\/p>\n<p>La dengue, transmise \u00e0 l\u2019\u00eatre humain par piq\u00fbre de moustique tigre, est asymptomatique dans environ 80% des cas. Mais lorsque des sympt\u00f4mes apparaissent, les plus fr\u00e9quents sont les suivants :<\/p>\n<p>\u2022 Fi\u00e8vre brutale<br \/>\u2022 Douleurs articulaires et musculaires<br \/>\u2022 C\u00e9phal\u00e9es \/ migraines<br \/>\u2022 Naus\u00e9es<br \/>\u2022 \u00c9ruptions cutan\u00e9es<\/p>\n<p>Il n&rsquo;existe pas de traitement contre la dengue. Dans la plupart des cas, il s&rsquo;agit d&rsquo;une maladie simplement invalidante. Mais certaines formes graves n\u00e9cessitent une hospitalisation.<\/p>\n<p>Pour plus d\u2019informations, <a href=\"https:\/\/www.pays-de-la-loire.ars.sante.fr\/foire-aux-questions-moustique-tigre-et-operations-de-demoustication\" rel=\"nofollow noopener\" target=\"_blank\">rendez-vous sur la page officielle de l\u2019ARS<\/a>.<\/p>\n<p class=\" wall-content\">Suivez toute l\u2019actualit\u00e9 de vos villes et m\u00e9dias favoris en vous inscrivant \u00e0 <a href=\"https:\/\/moncompte.actu.fr\" title=\"D\u00e9couvez Mon Actu\" rel=\"nofollow noopener\" data-trk=\"{&quot;cta&quot;:{&quot;action&quot;:&quot;https:\\\/\\\/moncompte.actu.fr&quot;,&quot;category&quot;:&quot;mon compte&quot;,&quot;from&quot;:&quot;article footer&quot;,&quot;name&quot;:&quot;Mon actu&quot;,&quot;type&quot;:&quot;cta&quot;}}\" target=\"_blank\">Mon Actu<\/a>.<\/p>\n","protected":false},"excerpt":{"rendered":"Par Emma Derome Publi\u00e9 le 30 juil. 2025 \u00e0 17h15 Les habitants de ce quartier de Bouguenais vont&hellip;\n","protected":false},"author":2,"featured_media":284638,"comment_status":"","ping_status":"","sticky":false,"template":"","format":"standard","meta":{"footnotes":""},"categories":[2818],"tags":[1111,11,1777,674,1011,27,2856,766,12,2636,25,71,104],"class_list":{"0":"post-284637","1":"post","2":"type-post","3":"status-publish","4":"format-standard","5":"has-post-thumbnail","7":"category-nantes","8":"tag-actu","9":"tag-actualites","10":"tag-eu","11":"tag-europe","12":"tag-fr","13":"tag-france","14":"tag-moustique-tigre","15":"tag-nantes","16":"tag-news","17":"tag-pays-de-la-loire","18":"tag-republique-francaise","19":"tag-sante","20":"tag-societe"},"share_on_mastodon":{"url":"https:\/\/pubeurope.com\/@fr\/114942990397585990","error":""},"_links":{"self":[{"href":"https:\/\/www.europesays.com\/fr\/wp-json\/wp\/v2\/posts\/284637","targetHints":{"allow":["GET"]}}],"collection":[{"href":"https:\/\/www.europesays.com\/fr\/wp-json\/wp\/v2\/posts"}],"about":[{"href":"https:\/\/www.europesays.com\/fr\/wp-json\/wp\/v2\/types\/post"}],"author":[{"embeddable":true,"href":"https:\/\/www.europesays.com\/fr\/wp-json\/wp\/v2\/users\/2"}],"replies":[{"embeddable":true,"href":"https:\/\/www.europesays.com\/fr\/wp-json\/wp\/v2\/comments?post=284637"}],"version-history":[{"count":0,"href":"https:\/\/www.europesays.com\/fr\/wp-json\/wp\/v2\/posts\/284637\/revisions"}],"wp:featuredmedia":[{"embeddable":true,"href":"https:\/\/www.europesays.com\/fr\/wp-json\/wp\/v2\/media\/284638"}],"wp:attachment":[{"href":"https:\/\/www.europesays.com\/fr\/wp-json\/wp\/v2\/media?parent=284637"}],"wp:term":[{"taxonomy":"category","embeddable":true,"href":"https:\/\/www.europesays.com\/fr\/wp-json\/wp\/v2\/categories?post=284637"},{"taxonomy":"post_tag","embeddable":true,"href":"https:\/\/www.europesays.com\/fr\/wp-json\/wp\/v2\/tags?post=284637"}],"curies":[{"name":"wp","href":"https:\/\/api.w.org\/{rel}","templated":true}]}}