{"id":284639,"date":"2025-07-30T15:53:10","date_gmt":"2025-07-30T15:53:10","guid":{"rendered":"https:\/\/www.europesays.com\/fr\/284639\/"},"modified":"2025-07-30T15:53:10","modified_gmt":"2025-07-30T15:53:10","slug":"un-jeune-arrete-par-le-gign-apres-avoir-annonce-vouloir-faire-une-tuerie-de-masse","status":"publish","type":"post","link":"https:\/\/www.europesays.com\/fr\/284639\/","title":{"rendered":"un jeune arr\u00eat\u00e9 par le GIGN apr\u00e8s avoir annonc\u00e9 vouloir faire une tuerie de masse"},"content":{"rendered":"<p>Un homme \u00e2g\u00e9 de 20 ans aurait indiqu\u00e9, sur un r\u00e9seau social, rechercher des armes \u00e0 feu pour \u00abtuer un maximum de personnes\u00bb puis se donner la mort. Interpell\u00e9 lundi \u00e0 un arr\u00eat de tram, l\u2019individu a \u00e9t\u00e9 transf\u00e9r\u00e9 en unit\u00e9 de soins psychiatriques.<\/p>\n<p class=\"fig-paragraph\">Un jeune homme \u00e2g\u00e9 de 20 ans a \u00e9t\u00e9 arr\u00eat\u00e9\u00a0<a href=\"https:\/\/www.lefigaro.fr\/nantes\" target=\"_blank\" data-fig-type=\"Section\" rel=\"noopener\" data-gtm-custom-categorie=\"navigation\" data-gtm-custom-action=\"crossclick\" data-gtm-custom-label=\"Contextuel\" data-gtm-event=\"customEventSPE\" data-fig-domain=\"LEFIGARO\">\u00e0 Nantes<\/a>\u00a0(Loire-Atlantique), lundi 28 juillet, apr\u00e8s avoir indiqu\u00e9 sur un r\u00e9seau social chercher \u00e0 se procurer des armes \u00e0 feu pour \u00abtuer un maximum de personnes avant de se donner la mort\u00bb. Inconnu de la justice, le suspect a \u00e9t\u00e9 interpell\u00e9 en milieu de journ\u00e9e \u00e0 un arr\u00eat de tramway d\u2019Orvault, dans la banlieue nantaise, au terme d\u2019une op\u00e9ration d\u2019envergure qui a sollicit\u00e9\u00a0<a href=\"http:\/\/www.lefigaro.fr\/actualite-france\/cinquante-ans-et-quatre-morts-en-operation-les-secrets-du-gign-pour-preserver-la-vie-de-ses-hommes-20240301\" target=\"_blank\" data-fig-type=\"Article\" rel=\"noopener\" data-gtm-custom-categorie=\"navigation\" data-gtm-custom-action=\"crossclick\" data-gtm-custom-label=\"Contextuel\" data-gtm-event=\"customEventSPE\" data-fig-domain=\"LEFIGARO\">un d\u00e9ploiement du GIGN<\/a>\u00a0\u00e9paul\u00e9 par l\u2019unit\u00e9 nantaise du PSIG.<\/p>\n<p class=\"fig-paragraph\">Plac\u00e9 en garde \u00e0 vue, l\u2019individu &#8211; d\u00e9crit comme fragile sur le plan psychologique &#8211; a \u00e9t\u00e9 transf\u00e9r\u00e9 quelques heures plus tard en unit\u00e9 de soins psychiatrique, pour hospitalisation, a indiqu\u00e9 mardi \u00e0 nos confr\u00e8res de\u00a0<a href=\"https:\/\/www.ouest-france.fr\/societe\/faits-divers\/il-menacait-de-tuer-un-maximum-de-personnes-recit-dune-course-contre-la-montre-a-nantes-2635f1c4-6c49-11f0-a4f8-8c4e26e92603\" target=\"_blank\" rel=\"sponsored noopener\" data-gtm-custom-categorie=\"navigation\" data-gtm-custom-action=\"crossclick\" data-gtm-custom-label=\"Contextuel\" data-gtm-event=\"customEventSPE\">Presse Oc\u00e9an<\/a> \u00a0le parquet du tribunal judiciaire de Nantes. Une enqu\u00eate a \u00e9t\u00e9 ouverte pour \u00abmenace de commettre un crime contre les personnes\u00bb. Elle se poursuit d\u00e9sormais aupr\u00e8s de la division de la criminalit\u00e9 organis\u00e9e et sp\u00e9cialis\u00e9e, indique au Figaro une source polici\u00e8re nantaise.<\/p>\n<p>                                    <a class=\"fig-a11y-skip a11y-hidden\" href=\"#fig-a11y-skip-main-inarticle\"><br \/>\n        Passer la publicit\u00e9<br \/>\n    <\/a><\/p>\n<p>Tendances suicidaires<\/p>\n<p class=\"fig-paragraph\">Les autorit\u00e9s nantaises ont \u00e9t\u00e9 alert\u00e9es dimanche soir des messages pr\u00e9occupants diffus\u00e9s publiquement par le jeune homme. Celui-ci cherchait en particulier \u00e0 se procurer une arme de poing semi-automatique, avec un nombre suffisant de munitions. Malgr\u00e9 l\u2019emploi d\u2019un pseudonyme, les enqu\u00eateurs sont parvenus \u00e0 retrouver l\u2019identit\u00e9 de cet individu, domicili\u00e9 \u00e0 proximit\u00e9 de l\u2019h\u00f4tel de police de l\u2019agglom\u00e9ration mais employ\u00e9 par un magasin situ\u00e9 hors de Nantes, en zone gendarmerie. Une interpellation rapide du suspect a \u00e9t\u00e9 aussit\u00f4t ordonn\u00e9e, pour \u00e9viter un \u00e9ventuel passage \u00e0 l\u2019acte.<\/p>\n<p class=\"fig-body-link\">\n            \u00c0 lire aussi<br \/>\n        <a class=\"fig-body-link__link\" href=\"http:\/\/www.lefigaro.fr\/elections\/municipales\/municipales-2026-a-nantes-une-consultation-fin-aout-pour-departager-les-deux-candidats-lr-20250729\" target=\"_blank\" data-fig-type=\"NewsFlash\" rel=\"noopener\" data-gtm-custom-categorie=\"navigation\" data-gtm-custom-action=\"crossclick\" data-gtm-custom-label=\"Contextuel\" data-gtm-event=\"customEventSPE\" data-fig-domain=\"LEFIGARO\">Municipales 2026\u00a0: \u00e0 Nantes, une consultation fin ao\u00fbt pour d\u00e9partager les deux candidats LR<br \/>\n    <\/a>\n<\/p>\n<p class=\"fig-paragraph\">Le jeune homme n\u2019\u00e9tait finalement porteur d\u2019aucune arme. Une perquisition de son logement a confirm\u00e9 qu\u2019il ne cachait rien non plus chez lui. Le mis en cause aurait expliqu\u00e9 en audition n\u2019avoir pas r\u00e9ussi \u00e0 s\u2019en procurer. Auteur de deux\u00a0<a href=\"http:\/\/www.lefigaro.fr\/conjoncture\/covid-augmentation-sensible-des-pensees-et-tentatives-de-suicides-chez-les-jeunes-travailleurs-selon-une-etude-20241210\" target=\"_blank\" data-fig-type=\"NewsFlash\" rel=\"noopener\" data-gtm-custom-categorie=\"navigation\" data-gtm-custom-action=\"crossclick\" data-gtm-custom-label=\"Contextuel\" data-gtm-event=\"customEventSPE\" data-fig-domain=\"LEFIGARO\">tentatives de suicide<\/a>, il ne pourra \u00eatre r\u00e9entendu par les enqu\u00eateurs qu\u2019apr\u00e8s l\u2019\u00e9ventuel feu vert des psychiatres.<\/p>\n<p class=\"fig-paragraph\">En avril, un autre jeune homme aux tendances suicidaires, \u00e2g\u00e9 de 16 ans, s\u2019en \u00e9tait pris \u00e0 des \u00e9tudiants de son lyc\u00e9e, Notre-Dame-de-Toutes-Aides. Arm\u00e9e de deux couteaux,\u00a0<a href=\"http:\/\/www.lefigaro.fr\/nantes\/attaque-au-couteau-a-nantes-au-lendemain-du-drame-des-interrogations-sur-le-profil-du-tueur-20250425\" target=\"_blank\" data-fig-type=\"NewsFlash\" rel=\"noopener\" data-gtm-custom-categorie=\"navigation\" data-gtm-custom-action=\"crossclick\" data-gtm-custom-label=\"Contextuel\" data-gtm-event=\"customEventSPE\" data-fig-domain=\"LEFIGARO\">l\u2019adolescent a tu\u00e9 une camarade et bless\u00e9 trois autres jeunes<\/a>\u00a0avant d\u2019\u00eatre ma\u00eetris\u00e9. Son \u00e9tat de sant\u00e9 n\u2019ayant pas \u00e9t\u00e9 jug\u00e9 compatible avec le r\u00e9gime de la garde \u00e0 vue, il se trouve intern\u00e9 depuis trois mois en unit\u00e9 de soins psychiatriques. Une information judiciaire pour \u00abassassinat\u00bb est toujours en cours d\u2019instruction.<\/p>\n","protected":false},"excerpt":{"rendered":"Un homme \u00e2g\u00e9 de 20 ans aurait indiqu\u00e9, sur un r\u00e9seau social, rechercher des armes \u00e0 feu pour&hellip;\n","protected":false},"author":2,"featured_media":284640,"comment_status":"","ping_status":"","sticky":false,"template":"","format":"standard","meta":{"footnotes":""},"categories":[2818],"tags":[1111,11,1777,674,1011,27,23105,7775,766,12,2636,25],"class_list":{"0":"post-284639","1":"post","2":"type-post","3":"status-publish","4":"format-standard","5":"has-post-thumbnail","7":"category-nantes","8":"tag-actu","9":"tag-actualites","10":"tag-eu","11":"tag-europe","12":"tag-fr","13":"tag-france","14":"tag-gign","15":"tag-menaces-de-mort","16":"tag-nantes","17":"tag-news","18":"tag-pays-de-la-loire","19":"tag-republique-francaise"},"share_on_mastodon":{"url":"https:\/\/pubeurope.com\/@fr\/114942994251764473","error":""},"_links":{"self":[{"href":"https:\/\/www.europesays.com\/fr\/wp-json\/wp\/v2\/posts\/284639","targetHints":{"allow":["GET"]}}],"collection":[{"href":"https:\/\/www.europesays.com\/fr\/wp-json\/wp\/v2\/posts"}],"about":[{"href":"https:\/\/www.europesays.com\/fr\/wp-json\/wp\/v2\/types\/post"}],"author":[{"embeddable":true,"href":"https:\/\/www.europesays.com\/fr\/wp-json\/wp\/v2\/users\/2"}],"replies":[{"embeddable":true,"href":"https:\/\/www.europesays.com\/fr\/wp-json\/wp\/v2\/comments?post=284639"}],"version-history":[{"count":0,"href":"https:\/\/www.europesays.com\/fr\/wp-json\/wp\/v2\/posts\/284639\/revisions"}],"wp:featuredmedia":[{"embeddable":true,"href":"https:\/\/www.europesays.com\/fr\/wp-json\/wp\/v2\/media\/284640"}],"wp:attachment":[{"href":"https:\/\/www.europesays.com\/fr\/wp-json\/wp\/v2\/media?parent=284639"}],"wp:term":[{"taxonomy":"category","embeddable":true,"href":"https:\/\/www.europesays.com\/fr\/wp-json\/wp\/v2\/categories?post=284639"},{"taxonomy":"post_tag","embeddable":true,"href":"https:\/\/www.europesays.com\/fr\/wp-json\/wp\/v2\/tags?post=284639"}],"curies":[{"name":"wp","href":"https:\/\/api.w.org\/{rel}","templated":true}]}}