{"id":284644,"date":"2025-07-30T15:56:09","date_gmt":"2025-07-30T15:56:09","guid":{"rendered":"https:\/\/www.europesays.com\/fr\/284644\/"},"modified":"2025-07-30T15:56:09","modified_gmt":"2025-07-30T15:56:09","slug":"un-showcase-musical-est-prevu-voici-la-star-attendue","status":"publish","type":"post","link":"https:\/\/www.europesays.com\/fr\/284644\/","title":{"rendered":"un showcase musical est pr\u00e9vu, voici la star attendue"},"content":{"rendered":"<p>            Par<br \/>\n        <strong><br \/>\n            <a href=\"https:\/\/actu.fr\/auteur\/lea-afonso\" title=\"Consulter tous les articles de L\u00e9a Afonso\" target=\"_blank\" rel=\"noopener\">L\u00e9a Afonso<\/a><br \/>\n        <\/strong><\/p>\n<p>        Publi\u00e9 le<\/p>\n<p>            30 juil. 2025 \u00e0 17h13        <\/p>\n<p>Une nuit qui s\u2019annonce divertissante\u2026 <strong>La Voile Blanche<\/strong> \u00e0 <a href=\"https:\/\/actu.fr\/toulouse\/\" target=\"_blank\" rel=\"noopener\">Toulouse<\/a> f\u00eate son <strong>anniversaire<\/strong> en grande pompe cette ann\u00e9e pour ses 15\u00a0ans. Rendez-vous ce vendredi 1er ao\u00fbt, d\u00e8s 19h30. Soir\u00e9e sp\u00e9ciale, showcase et pleins de surprises, voici ce qui est pr\u00e9vu.<\/p>\n<p>Un showcase sp\u00e9cial<\/p>\n<p class=\" wall-content\">Rendez-vous des nuits toulousaines, connue pour sa musique, ses rencontres, sa piscine\u2026 La Voile Blanche, c\u2019est 15\u00a0ans d\u2019histoire dans la Ville rose. Alors, il fallait bien f\u00eater \u00e7a\u2009! Pour l\u2019occasion, une<strong> soir\u00e9e sp\u00e9ciale<\/strong> est organis\u00e9e avec en <strong>concert Tayc<\/strong>, star du R\u2019N\u2019B fran\u00e7ais, connu pour des titres tels que <a href=\"https:\/\/www.youtube.com\/watch?v=OzI9M74IfR0\" target=\"_blank\" rel=\"noopener\">Yimmy Yimmy<\/a> ou encore<a href=\"https:\/\/www.youtube.com\/watch?v=mUTsvbridvM\" target=\"_blank\" rel=\"noopener\"> Le temps<\/a>. Une derni\u00e8re occasion de le voir et l\u2019\u00e9couter avant l\u2019arr\u00eat de sa carri\u00e8re musicale \u00e0 la fin de l\u2019\u00e9t\u00e9.<\/p>\n<p class=\" wall-content\"><a href=\"https:\/\/www.instagram.com\/p\/DL9p94pt90t\/embed\" title=\"Ouvrir le lien sur Instagram\" target=\"_blank\" rel=\"noopener\">Visualiser le contenu sur Instagram<\/a><\/p>\n<p>Une soir\u00e9e m\u00e9morable<\/p>\n<p class=\" wall-content\">D\u00e8s 19h30, la soir\u00e9e d\u00e9butera avec un chanteur live, suivi d\u2019un feu d\u2019artifice, d\u2019un show pyrotechnique et d\u2019un set de DJ EYOX &amp; RK. La soir\u00e9e se cl\u00f4turera donc avec Tayc. De quoi divertir la centaine de spectateurs attendus.<\/p>\n<p class=\" wall-content\">C\u00f4t\u00e9 restauration, tapas et carte plus classique seront propos\u00e9s. Un anniversaire \u00e0 ne pas manquer\u2009!<\/p>\n<p>Infos pratiques\u2009:<br \/>\nPour r\u00e9server, appeler le\u2009: 05\u200962\u200927\u200907\u200945<br \/><a href=\"https:\/\/xceed.me\/fr\/toulouse\/event\/tayc-showcase-lvb-birthday-vendredi-1-aout-2025--196771\/channel--la-voile-blanche\" target=\"_blank\" rel=\"noopener\">Billetterie<\/a>\u2009: places d\u00e8s 20\u20ac<br \/>\nAdresse\u2009: 26 All\u00e9e des Foulques, 31200 ToulouseVid\u00e9os : en ce moment sur Actu<\/p>\n<p class=\" wall-content\">Suivez toute l\u2019actualit\u00e9 de vos villes et m\u00e9dias favoris en vous inscrivant \u00e0 <a href=\"https:\/\/moncompte.actu.fr\" title=\"D\u00e9couvez Mon Actu\" rel=\"nofollow noopener\" data-trk=\"{&quot;cta&quot;:{&quot;action&quot;:&quot;https:\\\/\\\/moncompte.actu.fr&quot;,&quot;category&quot;:&quot;mon compte&quot;,&quot;from&quot;:&quot;article footer&quot;,&quot;name&quot;:&quot;Mon actu&quot;,&quot;type&quot;:&quot;cta&quot;}}\" target=\"_blank\">Mon Actu<\/a>.<\/p>\n<p>                    <script async src=\"\/\/www.instagram.com\/embed.js\"><\/script><\/p>\n","protected":false},"excerpt":{"rendered":"Par L\u00e9a Afonso Publi\u00e9 le 30 juil. 2025 \u00e0 17h13 Une nuit qui s\u2019annonce divertissante\u2026 La Voile Blanche&hellip;\n","protected":false},"author":2,"featured_media":284645,"comment_status":"","ping_status":"","sticky":false,"template":"","format":"standard","meta":{"footnotes":""},"categories":[2816],"tags":[1111,11,1697,1777,674,1011,27,1652,873,12,2680,25,1341,2312],"class_list":{"0":"post-284644","1":"post","2":"type-post","3":"status-publish","4":"format-standard","5":"has-post-thumbnail","7":"category-toulouse","8":"tag-actu","9":"tag-actualites","10":"tag-concert","11":"tag-eu","12":"tag-europe","13":"tag-fr","14":"tag-france","15":"tag-loisirs-culture","16":"tag-musique","17":"tag-news","18":"tag-occitanie","19":"tag-republique-francaise","20":"tag-sortir-a-toulouse","21":"tag-toulouse"},"share_on_mastodon":{"url":"https:\/\/pubeurope.com\/@fr\/114943006189441022","error":""},"_links":{"self":[{"href":"https:\/\/www.europesays.com\/fr\/wp-json\/wp\/v2\/posts\/284644","targetHints":{"allow":["GET"]}}],"collection":[{"href":"https:\/\/www.europesays.com\/fr\/wp-json\/wp\/v2\/posts"}],"about":[{"href":"https:\/\/www.europesays.com\/fr\/wp-json\/wp\/v2\/types\/post"}],"author":[{"embeddable":true,"href":"https:\/\/www.europesays.com\/fr\/wp-json\/wp\/v2\/users\/2"}],"replies":[{"embeddable":true,"href":"https:\/\/www.europesays.com\/fr\/wp-json\/wp\/v2\/comments?post=284644"}],"version-history":[{"count":0,"href":"https:\/\/www.europesays.com\/fr\/wp-json\/wp\/v2\/posts\/284644\/revisions"}],"wp:featuredmedia":[{"embeddable":true,"href":"https:\/\/www.europesays.com\/fr\/wp-json\/wp\/v2\/media\/284645"}],"wp:attachment":[{"href":"https:\/\/www.europesays.com\/fr\/wp-json\/wp\/v2\/media?parent=284644"}],"wp:term":[{"taxonomy":"category","embeddable":true,"href":"https:\/\/www.europesays.com\/fr\/wp-json\/wp\/v2\/categories?post=284644"},{"taxonomy":"post_tag","embeddable":true,"href":"https:\/\/www.europesays.com\/fr\/wp-json\/wp\/v2\/tags?post=284644"}],"curies":[{"name":"wp","href":"https:\/\/api.w.org\/{rel}","templated":true}]}}