{"id":284648,"date":"2025-07-30T15:58:09","date_gmt":"2025-07-30T15:58:09","guid":{"rendered":"https:\/\/www.europesays.com\/fr\/284648\/"},"modified":"2025-07-30T15:58:09","modified_gmt":"2025-07-30T15:58:09","slug":"les-meilleurs-spots-dobservation-pres-de-lille-et-dans-le-nord","status":"publish","type":"post","link":"https:\/\/www.europesays.com\/fr\/284648\/","title":{"rendered":"les meilleurs spots d\u2019observation pr\u00e8s de Lille et dans le Nord"},"content":{"rendered":"<p>            Par<br \/>\n        <strong><br \/>\n            <a href=\"https:\/\/actu.fr\/auteur\/raphael-mahlmann\" title=\"Consulter tous les articles de Rapha\u00ebl Mahlmann\" target=\"_blank\" rel=\"noopener\">Rapha\u00ebl Mahlmann<\/a><br \/>\n        <\/strong><\/p>\n<p>        Publi\u00e9 le<\/p>\n<p>            30 juil. 2025 \u00e0 17h26        <\/p>\n<p>L\u2019\u00e9t\u00e9 est le moment parfait pour observer le ciel. Les <b>Nuits des \u00e9toiles<\/b> reviennent cette ann\u00e9e pour leur 35e \u00e9dition, <b>du 1er au 3\u00a0ao\u00fbt 2025<\/b>. De nombreux clubs d\u2019<a href=\"https:\/\/actu.fr\/tag\/astronomie\" target=\"_blank\" rel=\"noopener\">astronomie<\/a> organisent <b>gratuitement<\/b> des soir\u00e9es d\u2019observation un peu partout en France, notamment pr\u00e8s de <a href=\"https:\/\/actu.fr\/lille\/\" target=\"_blank\" rel=\"noopener\">Lille<\/a> et ailleurs dans le <a href=\"https:\/\/actu.fr\/hauts-de-france\/nord_59\" target=\"_blank\" rel=\"noopener\">Nord<\/a>.<\/p>\n<p>O\u00f9 observer le ciel pr\u00e8s de Lille et dans le Nord\u2009?<\/p>\n<p class=\" wall-content\">Depuis 1991, ces \u00e9v\u00e9nements sont organis\u00e9s par l\u2019Association fran\u00e7aise d\u2019astronomie (AFA). Des centaines d\u2019<a href=\"https:\/\/actu.fr\/hauts-de-france\/arras_62041\/arras-les-incroyables-photos-de-julien-ont-fait-le-tour-du-monde-voici-ses-plus-beaux-cliches_62614559.html\" target=\"_blank\" rel=\"noopener\">astronomes<\/a> b\u00e9n\u00e9voles accueillent les personnes curieuses d\u2019en apprendre plus sur notre ciel. Aucune connaissance en astronomie n\u2019est demand\u00e9e, tout le monde est le bienvenu\u2009! Lors de l\u2019\u00e9dition 2024, plus de <b>187\u2009000\u00a0participants<\/b> ont pris part aux Nuits des \u00e9toiles.<\/p>\n<p class=\" wall-content\"><b>Pr\u00e8s de Lille\u2009:<\/b><\/p>\n<p class=\" wall-content\"><b>\u2013 Villeneuve-d\u2019Ascq\u2009: <\/b>Du 01\/08\/2025 au 03\/08\/2025. Au Forum d\u00e9partemental des Sciences.<\/p>\n<p class=\" wall-content\"><b>\u2013 Villeneuve-d\u2019Ascq\u2009: <\/b>Le 01\/08\/2025 de 19\u2009h\u200900 \u00e0 23\u2009h\u200959. \u00c0 la Ferme du H\u00e9ron.<\/p>\n<p class=\" wall-content\"><b>Dans le Nord\u2009:<\/b><\/p>\n<p class=\" wall-content\"><b>\u2013 Villers-Pol\u2009:<\/b> Du 01\/08\/2025 au 03\/08\/2025. Au stade de foot de la commune<\/p>\n<p class=\" wall-content\">\u2013 <b>Loon-Plage\u2009: <\/b>Le 01\/08\/2025 de 14\u2009h\u200900 \u00e0 23\u2009h\u200900. \u00c0 la Maison de la Nature<\/p>\n<p class=\" wall-content\"><b>\u2013 Cambrai\u2009:<\/b> Le 01\/08\/2025 de 18\u2009h\u200930 \u00e0 21\u2009h\u200900. Au Labo Cambrai.<\/p>\n<p class=\" wall-content\"><b>\u2013 Cambrai\u2009: <\/b>Du 01\/08\/2025 \u00e0 22\u2009h\u200900 au 02\/08\/2025 \u00e0 02\u2009h\u200900. \u00c0 l\u2019A\u00e9rodrome de Cambrai-Niergnies.<\/p>\n<p class=\" wall-content\"><b>\u2013 Douai\u2009:<\/b> Le 01\/08\/2025 de 19\u2009h\u200900 \u00e0 00\u2009h\u200900. Au plan\u00e9tarium du Douaisis.<\/p>\n<p class=\" wall-content\"><b>\u2013 Prisches\u2009: <\/b>Du 01\/08\/2025 \u00e0 21\u2009h\u200930 au 02\/08\/2025 \u00e0 04\u2009h\u200900. \u00c0 l\u2019Observatoire<\/p>\n<p class=\" wall-content\"><b>\u2013 Wormhout\u2009: <\/b>Le 01\/08\/2025 de 21\u2009h\u200930 \u00e0 23\u2009h\u200959. \u00c0 la base de loisirs des Trois Sources.<\/p>\n<p class=\" wall-content\"><b>\u2013 Maubeuge\u2009:<\/b> Du 01\/08\/2025 \u00e0 22\u2009h\u200900 au 02\/08\/2025 \u00e0 01\u2009h\u200900. \u00c0 l\u2019A\u00e9rodrome la Salmagne.<\/p>\n<p class=\" wall-content\"><b>\u2013 Cappelle-la-Grande\u2009: <\/b>Le 02\/08\/2025 de 13\u2009h\u200930 \u00e0 23\u2009h\u200959. Au Palais de l\u2019Univers et des Sciences.<\/p>\n<p>Les objets c\u00e9lestes observables<\/p>\n<p class=\" wall-content\">D\u00e8s la fin de l\u2019apr\u00e8s-midi, il sera possible d\u2019admirer la<b> Lune <\/b>\u00e0 l\u2019aide de jumelles ou d\u2019un t\u00e9lescope.<b> Saturne<\/b> fera son apparition vers 22\u2009h\u200930 et restera observable tout au long de la nuit. Plus tard,<b> V\u00e9nus <\/b>se montrera \u00e0 partir de 3\u2009h\u200920 du matin du c\u00f4t\u00e9 nord-est, juste avant <b>Jupiter<\/b> vers 4\u2009h.<\/p>\n<p class=\" wall-content\">Comme chaque \u00e9t\u00e9, les <b>Pers\u00e9ides<\/b> viendront illuminer le ciel de leurs m\u00e9t\u00e9ores. Ils sont parfaitement visibles \u00e0 l\u2019\u0153il nu d\u00e8s le d\u00e9but du mois d\u2019ao\u00fbt, sans aucun \u00e9quipement.<\/p>\n<p class=\" wall-content\">En plus des plan\u00e8tes et des \u00e9toiles filantes, le <b>Triangle d\u2019\u00e9t\u00e9<\/b>, form\u00e9 par V\u00e9ga, Deneb et Alta\u00efr, sera visible toute la nuit. Des amas ouverts, des n\u00e9buleuses plan\u00e9taires et la galaxie d\u2019Androm\u00e8de seront aussi observables, mais avec parfois un t\u00e9lescope.<\/p>\n<p class=\" wall-content\">Suivez toute l\u2019actualit\u00e9 de vos villes et m\u00e9dias favoris en vous inscrivant \u00e0 <a href=\"https:\/\/moncompte.actu.fr\" title=\"D\u00e9couvez Mon Actu\" rel=\"nofollow noopener\" data-trk=\"{&quot;cta&quot;:{&quot;action&quot;:&quot;https:\\\/\\\/moncompte.actu.fr&quot;,&quot;category&quot;:&quot;mon compte&quot;,&quot;from&quot;:&quot;article footer&quot;,&quot;name&quot;:&quot;Mon actu&quot;,&quot;type&quot;:&quot;cta&quot;}}\" target=\"_blank\">Mon Actu<\/a>.<\/p>\n","protected":false},"excerpt":{"rendered":"Par Rapha\u00ebl Mahlmann Publi\u00e9 le 30 juil. 2025 \u00e0 17h26 L\u2019\u00e9t\u00e9 est le moment parfait pour observer le&hellip;\n","protected":false},"author":2,"featured_media":284649,"comment_status":"","ping_status":"","sticky":false,"template":"","format":"standard","meta":{"footnotes":""},"categories":[2815],"tags":[1111,11,48,1777,674,1011,27,811,1307,12,25,104],"class_list":{"0":"post-284648","1":"post","2":"type-post","3":"status-publish","4":"format-standard","5":"has-post-thumbnail","7":"category-lille","8":"tag-actu","9":"tag-actualites","10":"tag-astronomie","11":"tag-eu","12":"tag-europe","13":"tag-fr","14":"tag-france","15":"tag-hauts-de-france","16":"tag-lille","17":"tag-news","18":"tag-republique-francaise","19":"tag-societe"},"share_on_mastodon":{"url":"https:\/\/pubeurope.com\/@fr\/114943014192497270","error":""},"_links":{"self":[{"href":"https:\/\/www.europesays.com\/fr\/wp-json\/wp\/v2\/posts\/284648","targetHints":{"allow":["GET"]}}],"collection":[{"href":"https:\/\/www.europesays.com\/fr\/wp-json\/wp\/v2\/posts"}],"about":[{"href":"https:\/\/www.europesays.com\/fr\/wp-json\/wp\/v2\/types\/post"}],"author":[{"embeddable":true,"href":"https:\/\/www.europesays.com\/fr\/wp-json\/wp\/v2\/users\/2"}],"replies":[{"embeddable":true,"href":"https:\/\/www.europesays.com\/fr\/wp-json\/wp\/v2\/comments?post=284648"}],"version-history":[{"count":0,"href":"https:\/\/www.europesays.com\/fr\/wp-json\/wp\/v2\/posts\/284648\/revisions"}],"wp:featuredmedia":[{"embeddable":true,"href":"https:\/\/www.europesays.com\/fr\/wp-json\/wp\/v2\/media\/284649"}],"wp:attachment":[{"href":"https:\/\/www.europesays.com\/fr\/wp-json\/wp\/v2\/media?parent=284648"}],"wp:term":[{"taxonomy":"category","embeddable":true,"href":"https:\/\/www.europesays.com\/fr\/wp-json\/wp\/v2\/categories?post=284648"},{"taxonomy":"post_tag","embeddable":true,"href":"https:\/\/www.europesays.com\/fr\/wp-json\/wp\/v2\/tags?post=284648"}],"curies":[{"name":"wp","href":"https:\/\/api.w.org\/{rel}","templated":true}]}}