{"id":284650,"date":"2025-07-30T15:59:10","date_gmt":"2025-07-30T15:59:10","guid":{"rendered":"https:\/\/www.europesays.com\/fr\/284650\/"},"modified":"2025-07-30T15:59:10","modified_gmt":"2025-07-30T15:59:10","slug":"tweets-antisemites-pro-nazis-pro-hamas-sciences-po-lille-annule-linscription-de-la-refugiee-gazaouie-nour-atallah","status":"publish","type":"post","link":"https:\/\/www.europesays.com\/fr\/284650\/","title":{"rendered":"Tweets antis\u00e9mites, pro-nazis, pro-Hamas : Sciences-Po Lille annule l\u2019inscription de la r\u00e9fugi\u00e9e gazaouie Nour Atallah"},"content":{"rendered":"<p>                                            Soci\u00e9t\u00e9\n                                                                            <\/p>\n<p>\n                                            Les propos de la jeune Palestinienne \u00ab entrent en contradiction frontale avec les valeurs port\u00e9es par Sciences-Po Lille \u00bb, a justifi\u00e9 l\u2019\u00e9tablissement.                                        <\/p>\n<p>                                                Publi\u00e9 le 30 juillet 2025 \u00e0 17h55                                                                                            <\/p>\n<p>                                            <img loading=\"lazy\" width=\"1024\" height=\"683\" src=\"https:\/\/www.europesays.com\/fr\/wp-content\/uploads\/2025\/07\/SIPA_01156156_0000021.jpg\" class=\"attachment-post-thumbnail size-post-thumbnail wp-post-image lazy\" alt=\"La direction de Sciences-Po Lille a d\u00e9cid\u00e9 d'annuler l'inscription de Nour Atallah. PHOTO \u00a9 FRANCOIS GREUEZ\/SIPA\" decoding=\"async\"  data-\/><\/p>\n<p>                                            La direction de Sciences-Po Lille a d\u00e9cid\u00e9 d&rsquo;annuler l&rsquo;inscription de Nour Atallah. PHOTO \u00a9 FRANCOIS GREUEZ\/SIPA<\/p>\n<p>La d\u00e9cision a \u00e9t\u00e9 prise. Nour Atallah ne sera pas une \u00e9tudiante de <a href=\"https:\/\/www.valeursactuelles.com\/societe\/si-tu-nes-pas-de-gauche-tu-es-classe-facho-deplore-un-ancien-etudiant-de-sciences-po\" target=\"_blank\" rel=\"noopener sponsored\">Sciences-Po<\/a> Lille \u00e0 la rentr\u00e9e prochaine. Sur X, mercredi 30 juillet, la direction de l\u2019\u00e9tablissement universitaire a annonc\u00e9 \u00ab annuler l\u2019inscription pr\u00e9vue de cette \u00e9tudiante dans notre \u00e9tablissement \u00bb en \u00ab concertation avec le minist\u00e8re de l\u2019Enseignement sup\u00e9rieur et de la Recherche, le Rectorat de R\u00e9gion acad\u00e9mique et la Pr\u00e9fecture \u00bb. Cette d\u00e9cision intervient apr\u00e8s la r\u00e9v\u00e9lation de <a href=\"https:\/\/www.valeursactuelles.com\/politique\/glorification-dhitler-un-depute-rn-reclame-lexpulsion-dune-etudiante-gazaouie-de-sciences-po\" target=\"_blank\" rel=\"noopener sponsored\">tweets antis\u00e9mites, pro-nazis<\/a>, pro-Hamas post\u00e9s au cours des deux derni\u00e8res ann\u00e9es.<\/p>\n<p><a href=\"https:\/\/www.valeursactuelles.com\/clubvaleurs\/politique\/du-gauchisme-a-gaza-le-livre-qui-raconte-la-chute-de-sciences-po\" class=\"h-flex h-align-items-center h-border-tb h-ptb-15\" target=\"_blank\" rel=\"noopener\">A\u00a0LIRE\u00a0Du gauchisme \u00e0 Gaza, le livre qui raconte la chute de Sciences Po<\/a><\/p>\n<blockquote class=\"twitter-tweet\">\n<p dir=\"ltr\" lang=\"fr\">Apr\u00e8s concertation avec le minist\u00e8re de l\u2019Enseignement sup\u00e9rieur et de la Recherche, le Rectorat de R\u00e9gion acad\u00e9mique et la Pr\u00e9fecture, la direction de Sciences Po Lille a pris la d\u00e9cision d\u2019annuler l\u2019inscription pr\u00e9vue de cette \u00e9tudiante dans notre \u00e9tablissement.<\/p>\n<p>\u2014 Sciences Po Lille (@ScPoLille) <a href=\"https:\/\/twitter.com\/ScPoLille\/status\/1950556829907587515?ref_src=twsrc%5Etfw\" target=\"_blank\" rel=\"noopener\">July 30, 2025<\/a><\/p>\n<\/blockquote>\n<p>Nour Atallah, r\u00e9fugi\u00e9e gazaouie de 25 ans, est arriv\u00e9e en France il y a peu gr\u00e2ce \u00e0 une bourse sociale d\u00e9livr\u00e9e par le consulat fran\u00e7ais \u00e0 J\u00e9rusalem, qui est plac\u00e9 sous la supervision directe du cabinet du ministre des Affaires \u00e9trang\u00e8res, Jean-No\u00ebl Barrot, a appris <a href=\"https:\/\/www.lepoint.fr\/societe\/sciences-po-lille-une-refugiee-gazaouie-accusee-d-antisemitisme-et-de-soutien-au-hamas-30-07-2025-2595466_23.php?lpmc=1753890828#11\" target=\"_blank\" rel=\"nofollow noopener\">Le Point<\/a>. Or, dans ses tweets, elle a ainsi appel\u00e9 \u00e0 \u00ab tuer les Juifs partout \u00bb, \u00e0 ex\u00e9cuter les otages d\u00e9tenus par le Hamas ou encore glorifi\u00e9 Adolf Hitler et les attentats du 7-Octobre. \u00ab Le contenu de ces publications entre en contradiction frontale avec les valeurs port\u00e9es par Sciences Po Lille, qui lutte contre toute forme de racisme, antis\u00e9mitisme et discrimination, ainsi que contre tout type d\u2019appel \u00e0 la haine, contre quelque population que ce soit \u00bb, a rappel\u00e9 l\u2019universit\u00e9.<\/p>\n<p>Retrouvez-nous sur :<\/p>\n<blockquote class=\"wp-embedded-content\" data-secret=\"4xAEodC9zJ\">\n<p><a href=\"https:\/\/www.valeursactuelles.com\/\" target=\"_blank\" rel=\"noopener\">Accueil<\/a><\/p>\n<\/blockquote>\n<p>\u2013 Facebook :<\/p>\n<p>https:\/\/www.facebook.com\/valeursactuelles.page\u00a0\u00bb&gt;<\/p>\n<p>\u00a0<\/p>\n<p>La justice saisie du dossier<\/p>\n<p>Depuis l\u2019alerte lanc\u00e9e par le d\u00e9put\u00e9 RN de la Somme, Matthias Renault, la pol\u00e9mique a enfl\u00e9. Avant la r\u00e9action de l\u2019universit\u00e9, c\u2019est le ministre de l\u2019Int\u00e9rieur, Bruno Retailleau, qui avait annonc\u00e9 avoir demand\u00e9 \u00e0 ce que l<a href=\"https:\/\/www.valeursactuelles.com\/societe\/tuer-les-juifs-partout-retailleau-saisit-la-justice-apres-les-propos-inquietants-dune-refugiee-gazaouie-inscrite-a-sciences-po\" target=\"_blank\" rel=\"noopener sponsored\">e compte X de la jeune femme soit ferm\u00e9<\/a>. En outre, il a \u00ab imm\u00e9diatement donn\u00e9 instruction au pr\u00e9fet de saisir la justice \u00bb, rappelant que \u00ab les propagandistes du Hamas n\u2019ont rien \u00e0 faire dans notre pays \u00bb.<\/p>\n<p>                                                                    <script async src=\"https:\/\/platform.twitter.com\/widgets.js\" charset=\"utf-8\"><\/script><\/p>\n","protected":false},"excerpt":{"rendered":"Soci\u00e9t\u00e9 Les propos de la jeune Palestinienne \u00ab entrent en contradiction frontale avec les valeurs port\u00e9es par Sciences-Po&hellip;\n","protected":false},"author":2,"featured_media":284651,"comment_status":"","ping_status":"","sticky":false,"template":"","format":"standard","meta":{"footnotes":""},"categories":[2815],"tags":[1111,11,6155,6379,1777,674,1011,27,3519,811,1307,12,3518,25,13798,5768],"class_list":{"0":"post-284650","1":"post","2":"type-post","3":"status-publish","4":"format-standard","5":"has-post-thumbnail","7":"category-lille","8":"tag-actu","9":"tag-actualites","10":"tag-antisemitisme","11":"tag-etudiants","12":"tag-eu","13":"tag-europe","14":"tag-fr","15":"tag-france","16":"tag-hamas","17":"tag-hauts-de-france","18":"tag-lille","19":"tag-news","20":"tag-palestine","21":"tag-republique-francaise","22":"tag-sciences-po-paris","23":"tag-universite"},"share_on_mastodon":{"url":"https:\/\/pubeurope.com\/@fr\/114943018207861890","error":""},"_links":{"self":[{"href":"https:\/\/www.europesays.com\/fr\/wp-json\/wp\/v2\/posts\/284650","targetHints":{"allow":["GET"]}}],"collection":[{"href":"https:\/\/www.europesays.com\/fr\/wp-json\/wp\/v2\/posts"}],"about":[{"href":"https:\/\/www.europesays.com\/fr\/wp-json\/wp\/v2\/types\/post"}],"author":[{"embeddable":true,"href":"https:\/\/www.europesays.com\/fr\/wp-json\/wp\/v2\/users\/2"}],"replies":[{"embeddable":true,"href":"https:\/\/www.europesays.com\/fr\/wp-json\/wp\/v2\/comments?post=284650"}],"version-history":[{"count":0,"href":"https:\/\/www.europesays.com\/fr\/wp-json\/wp\/v2\/posts\/284650\/revisions"}],"wp:featuredmedia":[{"embeddable":true,"href":"https:\/\/www.europesays.com\/fr\/wp-json\/wp\/v2\/media\/284651"}],"wp:attachment":[{"href":"https:\/\/www.europesays.com\/fr\/wp-json\/wp\/v2\/media?parent=284650"}],"wp:term":[{"taxonomy":"category","embeddable":true,"href":"https:\/\/www.europesays.com\/fr\/wp-json\/wp\/v2\/categories?post=284650"},{"taxonomy":"post_tag","embeddable":true,"href":"https:\/\/www.europesays.com\/fr\/wp-json\/wp\/v2\/tags?post=284650"}],"curies":[{"name":"wp","href":"https:\/\/api.w.org\/{rel}","templated":true}]}}