{"id":284659,"date":"2025-07-30T16:05:12","date_gmt":"2025-07-30T16:05:12","guid":{"rendered":"https:\/\/www.europesays.com\/fr\/284659\/"},"modified":"2025-07-30T16:05:12","modified_gmt":"2025-07-30T16:05:12","slug":"picnic-complete-son-maillage-francilien-avec-louverture-dun-hub-logistique-a-bezons-95","status":"publish","type":"post","link":"https:\/\/www.europesays.com\/fr\/284659\/","title":{"rendered":"Picnic compl\u00e8te son maillage francilien avec l&rsquo;ouverture d&rsquo;un hub logistique \u00e0 Bezons (95)"},"content":{"rendered":"<p>Picnic, supermarch\u00e9 en ligne n\u00e9erlandais, a inaugur\u00e9 le 30 juillet 2025 un nouveau hub logistique \u00e0 Bezons, dans le Val-d&rsquo;Oise. L&rsquo;entreprise \u00e9tend ainsi sa pr\u00e9sence dans l&rsquo;ouest parisien, \u00ab zone \u00e0 fort potentiel qui correspond parfaitement au mod\u00e8le avec ses familles et ses maisons individuelles \u00bb, proposant \u00e0 plus de 500 000 foyers suppl\u00e9mentaires ses services de livraison. Ce hub vient renforcer un maillage logistique connect\u00e9 au centre de pr\u00e9paration de commandes de Moissy-Cramayel, en Seine-et-Marne. Au total, 23 nouvelles villes sont desservies. Dans le cadre de l&rsquo;ouverture de ce site, Picnic pr\u00e9voit de recruter une cinquantaine de personnes.<\/p>\n<p>Une \u00e9tape cl\u00e9 dans le d\u00e9ploiement de Picnic en r\u00e9gion parisienne<\/p>\n<p>\u00ab Bezons marque une \u00e9tape strat\u00e9gique pour Picnic : elle nous permet de finaliser notre maillage en \u00cele-de-France \u00bb, explique Gr\u00e9goire Borgoltz, directeur des op\u00e9rations Picnic France. Ce hub marque ainsi la derni\u00e8re brique d&rsquo;un d\u00e9ploiement r\u00e9gional ambitieux, pens\u00e9 pour r\u00e9pondre \u00e0 une demande croissante des consommateurs. L&rsquo;enseigne a inaugur\u00e9 en 2023 son premier centre de pr\u00e9paration de commandes (FC) francilien \u00e0 Moissy-Cramayel (77) et hub de livraison \u00e0 Champlan (91). Ce FC de 25 000 m\u00b2 est le centre n\u00e9vralgique de Picnic, desservant l&rsquo;ensemble des hubs pr\u00e9sents en \u00cele-de-France. Apr\u00e8s l&rsquo;ouverture de Champlan, l&rsquo;entreprise a inaugur\u00e9 neuf hubs au fil des mois en r\u00e9gion parisienne, lui permettant ainsi de toucher plus de deux millions de foyers franciliens.<\/p>\n<p>\u00a0<\/p>\n<p>\u00c0 lire \u00e9galement :\u00a0<a href=\"https:\/\/www.voxlog.fr\/actualite\/8867\/lenseigne-picnic-developpe-en-france-la-logistique-retour-des-consignes-sodastream\" target=\"_blank\" rel=\"noopener\">Picnic d\u00e9veloppe en France la logistique retour des consignes Sodastream<\/a><\/p>\n<p>\u00a0<\/p>\n","protected":false},"excerpt":{"rendered":"Picnic, supermarch\u00e9 en ligne n\u00e9erlandais, a inaugur\u00e9 le 30 juillet 2025 un nouveau hub logistique \u00e0 Bezons, dans&hellip;\n","protected":false},"author":2,"featured_media":284660,"comment_status":"","ping_status":"","sticky":false,"template":"","format":"standard","meta":{"footnotes":""},"categories":[1592],"tags":[1111,11,7027,42364,1777,674,1011,27,42363,662,1116,12,626,42366,42365,25],"class_list":{"0":"post-284659","1":"post","2":"type-post","3":"status-publish","4":"format-standard","5":"has-post-thumbnail","7":"category-ile-de-france","8":"tag-actu","9":"tag-actualites","10":"tag-e-commerce","11":"tag-entrepot","12":"tag-eu","13":"tag-europe","14":"tag-fr","15":"tag-france","16":"tag-hub-logistique","17":"tag-ile-de-france","18":"tag-immobilier","19":"tag-news","20":"tag-paris","21":"tag-picnic","22":"tag-plateforme-logistique","23":"tag-republique-francaise"},"share_on_mastodon":{"url":"https:\/\/pubeurope.com\/@fr\/114943041541766037","error":""},"_links":{"self":[{"href":"https:\/\/www.europesays.com\/fr\/wp-json\/wp\/v2\/posts\/284659","targetHints":{"allow":["GET"]}}],"collection":[{"href":"https:\/\/www.europesays.com\/fr\/wp-json\/wp\/v2\/posts"}],"about":[{"href":"https:\/\/www.europesays.com\/fr\/wp-json\/wp\/v2\/types\/post"}],"author":[{"embeddable":true,"href":"https:\/\/www.europesays.com\/fr\/wp-json\/wp\/v2\/users\/2"}],"replies":[{"embeddable":true,"href":"https:\/\/www.europesays.com\/fr\/wp-json\/wp\/v2\/comments?post=284659"}],"version-history":[{"count":0,"href":"https:\/\/www.europesays.com\/fr\/wp-json\/wp\/v2\/posts\/284659\/revisions"}],"wp:featuredmedia":[{"embeddable":true,"href":"https:\/\/www.europesays.com\/fr\/wp-json\/wp\/v2\/media\/284660"}],"wp:attachment":[{"href":"https:\/\/www.europesays.com\/fr\/wp-json\/wp\/v2\/media?parent=284659"}],"wp:term":[{"taxonomy":"category","embeddable":true,"href":"https:\/\/www.europesays.com\/fr\/wp-json\/wp\/v2\/categories?post=284659"},{"taxonomy":"post_tag","embeddable":true,"href":"https:\/\/www.europesays.com\/fr\/wp-json\/wp\/v2\/tags?post=284659"}],"curies":[{"name":"wp","href":"https:\/\/api.w.org\/{rel}","templated":true}]}}