{"id":284661,"date":"2025-07-30T16:06:12","date_gmt":"2025-07-30T16:06:12","guid":{"rendered":"https:\/\/www.europesays.com\/fr\/284661\/"},"modified":"2025-07-30T16:06:12","modified_gmt":"2025-07-30T16:06:12","slug":"la-nba-annonce-le-retour-des-paris-game-dans-la-capitale-decouvrez-ou-et-quand","status":"publish","type":"post","link":"https:\/\/www.europesays.com\/fr\/284661\/","title":{"rendered":"La NBA annonce le retour des Paris Game dans la capitale : d\u00e9couvrez o\u00f9 et quand"},"content":{"rendered":"<p>            Par<br \/>\n        <strong><br \/>\n            <a href=\"https:\/\/actu.fr\/auteur\/sarah-coulet\" title=\"Consulter tous les articles de Sarah Coulet\" target=\"_blank\" rel=\"noopener\">Sarah Coulet<\/a><br \/>\n        <\/strong><\/p>\n<p>        Publi\u00e9 le<\/p>\n<p>            30 juil. 2025 \u00e0 17h36        <\/p>\n<p>C\u2019est une annonce qui a d\u00fb ravir les amateurs de basket am\u00e9ricain\u2009: la <a href=\"https:\/\/actu.fr\/tag\/nba\" target=\"_blank\" rel=\"noopener\">NBA<\/a> a fait savoir, ce mercredi 30\u00a0juillet 2025, que la <strong>Paris Game<\/strong> serait de retour dans la capitale. Moins bonne nouvelle\u2009: il faudra attendre deux ans avant de voir les joueurs des \u00e9quipes am\u00e9ricaines fouler \u00e0 nouveau le parquet parisien.<\/p>\n<p>Le retour de Wembanyama\u2009?<\/p>\n<p class=\" wall-content\">\u00ab\u2009Apr\u00e8s une s\u00e9rie de matchs record en 2025, la NBA reviendra \u00e0 Paris pour des matchs de saison r\u00e9guli\u00e8re en\u00a02027 et\u00a02028\u2009\u00bb, a annonc\u00e9 la ligue am\u00e9ricaine. Pour l\u2019heure, <strong>aucune date de match ou noms d\u2019\u00e9quipes<\/strong> n\u2019a \u00e9t\u00e9 annonc\u00e9e. Pour patienter, les fans de basket pourront aller faire un tour \u00e0 Londres ou \u00e0 Berlin en 2026.<\/p>\n<p class=\" wall-content\">\n<p class=\" wall-content\">La derni\u00e8re session avait \u00e9t\u00e9 marqu\u00e9e par un \u00e9v\u00e9nement majeur\u2009: le match, \u00e0 l\u2019<a href=\"https:\/\/actu.fr\/tag\/accor-arena-bercy\" target=\"_blank\" rel=\"noopener\">Accor Arena<\/a>, entre les <strong>San Antonio Spurs<\/strong> de <a href=\"https:\/\/actu.fr\/ile-de-france\/paris_75056\/nba-paris-games-2025-quand-acheter-ses-billets-pour-voir-la-star-victor-wembanyama-a-l-accor-arena_61731222.html\" target=\"_blank\" rel=\"noopener\">Victor Wembanyama<\/a>, ancien joueur du club de Nanterre, et les <strong>Indiana Pacers<\/strong>.<\/p>\n<p class=\" wall-content\">Plus d\u2019information \u00e0 venir\u2026<\/p>\n<p class=\" wall-content\">Suivez toute l\u2019actualit\u00e9 de vos villes et m\u00e9dias favoris en vous inscrivant \u00e0 <a href=\"https:\/\/moncompte.actu.fr\" title=\"D\u00e9couvez Mon Actu\" rel=\"nofollow noopener\" data-trk=\"{&quot;cta&quot;:{&quot;action&quot;:&quot;https:\\\/\\\/moncompte.actu.fr&quot;,&quot;category&quot;:&quot;mon compte&quot;,&quot;from&quot;:&quot;article footer&quot;,&quot;name&quot;:&quot;Mon actu&quot;,&quot;type&quot;:&quot;cta&quot;}}\" target=\"_blank\">Mon Actu<\/a>.<\/p>\n","protected":false},"excerpt":{"rendered":"Par Sarah Coulet Publi\u00e9 le 30 juil. 2025 \u00e0 17h36 C\u2019est une annonce qui a d\u00fb ravir les&hellip;\n","protected":false},"author":2,"featured_media":284662,"comment_status":"","ping_status":"","sticky":false,"template":"","format":"standard","meta":{"footnotes":""},"categories":[1888],"tags":[29225,1111,1928,11,1927,1465,1777,674,1011,27,2182,12,1926,626,1925,25,60],"class_list":{"0":"post-284661","1":"post","2":"type-post","3":"status-publish","4":"format-standard","5":"has-post-thumbnail","7":"category-paris","8":"tag-accor-arena-bercy","9":"tag-actu","10":"tag-actu-paris","11":"tag-actualites","12":"tag-actualites-paris","13":"tag-basket","14":"tag-eu","15":"tag-europe","16":"tag-fr","17":"tag-france","18":"tag-nba","19":"tag-news","20":"tag-news-paris","21":"tag-paris","22":"tag-paris-news","23":"tag-republique-francaise","24":"tag-sports"},"share_on_mastodon":{"url":"https:\/\/pubeurope.com\/@fr\/114943046189853749","error":""},"_links":{"self":[{"href":"https:\/\/www.europesays.com\/fr\/wp-json\/wp\/v2\/posts\/284661","targetHints":{"allow":["GET"]}}],"collection":[{"href":"https:\/\/www.europesays.com\/fr\/wp-json\/wp\/v2\/posts"}],"about":[{"href":"https:\/\/www.europesays.com\/fr\/wp-json\/wp\/v2\/types\/post"}],"author":[{"embeddable":true,"href":"https:\/\/www.europesays.com\/fr\/wp-json\/wp\/v2\/users\/2"}],"replies":[{"embeddable":true,"href":"https:\/\/www.europesays.com\/fr\/wp-json\/wp\/v2\/comments?post=284661"}],"version-history":[{"count":0,"href":"https:\/\/www.europesays.com\/fr\/wp-json\/wp\/v2\/posts\/284661\/revisions"}],"wp:featuredmedia":[{"embeddable":true,"href":"https:\/\/www.europesays.com\/fr\/wp-json\/wp\/v2\/media\/284662"}],"wp:attachment":[{"href":"https:\/\/www.europesays.com\/fr\/wp-json\/wp\/v2\/media?parent=284661"}],"wp:term":[{"taxonomy":"category","embeddable":true,"href":"https:\/\/www.europesays.com\/fr\/wp-json\/wp\/v2\/categories?post=284661"},{"taxonomy":"post_tag","embeddable":true,"href":"https:\/\/www.europesays.com\/fr\/wp-json\/wp\/v2\/tags?post=284661"}],"curies":[{"name":"wp","href":"https:\/\/api.w.org\/{rel}","templated":true}]}}