{"id":284670,"date":"2025-07-30T16:11:12","date_gmt":"2025-07-30T16:11:12","guid":{"rendered":"https:\/\/www.europesays.com\/fr\/284670\/"},"modified":"2025-07-30T16:11:12","modified_gmt":"2025-07-30T16:11:12","slug":"guerre-en-ukraine-la-russie-devoile-un-nouveau-drone-naval-capable-de-detruire-un-navire-ennemi","status":"publish","type":"post","link":"https:\/\/www.europesays.com\/fr\/284670\/","title":{"rendered":"Guerre en Ukraine : la Russie d\u00e9voile un nouveau drone naval capable de \u00ab\u00a0d\u00e9truire un navire ennemi\u00a0\u00bb"},"content":{"rendered":"<ul class=\"jsx-862013697 ArticleChapo__List\">\n<li class=\"jsx-862013697 ArticleChapo__List_Item flex\">La Russie a d\u00e9voil\u00e9 un nouveau drone naval lors des exercices militaires \u00ab\u00a0Temp\u00eate de Juillet\u00a0\u00bb.<\/li>\n<li class=\"jsx-862013697 ArticleChapo__List_Item flex\">Selon le minist\u00e8re russe de la D\u00e9fense, il serait capable de d\u00e9truire un navire ennemi.<\/li>\n<li class=\"jsx-862013697 ArticleChapo__List_Item flex\">Sa date de mise en service n&rsquo;est pas encore connue.<\/li>\n<\/ul>\n<p><a href=\"https:\/\/www.tf1info.fr\/emissions\/lci\/lci-direct-14292\/\" rel=\"noopener\" class=\"jsx-484472199 Link jsx-1428418400 jsx-640816507\" target=\"_blank\"><\/p>\n<p style=\"font-weight:400\" class=\"jsx-1837267516\">Suivez la couverture compl\u00e8te<\/p>\n<p style=\"font-weight:800\" class=\"jsx-1837267516\">LCI Direct<\/p>\n<p><\/a><\/p>\n<p data-module=\"article-paragraph\" class=\"jsx-3046738180 Paragraph\">La Russie d\u00e9voile une nouvelle facette de son arsenal militaire. Dans une vid\u00e9o partag\u00e9e par le minist\u00e8re russe de la D\u00e9fense, on peut apercevoir un drone naval orange filer \u00e0 toute vitesse sur l&rsquo;eau avant de venir percuter et d\u00e9truire un navire factice. Cette nouvelle d\u00e9monstration de force a eu lieu lors des exercices militaires surnomm\u00e9s \u00ab\u00a0<a href=\"https:\/\/www.tf1info.fr\/international\/video-tempete-de-juillet-ce-que-l-on-sait-sur-l-exercice-naval-xxl-lance-par-la-russie-2384718.html\" target=\"_blank\" rel=\"noopener\">Temp\u00eate de juillet<\/a>\u00ab\u00a0, men\u00e9s du 23 au 27 juillet.<\/p>\n<p data-module=\"article-paragraph\" class=\"jsx-3046738180 Paragraph\">Sans pilote, en forme de missile de plusieurs m\u00e8tres de long et capables de se diriger \u00e0 la surface de l&rsquo;eau, ces <a href=\"https:\/\/www.tf1info.fr\/international\/guerre-en-ukraine-l-ex-pdg-de-google-va-livrer-des-centaines-de-milliers-de-drones-intercepteurs-a-kiev-2385593.html\" target=\"_blank\" rel=\"noopener\">drones<\/a> sont remplis d&rsquo;explosifs et s&rsquo;entra\u00eenent \u00e0 attaquer et \u00e0 couler des navires sur la mer Baltique. Ils sont \u00e9galement \u00e9quip\u00e9s de cam\u00e9ras permettant un contr\u00f4le en temps r\u00e9el jusqu&rsquo;au moment de la d\u00e9tonation.\u00a0<\/p>\n<p data-module=\"article-paragraph\" class=\"jsx-3046738180 Paragraph Paragraph__End\">\u00ab\u00a0Les forces de la flotte de la Baltique ont \u00e9t\u00e9 capables de d\u00e9truire le navire d\u2019un ennemi fictif gr\u00e2ce \u00e0 l\u2019utilisation combin\u00e9e de syst\u00e8mes maritimes sans pilote\u00a0\u00bb, a simplement indiqu\u00e9 le minist\u00e8re russe de la D\u00e9fense. Objectif aussi : faire de la reconnaissance, frapper des cibles ennemies, assurer la protection de ses propres navires, lutter contre les drones ennemis et neutraliser des mines navales.<\/p>\n<p><a href=\"https:\/\/www.tf1info.fr\/international\/video-pour-la-russie-il-faut-montrer-que-la-flotte-existe-toujours-poutine-montre-les-muscles-avec-l-operation-tempete-de-juillet-2385295.html\" rel=\"noopener\" class=\"jsx-3308031228 Link flex\" target=\"_blank\"><img decoding=\"async\" src=\"https:\/\/www.europesays.com\/fr\/wp-content\/uploads\/2025\/07\/guerre-en-ukraine-un-navire-de-la-flotte-russe-tire-un-missile-de-croisiere-en-mer-noire-4f9e00-1@1x.jpeg\" alt=\"Un navire russe tire un missile de croisi\u00e8re en mer Noire, selon cette image tir\u00e9e d'un document du minist\u00e8re russe de la D\u00e9fense, le 21 juillet 2023\" loading=\"lazy\" importance=\"low\" fetchpriority=\"low\" class=\"\" aria-hidden=\"true\"\/><\/p>\n<p class=\"jsx-3657663356 ReadMoreArticle__Title\">Lire aussi<\/p>\n<p class=\"jsx-3657663356\">\u00ab\u00a0Il faut montrer que la flotte russe existe toujours\u00a0\u00bb : Poutine montre les muscles avec l\u2019op\u00e9ration \u00ab\u00a0Temp\u00eate de juillet\u00a0\u00bb<\/p>\n<p><\/a><\/p>\n<p data-module=\"article-paragraph\" class=\"jsx-3046738180 Paragraph\">\u00ab\u00a0Ce qui est important, c&rsquo;est la capacit\u00e9, la distance que le drone est capable de parcourir, mais technologiquement, c&rsquo;est facile pour un \u00c9tat de mettre en place ce drone naval. Il peut \u00eatre en plus d\u00e9tach\u00e9 \u00e0 quelques m\u00e8tres ou kilom\u00e8tres avec une annexe qui va le rapprocher de la cible, donc rien d&rsquo;extraordinaire\u00a0\u00bb, estime Caroline Thominet, analyste en g\u00e9opolitique et pr\u00e9sidente de l&rsquo;ONG Doc4Ukraine.<\/p>\n<p data-module=\"article-paragraph\" class=\"jsx-3046738180 Paragraph Paragraph__End\">Pour l&rsquo;heure, on ne conna\u00eet pas la date officielle de mise en service.\u00a0Au total, une centaine d&rsquo;avions, au moins, et dix syst\u00e8mes de missiles c\u00f4tiers ont \u00e9t\u00e9 impliqu\u00e9s dans cet exercice. Une mani\u00e8re de prouver que la Russie poss\u00e8de toujours la troisi\u00e8me marine la plus puissante du monde, apr\u00e8s la Chine et les \u00c9tats-Unis.\u00a0<\/p>\n<p>Thibault JEANNIN<\/p>\n","protected":false},"excerpt":{"rendered":"La Russie a d\u00e9voil\u00e9 un nouveau drone naval lors des exercices militaires \u00ab\u00a0Temp\u00eate de Juillet\u00a0\u00bb. Selon le minist\u00e8re&hellip;\n","protected":false},"author":2,"featured_media":284671,"comment_status":"","ping_status":"","sticky":false,"template":"","format":"standard","meta":{"footnotes":""},"categories":[1590],"tags":[1111,11,1921,5925,1777,674,1922,37193,12,132,220,133,1920],"class_list":{"0":"post-284670","1":"post","2":"type-post","3":"status-publish","4":"format-standard","5":"has-post-thumbnail","7":"category-ukraine","8":"tag-actu","9":"tag-actualites","10":"tag-article-video","11":"tag-conflits-et-guerre","12":"tag-eu","13":"tag-europe","14":"tag-info","15":"tag-lci-direct","16":"tag-news","17":"tag-russie","18":"tag-ukraine","19":"tag-video","20":"tag-video-international"},"share_on_mastodon":{"url":"https:\/\/pubeurope.com\/@fr\/114943065146100270","error":""},"_links":{"self":[{"href":"https:\/\/www.europesays.com\/fr\/wp-json\/wp\/v2\/posts\/284670","targetHints":{"allow":["GET"]}}],"collection":[{"href":"https:\/\/www.europesays.com\/fr\/wp-json\/wp\/v2\/posts"}],"about":[{"href":"https:\/\/www.europesays.com\/fr\/wp-json\/wp\/v2\/types\/post"}],"author":[{"embeddable":true,"href":"https:\/\/www.europesays.com\/fr\/wp-json\/wp\/v2\/users\/2"}],"replies":[{"embeddable":true,"href":"https:\/\/www.europesays.com\/fr\/wp-json\/wp\/v2\/comments?post=284670"}],"version-history":[{"count":0,"href":"https:\/\/www.europesays.com\/fr\/wp-json\/wp\/v2\/posts\/284670\/revisions"}],"wp:featuredmedia":[{"embeddable":true,"href":"https:\/\/www.europesays.com\/fr\/wp-json\/wp\/v2\/media\/284671"}],"wp:attachment":[{"href":"https:\/\/www.europesays.com\/fr\/wp-json\/wp\/v2\/media?parent=284670"}],"wp:term":[{"taxonomy":"category","embeddable":true,"href":"https:\/\/www.europesays.com\/fr\/wp-json\/wp\/v2\/categories?post=284670"},{"taxonomy":"post_tag","embeddable":true,"href":"https:\/\/www.europesays.com\/fr\/wp-json\/wp\/v2\/tags?post=284670"}],"curies":[{"name":"wp","href":"https:\/\/api.w.org\/{rel}","templated":true}]}}