{"id":284674,"date":"2025-07-30T16:13:15","date_gmt":"2025-07-30T16:13:15","guid":{"rendered":"https:\/\/www.europesays.com\/fr\/284674\/"},"modified":"2025-07-30T16:13:15","modified_gmt":"2025-07-30T16:13:15","slug":"royaume-uni-lespace-aerien-perturbe-en-raison-dun-probleme-technique-de-nombreux-vols-retardes","status":"publish","type":"post","link":"https:\/\/www.europesays.com\/fr\/284674\/","title":{"rendered":"Royaume-Uni : l&rsquo;espace a\u00e9rien perturb\u00e9 en raison d&rsquo;un \u00ab\u00a0probl\u00e8me technique\u00a0\u00bb, de nombreux vols retard\u00e9s"},"content":{"rendered":"<ul class=\"jsx-862013697 ArticleChapo__List\">\n<li class=\"jsx-862013697 ArticleChapo__List_Item flex\">Un probl\u00e8me technique a touch\u00e9 ce mercredi l&rsquo;espace a\u00e9rien britannique, indique le service de contr\u00f4le a\u00e9rien local.<\/li>\n<li class=\"jsx-862013697 ArticleChapo__List_Item flex\">De nombreux avions sont rest\u00e9s clou\u00e9s au sol, la zone de contr\u00f4le de Londres \u00ab\u00a0limitant\u00a0\u00bb leur nombre dans les airs.<\/li>\n<li class=\"jsx-862013697 ArticleChapo__List_Item flex\">Le probl\u00e8me a finalement \u00e9t\u00e9 r\u00e9solu plus tard dans l&rsquo;apr\u00e8s-midi.<\/li>\n<\/ul>\n<p data-module=\"article-paragraph\" class=\"jsx-3046738180 Paragraph Paragraph__End\">Un mercredi apr\u00e8s-midi compliqu\u00e9 pour les transports a\u00e9riens de l&rsquo;autre c\u00f4t\u00e9 de la Manche. D&rsquo;apr\u00e8s le service de contr\u00f4le a\u00e9rien britannique (NATS),\u00a0un \u00ab\u00a0probl\u00e8me technique\u00a0\u00bb est survenu, perturbant de nombreux vols. Le NATS a pr\u00e9cis\u00e9 <a href=\"https:\/\/x.com\/NATS\/status\/1950575571080970331\" target=\"_blank\">sur X (nouvelle fen\u00eatre)<\/a> \u00ab\u00a0limiter le nombre d&rsquo;avions qui volent dans la zone de contr\u00f4le de Londres pour garantir la s\u00e9curit\u00e9\u00a0\u00bb.<\/p>\n<p>De nombreux vols retard\u00e9s<\/p>\n<p data-module=\"article-paragraph\" class=\"jsx-3046738180 Paragraph Paragraph__End\">Le probl\u00e8me \u00ab\u00a0affecte tous les vols au d\u00e9part du Royaume-Uni\u00a0\u00bb, a pour sa part indiqu\u00e9 l&rsquo;a\u00e9roport londonien de Gatwick, ajoutant avoir suspendu tous les d\u00e9parts \u00ab\u00a0le temps que la situation soit r\u00e9solue\u00a0\u00bb. Certains avions ont donc \u00e9t\u00e9 clou\u00e9s au sol. Le site sp\u00e9cialis\u00e9 <a href=\"https:\/\/www.flightradar24.com\/51.23,-0.45\/8\" target=\"_blank\" rel=\"nofollow noopener\">FlightRadar (nouvelle fen\u00eatre)<\/a> a fait \u00e9tat de dizaines d&rsquo;appareils toujours <a href=\"https:\/\/www.tf1info.fr\/transports\/video-tf1-panne-electrique-geante-pourquoi-les-aeroports-parisiens-sont-reputes-moins-vulnerables-que-celui-de-heathrow-2360795.html\" target=\"_blank\" rel=\"noopener\">\u00e0 l&rsquo;a\u00e9roport d&rsquo;Heathrow<\/a> alors qu&rsquo;ils devaient d\u00e9coller depuis plusieurs dizaines de minutes.<\/p>\n<p><a href=\"https:\/\/www.tf1info.fr\/transports\/transport-aerien-defavorable-a-une-taxe-sur-les-billets-d-avion-ryanair-supprime-trois-dessertes-en-france-2386076.html\" rel=\"noopener\" class=\"jsx-3308031228 Link flex\" target=\"_blank\"><img decoding=\"async\" src=\"https:\/\/www.europesays.com\/fr\/wp-content\/uploads\/2025\/07\/ryanair-2355-b0c6d6-0@1x.jpeg\" alt=\"DAVID GANNON \/ AFP\" loading=\"lazy\" importance=\"low\" fetchpriority=\"low\" class=\"\" aria-hidden=\"true\"\/><\/p>\n<p class=\"jsx-3657663356 ReadMoreArticle__Title\">Lire aussi<\/p>\n<p class=\"jsx-3657663356\">D\u00e9favorable \u00e0 une taxe sur les billets d&rsquo;avion, Ryanair supprime trois dessertes en France<\/p>\n<p><\/a><\/p>\n<p data-module=\"article-paragraph\" class=\"jsx-3046738180 Paragraph Paragraph__End\">La situation devrait toutefois s&rsquo;am\u00e9liorer au fil des minutes : en fin d&rsquo;apr\u00e8s-midi, le NATS a finalement assur\u00e9 que le probl\u00e8me avait \u00e9t\u00e9 \u00ab\u00a0r\u00e9solu\u00a0\u00bb. \u00ab\u00a0Nous sommes en train de reprendre nos activit\u00e9s normales dans la r\u00e9gion de Londres\u00a0\u00bb, a-t-il pr\u00e9cis\u00e9, avant de pr\u00e9senter ses \u00ab\u00a0excuses pour la g\u00eane occasionn\u00e9e.\u00a0\u00bb<\/p>\n<p>I.N<\/p>\n","protected":false},"excerpt":{"rendered":"Un probl\u00e8me technique a touch\u00e9 ce mercredi l&rsquo;espace a\u00e9rien britannique, indique le service de contr\u00f4le a\u00e9rien local. De&hellip;\n","protected":false},"author":2,"featured_media":284675,"comment_status":"","ping_status":"","sticky":false,"template":"","format":"standard","meta":{"footnotes":""},"categories":[1588],"tags":[1111,11,4708,1921,13143,1777,674,1922,12,473,1853,2803,1851,1850,1852,133,1920],"class_list":{"0":"post-284674","1":"post","2":"type-post","3":"status-publish","4":"format-standard","5":"has-post-thumbnail","7":"category-royaume-uni","8":"tag-actu","9":"tag-actualites","10":"tag-angleterre","11":"tag-article-video","12":"tag-avion-secteur-aerien","13":"tag-eu","14":"tag-europe","15":"tag-info","16":"tag-news","17":"tag-royaume-uni","18":"tag-royaume-uni-de-grande-bretagne-et-dirlande-du-nord","19":"tag-transport","20":"tag-uk","21":"tag-united-kingdom","22":"tag-united-kingdom-of-great-britain-and-northern-ireland","23":"tag-video","24":"tag-video-international"},"share_on_mastodon":{"url":"https:\/\/pubeurope.com\/@fr\/114943073206820629","error":""},"_links":{"self":[{"href":"https:\/\/www.europesays.com\/fr\/wp-json\/wp\/v2\/posts\/284674","targetHints":{"allow":["GET"]}}],"collection":[{"href":"https:\/\/www.europesays.com\/fr\/wp-json\/wp\/v2\/posts"}],"about":[{"href":"https:\/\/www.europesays.com\/fr\/wp-json\/wp\/v2\/types\/post"}],"author":[{"embeddable":true,"href":"https:\/\/www.europesays.com\/fr\/wp-json\/wp\/v2\/users\/2"}],"replies":[{"embeddable":true,"href":"https:\/\/www.europesays.com\/fr\/wp-json\/wp\/v2\/comments?post=284674"}],"version-history":[{"count":0,"href":"https:\/\/www.europesays.com\/fr\/wp-json\/wp\/v2\/posts\/284674\/revisions"}],"wp:featuredmedia":[{"embeddable":true,"href":"https:\/\/www.europesays.com\/fr\/wp-json\/wp\/v2\/media\/284675"}],"wp:attachment":[{"href":"https:\/\/www.europesays.com\/fr\/wp-json\/wp\/v2\/media?parent=284674"}],"wp:term":[{"taxonomy":"category","embeddable":true,"href":"https:\/\/www.europesays.com\/fr\/wp-json\/wp\/v2\/categories?post=284674"},{"taxonomy":"post_tag","embeddable":true,"href":"https:\/\/www.europesays.com\/fr\/wp-json\/wp\/v2\/tags?post=284674"}],"curies":[{"name":"wp","href":"https:\/\/api.w.org\/{rel}","templated":true}]}}