{"id":284676,"date":"2025-07-30T16:14:21","date_gmt":"2025-07-30T16:14:21","guid":{"rendered":"https:\/\/www.europesays.com\/fr\/284676\/"},"modified":"2025-07-30T16:14:21","modified_gmt":"2025-07-30T16:14:21","slug":"stage-en-allemagne-amicaux-le-programme-de-lol-lyonnes","status":"publish","type":"post","link":"https:\/\/www.europesays.com\/fr\/284676\/","title":{"rendered":"Stage en Allemagne, amicaux\u2026 le programme de l\u2019OL Lyonnes"},"content":{"rendered":"<p>                            <img width=\"770\" height=\"433\" src=\"https:\/\/www.europesays.com\/fr\/wp-content\/uploads\/2025\/07\/AFP__20250509__2214078893__v1__HighRes__OlympiqueLyonnaisVArsenalWfcUefaWomenSChampi-770x433.jpg\" class=\"attachment-article size-article wp-post-image\" alt=\"Wendie Renard en discussions avec Selma Bacha et Kadidiatou Diani lors d'OL - Arsenal\" decoding=\"async\" fetchpriority=\"high\"  \/><\/p>\n<p>Wendie Renard en discussions avec Selma Bacha et Kadidiatou Diani lors d\u2019OL \u2013 Arsenal (Photo by Catherine Steenkeste \/ GETTY IMAGES EUROPE \/ Getty Images via AFP)<\/p>\n<p>Ayant repris l\u2019entra\u00eenement le 21 juillet dernier, l\u2019OL Lyonnes va parfaire sa pr\u00e9paration au mois d\u2019ao\u00fbt. Avant la reprise du championnat, les Fenottes joueront trois amicaux et iront en stage \u00e0 la fin du mois en Allemagne.<\/p>\n<p>\u00c0 la diff\u00e9rence des gar\u00e7ons, les joueuses de l\u2019<strong>OL Lyonnes<\/strong>\u00a0sont encore loin d\u2019\u00eatre dans la derni\u00e8re phase de leur pr\u00e9paration. Bien au contraire. Avec un retour au GOLTC depuis le 21 juillet dernier, les Fenottes sont en pleine reprise et encore loin d\u2019\u00eatre au complet. Avec l\u2019Euro 2025 et la Copa Am\u00e9rica, Jonatan\u00a0<strong>Giraldez<\/strong>\u00a0va devoir patienter avant de retrouver tout son groupe. Ces retours au compte-gouttes doivent permettre \u00e0 l\u2019OL Lyonnes de revenir en pleine possession pour le retour de la Premi\u00e8re Ligue\u00a0<a href=\"https:\/\/www.olympique-et-lyonnais.com\/premiere-ligue-debut-de-la-saison-contre-lom-pour-lol-lyonnes,370778.html\" target=\"_blank\" rel=\"noopener\">contre l\u2019OM<\/a>\u00a0le 7 septembre prochain \u00e0 D\u00e9cines. Encore plus d\u2019un mois de pr\u00e9paration avec un programme qui s\u2019annonce charg\u00e9 pour les co\u00e9quipi\u00e8res de Wendie\u00a0<strong>Renard<\/strong>.<\/p>\n<p>Un stage sur le campus Adidas<\/p>\n<p>Au programme de cette pr\u00e9paration estivale, trois matchs amicaux qui permettront aux Lyonnais de monter en puissance. Le premier rendez-vous se tiendra le 9 ao\u00fbt \u00e0 D\u00e9cines contre le\u00a0<strong>Servette FC<\/strong>. Une rencontre qui se tiendra \u00e0 huis clos comme la deuxi\u00e8me opposition du 16 ao\u00fbt. Le\u00a0<strong>FC Nuremberg<\/strong>\u00a0viendra poser ses valises entre Rh\u00f4ne et Sa\u00f4ne avant l\u2019ultime amical, cinq jours plus tard. <\/p>\n<p>Le 21 ao\u00fbt prochain (19h), Michele\u00a0<strong><a href=\"https:\/\/www.olympique-et-lyonnais.com\/michele-kang-designee-a-la-majorite-presidente-de-lol-et-du-eagle-football-group,373108.html\" target=\"_blank\" rel=\"noopener\">Kang<\/a><\/strong>\u00a0aura de grandes chances d\u2019\u00eatre pr\u00e9sente au GOLTC puisque l\u2019OL Lyonnes affrontera le\u00a0<strong>London City Lionesses<\/strong>, autre membre du giron Kynisca. L\u2019occasion pour les supporters de retrouver une certaine Dani\u00eblle\u00a0<strong>van de Donk<\/strong>,\u00a0<a href=\"https:\/\/www.olympique-et-lyonnais.com\/mercato-van-de-donk-quitte-lol-lyonnes-mais-reste-dans-le-giron-kynisca,366976.html\" target=\"_blank\" rel=\"noopener\">transfuge<\/a>\u00a0dans le club londonien cet \u00e9t\u00e9. Apr\u00e8s un jour de repos, le groupe lyonnais se rendra en Allemagne sur le campus\u00a0Adidas\u00a0pour un stage du 23 au 30 ao\u00fbt.<\/p>\n<p>\t\t\t\t\t<a href=\"https:\/\/www.olympique-et-lyonnais.com\/majorque-ol-moreira-remplace-fofana-dans-le-onze,373396.html\" title=\"Majorque - OL : Moreira remplace Fofana dans le onze\" target=\"_blank\" rel=\"noopener\"><img loading=\"lazy\" width=\"580\" height=\"326\" src=\"https:\/\/www.europesays.com\/fr\/wp-content\/uploads\/2025\/07\/IMG_3459-580x326.jpg\" class=\"attachment-actularge size-actularge wp-post-image\" alt=\"Afonso Moreira lors d'OL - RWDM Brussels\" decoding=\"async\"  \/>\t\t\t\t\t<\/a><\/p>\n","protected":false},"excerpt":{"rendered":"Wendie Renard en discussions avec Selma Bacha et Kadidiatou Diani lors d\u2019OL \u2013 Arsenal (Photo by Catherine Steenkeste&hellip;\n","protected":false},"author":2,"featured_media":284677,"comment_status":"","ping_status":"","sticky":false,"template":"","format":"standard","meta":{"footnotes":""},"categories":[1587],"tags":[11,672,1804,1805,1803,1777,674,1801,12,241,242,978,1802],"class_list":{"0":"post-284676","1":"post","2":"type-post","3":"status-publish","4":"format-standard","5":"has-post-thumbnail","7":"category-allemagne","8":"tag-actualites","9":"tag-allemagne","10":"tag-bundesrepublik-deutschland","11":"tag-de","12":"tag-deutschland","13":"tag-eu","14":"tag-europe","15":"tag-germany","16":"tag-news","17":"tag-ol","18":"tag-ol-feminin","19":"tag-olympique-lyonnais","20":"tag-republique-federale-dallemagne"},"share_on_mastodon":{"url":"https:\/\/pubeurope.com\/@fr\/114943077406753690","error":""},"_links":{"self":[{"href":"https:\/\/www.europesays.com\/fr\/wp-json\/wp\/v2\/posts\/284676","targetHints":{"allow":["GET"]}}],"collection":[{"href":"https:\/\/www.europesays.com\/fr\/wp-json\/wp\/v2\/posts"}],"about":[{"href":"https:\/\/www.europesays.com\/fr\/wp-json\/wp\/v2\/types\/post"}],"author":[{"embeddable":true,"href":"https:\/\/www.europesays.com\/fr\/wp-json\/wp\/v2\/users\/2"}],"replies":[{"embeddable":true,"href":"https:\/\/www.europesays.com\/fr\/wp-json\/wp\/v2\/comments?post=284676"}],"version-history":[{"count":0,"href":"https:\/\/www.europesays.com\/fr\/wp-json\/wp\/v2\/posts\/284676\/revisions"}],"wp:featuredmedia":[{"embeddable":true,"href":"https:\/\/www.europesays.com\/fr\/wp-json\/wp\/v2\/media\/284677"}],"wp:attachment":[{"href":"https:\/\/www.europesays.com\/fr\/wp-json\/wp\/v2\/media?parent=284676"}],"wp:term":[{"taxonomy":"category","embeddable":true,"href":"https:\/\/www.europesays.com\/fr\/wp-json\/wp\/v2\/categories?post=284676"},{"taxonomy":"post_tag","embeddable":true,"href":"https:\/\/www.europesays.com\/fr\/wp-json\/wp\/v2\/tags?post=284676"}],"curies":[{"name":"wp","href":"https:\/\/api.w.org\/{rel}","templated":true}]}}