{"id":284686,"date":"2025-07-30T16:20:12","date_gmt":"2025-07-30T16:20:12","guid":{"rendered":"https:\/\/www.europesays.com\/fr\/284686\/"},"modified":"2025-07-30T16:20:12","modified_gmt":"2025-07-30T16:20:12","slug":"un-golfeur-dorleans-parmi-les-meneurs-au-championnat-canadien-amateur","status":"publish","type":"post","link":"https:\/\/www.europesays.com\/fr\/284686\/","title":{"rendered":"Un golfeur d\u2019Orl\u00e9ans parmi les meneurs au Championnat canadien amateur"},"content":{"rendered":"<p class=\"article-bodystyled__StyledText-sc-19uhgql-0 bGeyRM body-paragraph\">Au terme des deux rondes initiales, c\u2019est Isaiah Ibit qui m\u00e8ne la cohorte locale. Le natif d\u2019Orl\u00e9ans a remis une carte de 68 (-2) au Rivermead, lundi, avant de refaire le coup au Royal Ottawa, mardi.<\/p>\n<p class=\"article-bodystyled__StyledText-sc-19uhgql-0 bGeyRM body-paragraph\">Son total de 136 (-4) le place \u00e0 \u00e9galit\u00e9 au cinqui\u00e8me rang, seulement deux coups derri\u00e8re le meneur Jager Pain.<\/p>\n<p class=\"article-bodystyled__StyledText-sc-19uhgql-0 bGeyRM body-paragraph\">\u00abJe suis satisfait de mes deux premi\u00e8res journ\u00e9es. Je suis parmi les meneurs alors c\u2019est \u00e7a l\u2019important. J\u2019ai d\u00e9j\u00e0 h\u00e2te \u00e0 demain pour la troisi\u00e8me ronde.\u00bb<\/p>\n<p>          Un double boguey au 15e trou l\u2019a priv\u00e9 de deux pr\u00e9cieux coups. Il est \u00e9galement pass\u00e9 \u00e0 quelques millim\u00e8tres de conclure sa deuxi\u00e8me ronde avec un oiselet.<br \/>\n          (Zakary Mercier, Le Droit)<\/p>\n<p class=\"article-bodystyled__StyledText-sc-19uhgql-0 bGeyRM body-paragraph\">Ce dont il est surtout heureux, c\u2019est de pouvoir prendre part au plus important tournoi amateur au pays \u00e0 quelques minutes du domicile familial. \u00abLa partie la plus plaisante, c\u2019est de pouvoir dormir dans mon lit. C\u2019est toujours tr\u00e8s sp\u00e9cial de jouer dans la r\u00e9gion. J\u2019adore \u00e7a.\u00bb<\/p>\n<p class=\"article-bodystyled__StyledText-sc-19uhgql-0 bGeyRM body-paragraph\">La semaine derni\u00e8re, il a effectu\u00e9 ses d\u00e9buts professionnels \u00e0 l\u2019Omnium des commissionnaires d\u2019Ottawa. Ibit a surv\u00e9cu \u00e0 la coupure et a termin\u00e9 le tournoi avec quatre rondes de 69 (-3), bon pour le 58e rang.<\/p>\n<p class=\"article-bodystyled__StyledText-sc-19uhgql-0 bGeyRM body-paragraph\">\u00abUne chance que j\u2019avais un d\u00e9part en apr\u00e8s-midi lundi, \u00e7a m\u2019a permis de me reposer apr\u00e8s une grosse fin de semaine. C\u2019\u00e9tait vraiment une belle exp\u00e9rience.\u00bb <\/p>\n<p class=\"article-bodystyled__StyledText-sc-19uhgql-0 bGeyRM body-paragraph\">Le membre de l\u2019\u00e9quipe masculine de golf de l\u2019Universit\u00e9 Kent State tentera de faire fi de la fatigue pour mettre la main sur la Coupe Earl Grey. Tout est encore possible dans son cas.<\/p>\n<p class=\"article-bodystyled__StyledText-sc-19uhgql-0 bGeyRM body-paragraph\">James Newton (Ottawa), Jonathan Kaminski (Ottawa), Chase Jerome (Ottawa), Michael Vivone (Ottawa), Maxime Mareng\u00e8re (Gatineau) sont les autres golfeurs de la r\u00e9gion qui participeront aux deux rondes finales, pr\u00e9sent\u00e9es mercredi et jeudi, au Club de Golf Royal Ottawa.<\/p>\n<p><img decoding=\"async\" data-chromatic=\"ignore\" alt=\"L'Orl&#xE9;annais peut toujours croire en ses chances de triompher dans sa r&#xE9;gion natale.\" class=\"c-image\" loading=\"lazy\" src=\"https:\/\/www.europesays.com\/fr\/wp-content\/uploads\/2025\/07\/UZWY3AFWDRA5VLBCKISQBTZPBM.JPG\"  width=\"1200\" height=\"911\"\/><\/p>\n<p class=\"image-metadata__MetadataParagraph-sc-1gfk7p2-0 cAaLKg image-metadata\">L&rsquo;Orl\u00e9annais peut toujours croire en ses chances de triompher dans sa r\u00e9gion natale. (Etienne Ranger\/Le Droit)<\/p>\n<p>Un record de parcours au Rivermead<\/p>\n<p class=\"article-bodystyled__StyledText-sc-19uhgql-0 bGeyRM body-paragraph\">La premi\u00e8re journ\u00e9e du tournoi fut haute en couleur pour plusieurs golfeurs. Certains pour les bonnes raisons et d\u2019autres pour les moins bonnes. Thomas Grenier a d\u00e9finitivement fait parler de lui pour les meilleures raisons possibles. Le natif de Thetford Mines a fracass\u00e9 le record du parcours du Club de Golf Rivermead afin de prendre les commandes du tournoi.<\/p>\n<p class=\"article-bodystyled__StyledText-sc-19uhgql-0 bGeyRM body-paragraph\">\u00abJ\u2019\u00e9tais vraiment dans la zone comme on dit. Tout fonctionnait parfaitement. C\u2019est rare au golf que toutes les facettes du jeu fonctionnent \u00e0 merveille en m\u00eame temps. C\u2019\u00e9tait une tr\u00e8s bonne journ\u00e9e.\u00bb<\/p>\n<p class=\"article-bodystyled__StyledText-sc-19uhgql-0 bGeyRM body-paragraph\">Le Qu\u00e9b\u00e9cois a r\u00e9ussi pas moins de six oiselets et un aigle. Ce qui est encore plus impressionnant c\u2019est qu\u2019il n\u2019a commis aucun boguey. Sa carte de 62 (-8) lui a permis d\u2019inscrire son nom dans l\u2019histoire de plus de 116 ans du Club de Golf Rivermead.<\/p>\n<blockquote class=\"blockquote\" cite=\"\">\n<p class=\"secondary-font__SecondaryFontStyles-sc-jft5zj-0 kJOXaj\">Sa ronde de 62 lui a permis \u00e9galement d\u2019inscrire le plus bas pointage dans l\u2019histoire du Championnat canadien amateur masculin, surpassant l\u2019ancienne marque de 64 d\u00e9tenue par plusieurs joueurs.<\/p>\n<\/blockquote>\n<p class=\"article-bodystyled__StyledText-sc-19uhgql-0 bGeyRM body-paragraph\">\u00abJe n\u2019y ai pas pens\u00e9 avant le 17e trou. Je ne connaissais pas le record, mais je me suis dit que je ne devais pas \u00eatre loin. Je n\u2019avais jamais battu un record de parcours avant. Dans le plus gros tournoi amateur au pays, c\u2019est quelque chose de tr\u00e8s sp\u00e9cial. Je ne pouvais vraiment pas demander mieux.\u00bb<\/p>\n<p class=\"article-bodystyled__StyledText-sc-19uhgql-0 bGeyRM body-paragraph\">Les dangers \u00e9taient donc nombreux lors de cette deuxi\u00e8me journ\u00e9e. Il a d\u00fb s\u2019adapter \u00e0 un nouveau parcours et de nouvelles conditions. Il devait surtout redescendre de son nuage afin de retrouver sa concentration de la veille.<\/p>\n<p class=\"article-bodystyled__StyledText-sc-19uhgql-0 bGeyRM body-paragraph\">\u00abLe Royal Ottawa est un peu plus difficile, selon moi. Je suis encore un peu sur un nuage alors je dois revenir sur terre et garder les choses simples. Je devrai \u00eatre patient.\u00bb<\/p>\n<p>          Thomas Grenier a amorc\u00e9 sa deuxi\u00e8me ronde avec un coup de d\u00e9part en plein centre de l&rsquo;all\u00e9e. Il est en excellente position pour rafler les grands honneurs.<br \/>\n          (Zakary Mercier, Le Droit)<\/p>\n<p class=\"article-bodystyled__StyledText-sc-19uhgql-0 bGeyRM body-paragraph\">Grenier a \u00e9t\u00e9 incapable de r\u00e9p\u00e9ter l\u2019exploit, mardi. Il a remis une carte de 73 (+3) sur les all\u00e9es du Club de Golf Royal Ottawa. Il n\u2019accuse qu\u2019un seul coup de retard sur le meneur Jager Pain.<\/p>\n<p class=\"article-bodystyled__StyledText-sc-19uhgql-0 bGeyRM body-paragraph\">Les avantages sont nombreux \u00e0 remporter la Coupe Earl Grey, le pr\u00e9cieux troph\u00e9e du Championnat canadien amateur. <\/p>\n<p class=\"article-bodystyled__StyledText-sc-19uhgql-0 bGeyRM body-paragraph\">Le champion obtiendra automatiquement une exemption pour participer \u00e0 l\u2019Omnium canadien RBC 2026 ainsi qu\u2019au 125e Championnat amateur des \u00c9tats-Unis, en plus d\u2019\u00eatre exempt\u00e9 des qualifications locales pour le Championnat amateur des \u00c9tats-Unis 2026 et l\u2019Omnium des \u00c9tats-Unis 2026. \u00c9videmment qu\u2019il pourra d\u00e9fendre son titre au 121e Championnat canadien amateur masculin s\u2019il est admissible.<\/p>\n","protected":false},"excerpt":{"rendered":"Au terme des deux rondes initiales, c\u2019est Isaiah Ibit qui m\u00e8ne la cohorte locale. Le natif d\u2019Orl\u00e9ans a&hellip;\n","protected":false},"author":2,"featured_media":284687,"comment_status":"","ping_status":"","sticky":false,"template":"","format":"standard","meta":{"footnotes":""},"categories":[1418],"tags":[1011,27,1472,42368,60],"class_list":{"0":"post-284686","1":"post","2":"type-post","3":"status-publish","4":"format-standard","5":"has-post-thumbnail","7":"category-golf","8":"tag-fr","9":"tag-france","10":"tag-golf","11":"tag-isaiah-ibit","12":"tag-sports"},"share_on_mastodon":{"url":"https:\/\/pubeurope.com\/@fr\/114943100461931254","error":""},"_links":{"self":[{"href":"https:\/\/www.europesays.com\/fr\/wp-json\/wp\/v2\/posts\/284686","targetHints":{"allow":["GET"]}}],"collection":[{"href":"https:\/\/www.europesays.com\/fr\/wp-json\/wp\/v2\/posts"}],"about":[{"href":"https:\/\/www.europesays.com\/fr\/wp-json\/wp\/v2\/types\/post"}],"author":[{"embeddable":true,"href":"https:\/\/www.europesays.com\/fr\/wp-json\/wp\/v2\/users\/2"}],"replies":[{"embeddable":true,"href":"https:\/\/www.europesays.com\/fr\/wp-json\/wp\/v2\/comments?post=284686"}],"version-history":[{"count":0,"href":"https:\/\/www.europesays.com\/fr\/wp-json\/wp\/v2\/posts\/284686\/revisions"}],"wp:featuredmedia":[{"embeddable":true,"href":"https:\/\/www.europesays.com\/fr\/wp-json\/wp\/v2\/media\/284687"}],"wp:attachment":[{"href":"https:\/\/www.europesays.com\/fr\/wp-json\/wp\/v2\/media?parent=284686"}],"wp:term":[{"taxonomy":"category","embeddable":true,"href":"https:\/\/www.europesays.com\/fr\/wp-json\/wp\/v2\/categories?post=284686"},{"taxonomy":"post_tag","embeddable":true,"href":"https:\/\/www.europesays.com\/fr\/wp-json\/wp\/v2\/tags?post=284686"}],"curies":[{"name":"wp","href":"https:\/\/api.w.org\/{rel}","templated":true}]}}