{"id":284689,"date":"2025-07-30T16:22:14","date_gmt":"2025-07-30T16:22:14","guid":{"rendered":"https:\/\/www.europesays.com\/fr\/284689\/"},"modified":"2025-07-30T16:22:14","modified_gmt":"2025-07-30T16:22:14","slug":"top-14-retour-du-patron-3e-ligne-xxl-le-nouveau-visage-de-lusap-en-2025-2026-est-allechant","status":"publish","type":"post","link":"https:\/\/www.europesays.com\/fr\/284689\/","title":{"rendered":"TOP 14. Retour du patron, 3e ligne XXL : le nouveau visage de l&rsquo;USAP en 2025-2026 est all\u00e9chant !"},"content":{"rendered":"<p>Ce <a href=\"https:\/\/www.lerugbynistere.fr\/clubs\/usap-perpignan.php\" ui-sref=\"app.team({teamId: 52})\" alt=\"Perpignan\" data-route=\"app.team\" data-param=\"teamId\" data-id=\"52\" rel=\"nofollow noopener\" target=\"_blank\">Perpignan<\/a> l\u00e0 peut faire peur \u00e0 de nombreuses \u00e9quipes de <a href=\"https:\/\/www.lerugbynistere.fr\/championnats\/top-14\" ui-sref=\"app.competition({competitionId: 1})\" alt=\"Top 14\" data-route=\"app.competition\" data-param=\"competitionId\" data-id=\"1\" rel=\"nofollow noopener\" target=\"_blank\">Top 14<\/a>. Car avec <a href=\"https:\/\/www.lerugbynistere.fr\/news\/top-14-oh-les-beaux-bebes-lincroyable-3-ligne-de-lusap-pret-a-tout-casser-la-saison-prochaine-2707251510.php\" rel=\"nofollow noopener\" target=\"_blank\">le recrutement effectu\u00e9<\/a> par l&rsquo;\u00e9quipe manag\u00e9 par Franck Az\u00e9ma, <strong>l&rsquo;USAP peut, peut-\u00eatre, oublier le fond du classement<\/strong>.\u00a0\u00c0 condition tout de m\u00eame de mettre les ingr\u00e9dients pour. Voici \u00e0 quoi pourrait ressembler le XV type de Perpignan la saison prochaine.<\/p>\n<p><a class=\"inserer_lien_article\" href=\"https:\/\/www.lerugbynistere.fr\/news\/rugby-xv-de-france-tf1-sort-le-grand-jeu-pour-la-coupe-du-monde-feminine-300725908.php\" data-id=\"45693\" data-route=\"app.article\" data-param=\"articleId\" ui-sref=\"app.article({articleId: 45693})\" alt=\"RUGBY. XV DE FRANCE. TF1 sort le grand jeu pour la Coupe du monde f\u00e9minine\" title=\"RUGBY. XV DE FRANCE. TF1 sort le grand jeu pour la Coupe du monde f\u00e9minine\" rel=\"nofollow noopener\" target=\"_blank\"><img decoding=\"async\" src=\"https:\/\/www.europesays.com\/fr\/wp-content\/uploads\/2025\/07\/rugby-feminin-30-07-25-6014.jpg\" alt=\"RUGBY. XV DE FRANCE. TF1 sort le grand jeu pour la Coupe du monde f\u00e9minine\"\/>RUGBY. XV DE FRANCE. TF1 sort le grand jeu pour la Coupe du monde f\u00e9minine<\/a><\/p>\n<p>L&rsquo;arriv\u00e9e de la star Ritchie, le retour du Jedi Tedder<\/p>\n<p>En plus de <a href=\"https:\/\/www.lerugbynistere.fr\/news\/top-14-oh-les-beaux-bebes-lincroyable-3-ligne-de-lusap-pret-a-tout-casser-la-saison-prochaine-2707251510.php\" rel=\"nofollow noopener\" target=\"_blank\">son recrutement tr\u00e8s int\u00e9ressant<\/a>, l&rsquo;USAP ne perd pas tant d&rsquo;\u00e9l\u00e9ments indispensables au groupe. Ali Crossdale et <a href=\"https:\/\/www.lerugbynistere.fr\/fiches-joueurs\/louis-dupichot.php\" ui-sref=\"app.player({playerId: 2680})\" alt=\"Louis Dupichot\" data-route=\"app.player\" data-param=\"playerId\" data-id=\"2680\" rel=\"nofollow noopener\" target=\"_blank\">Louis Dupichot<\/a>, pr\u00e9cieux dans la rotation sur les lignes arri\u00e8res, s&rsquo;en vont. <strong>Mais Perpignan poss\u00e8de de la ressource dans ces domaines<\/strong>. Le surpuissant, et \u00e2g\u00e9, Naqalevu part \u00e9galement. Tout comme <a href=\"https:\/\/www.lerugbynistere.fr\/fiches-joueurs\/valentin-delpy.php\" ui-sref=\"app.player({playerId: 15441})\" alt=\"Valentin Delpy\" data-route=\"app.player\" data-param=\"playerId\" data-id=\"15441\" rel=\"nofollow noopener\" target=\"_blank\">Valentin Delpy<\/a>, <strong>qui a termin\u00e9 son pr\u00eat au pied des Pyr\u00e9nn\u00e9s<\/strong> et encha\u00eene avec un autre \u00e0 deux pas de chez lui, \u00e0 <a href=\"https:\/\/www.lerugbynistere.fr\/clubs\/us-colomiers.php\" ui-sref=\"app.team({teamId: 48})\" alt=\"Colomiers\" data-route=\"app.team\" data-param=\"teamId\" data-id=\"48\" rel=\"nofollow noopener\" target=\"_blank\">Colomiers<\/a>. Voici les d\u00e9parts de l&rsquo;USAP :<\/p>\n<p><a class=\"inserer_lien_article\" href=\"https:\/\/www.lerugbynistere.fr\/news\/transfert-albornoz-au-rct-quelle-est-cette-folle-rumeur-qui-est-sortie-3007251247.php\" data-id=\"45695\" data-route=\"app.article\" data-param=\"articleId\" ui-sref=\"app.article({articleId: 45695})\" alt=\"TRANSFERT. Albornoz au RCT : quelle est cette folle rumeur qui est sortie ?\" title=\"TRANSFERT. Albornoz au RCT : quelle est cette folle rumeur qui est sortie ?\" rel=\"nofollow noopener\" target=\"_blank\"><img decoding=\"async\" src=\"https:\/\/www.europesays.com\/fr\/wp-content\/uploads\/2025\/07\/1753892532_904_tomas-albornoz-pourrait-signer-a-toulon-la-saison-prochaine-30-07-25-4365.jpg\" alt=\"TRANSFERT. Albornoz au RCT : quelle est cette folle rumeur qui est sortie ?\"\/>TRANSFERT. Albornoz au RCT : quelle est cette folle rumeur qui est sortie ?<\/a><\/p>\n<p>Sur le plan des arriv\u00e9es, en revanche, l&rsquo;USAP voit d\u00e9barquer du lourd. Du tr\u00e8s lourd ! <strong>L&rsquo;international \u00e9cossais <a href=\"https:\/\/www.lerugbynistere.fr\/fiches-joueurs\/jamie-ritchie.php\" ui-sref=\"app.player({playerId: 6371})\" alt=\"Jamie Ritchie\" data-route=\"app.player\" data-param=\"playerId\" data-id=\"6371\" rel=\"nofollow noopener\" target=\"_blank\">Jamie Ritchie<\/a> (61 s\u00e9lections) pose ses bagages \u00e0 Aim\u00e9-Giral<\/strong>. En 3e ligne, ce sont Diaby, Yato et Le Corvec qui renforcent \u00e9galement ce secteur. Une densit\u00e9 \u00e9norme qui en fait <a href=\"https:\/\/www.lerugbynistere.fr\/news\/top-14-oh-les-beaux-bebes-lincroyable-3-ligne-de-lusap-pret-a-tout-casser-la-saison-prochaine-2707251510.php\" rel=\"nofollow noopener\" target=\"_blank\">l&rsquo;une des meilleures du Top 14<\/a>. Comme Luke Skylwaker dans Star Wars, <a href=\"https:\/\/www.lerugbynistere.fr\/fiches-joueurs\/tristan-tedder.php\" ui-sref=\"app.player({playerId: 5247})\" alt=\"Tristan Tedder\" data-route=\"app.player\" data-param=\"playerId\" data-id=\"5247\" rel=\"nofollow noopener\" target=\"_blank\">Tristan Tedder<\/a> effectue son retour dans son jardin, l\u00e0 o\u00f9 il s&rsquo;\u00e9tait r\u00e9v\u00e9l\u00e9. Malgr\u00e9 le nouveau centre d&rsquo;entra\u00eenement, <strong>il est comme chez lui et est d\u00e9j\u00e0 le patron de Perpignan<\/strong>. Voici les recrues de l&rsquo;USAP :<\/p>\n<blockquote class=\"twitter-tweet\"><p>&#13;<\/p>\n<p lang=\"en\" dir=\"ltr\">Les \ud835\uddfa\ud835\uddfc\ud835\ude01\ud835\ude00 \ud835\uddf3\ud835\uddfc\ud835\uddff\ud835\ude01\ud835\ude00 de Tristan Tedder \ud83d\udce3<a href=\"https:\/\/twitter.com\/hashtag\/le5eelement?src=hash&amp;ref_src=twsrc%5Etfw\" rel=\"nofollow noopener\" target=\"_blank\">#le5eelement<\/a> <a href=\"https:\/\/t.co\/dJFbuX5IP2\" rel=\"nofollow\">pic.twitter.com\/dJFbuX5IP2<\/a><\/p>\n<p>&#13;<br \/>\n\u2014 USAP (@usap_officiel) <a href=\"https:\/\/twitter.com\/usap_officiel\/status\/1947693523752694207?ref_src=twsrc%5Etfw\" rel=\"nofollow noopener\" target=\"_blank\">July 22, 2025<\/a><\/p><\/blockquote>\n<p>\u00c9norme densit\u00e9 en 3e ligne<\/p>\n<p>En premi\u00e8re ligne, Az\u00e9ma devrait s&rsquo;aligner sur le nouveau cap\u00e9 avec les Bleus,<a href=\"https:\/\/www.lerugbynistere.fr\/fiches-joueurs\/giorgi-beria.php\" ui-sref=\"app.player({playerId: 6063})\" alt=\" Giorgi Beria\" data-route=\"app.player\" data-param=\"playerId\" data-id=\"6063\" rel=\"nofollow noopener\" target=\"_blank\">Giorgi Beria<\/a>, Kieran Brookes de l&rsquo;autre c\u00f4t\u00e9 de la m\u00eal\u00e9e. <a href=\"https:\/\/www.lerugbynistere.fr\/fiches-joueurs\/seilala-lam.php\" ui-sref=\"app.player({playerId: 3567})\" alt=\"Seilala Lam\" data-route=\"app.player\" data-param=\"playerId\" data-id=\"3567\" rel=\"nofollow noopener\" target=\"_blank\">Seilala Lam<\/a> et <a href=\"https:\/\/www.lerugbynistere.fr\/fiches-joueurs\/ignacio-ruiz.php\" ui-sref=\"app.player({playerId: 11963})\" alt=\"Ignacio Ruiz\" data-route=\"app.player\" data-param=\"playerId\" data-id=\"11963\" rel=\"nofollow noopener\" target=\"_blank\">Ignacio Ruiz<\/a> devraient se partager le poste de talonneur. Si le Samoan avait l&rsquo;avantage jusque-l\u00e0, <strong>son \u00e2ge avanc\u00e9 devrait permettre \u00e0 Ruiz d&rsquo;obtenir un plus grand temps de jeu<\/strong>, et \u00e0 la recrue Malolo\u00a0d&rsquo;int\u00e9grer la rotation.<\/p>\n<p>Grand espoir du poste, <a href=\"https:\/\/www.lerugbynistere.fr\/fiches-joueurs\/posolo-tuilagi.php\" ui-sref=\"app.player({playerId: 14370})\" alt=\"Posolo Tuilagi\" data-route=\"app.player\" data-param=\"playerId\" data-id=\"14370\" rel=\"nofollow noopener\" target=\"_blank\">Posolo Tuilagi<\/a>\u00a0aura sa place r\u00e9serv\u00e9e en deuxi\u00e8me ligne. Avec la densit\u00e9 un cran derri\u00e8re, pr\u00e9sente \u00e0 Perpignan, <strong>certains devraient descendre dans la cage comme Van Tonder ou Yato<\/strong>. Sans oublier, au poste, <a href=\"https:\/\/www.lerugbynistere.fr\/fiches-joueurs\/mathieu-tanguy.php\" ui-sref=\"app.player({playerId: 2749})\" alt=\"Mathieu Tanguy\" data-route=\"app.player\" data-param=\"playerId\" data-id=\"2749\" rel=\"nofollow noopener\" target=\"_blank\">Mathieu Tanguy<\/a> et <a href=\"https:\/\/www.lerugbynistere.fr\/fiches-joueurs\/tristan-labouteley.php\" ui-sref=\"app.player({playerId: 5985})\" alt=\"Tristan Labouteley\" data-route=\"app.player\" data-param=\"playerId\" data-id=\"5985\" rel=\"nofollow noopener\" target=\"_blank\">Tristan Labouteley<\/a> notamment.<\/p>\n<p>La troisi\u00e8me ligne\u00a0sera <a href=\"https:\/\/www.lerugbynistere.fr\/news\/top-14-oh-les-beaux-bebes-lincroyable-3-ligne-de-lusap-pret-a-tout-casser-la-saison-prochaine-2707251510.php\" rel=\"nofollow noopener\" target=\"_blank\">le plus gros casse-t\u00eate d&rsquo;Az\u00e9ma <\/a>et de son staff. Avec une telle densit\u00e9, difficile de faire des choix. Ritchie sera, \u00e9videmment, titularis\u00e9, vu ses qualit\u00e9s et son statut. <strong>Certainement accompagn\u00e9 du patron de devant, <a href=\"https:\/\/www.lerugbynistere.fr\/fiches-joueurs\/lucas-velarte.php\" ui-sref=\"app.player({playerId: 9613})\" alt=\"Lucas Velarte\" data-route=\"app.player\" data-param=\"playerId\" data-id=\"9613\" rel=\"nofollow noopener\" target=\"_blank\">Lucas Velarte<\/a>, et du tr\u00e8s int\u00e9ressant <a href=\"https:\/\/www.lerugbynistere.fr\/fiches-joueurs\/joaquin-oviedo.php\" ui-sref=\"app.player({playerId: 11966})\" alt=\"Joaquin Oviedo\" data-route=\"app.player\" data-param=\"playerId\" data-id=\"11966\" rel=\"nofollow noopener\" target=\"_blank\">Joaquin Oviedo<\/a><\/strong>. Avec encore, <a href=\"https:\/\/www.lerugbynistere.fr\/fiches-joueurs\/noe-della-schiava.php\" ui-sref=\"app.player({playerId: 12752})\" alt=\"No\u00e9 Della Schiava\" data-route=\"app.player\" data-param=\"playerId\" data-id=\"12752\" rel=\"nofollow noopener\" target=\"_blank\">No\u00e9 Della Schiava<\/a> et Patrick Sob\u00e9la en r\u00e9serve, ainsi que les recrues Le Corvec et Diaby.<\/p>\n<p>Tedder \u00e0 l&rsquo;ouverture ou \u00e0 l&rsquo;arri\u00e8re ?<\/p>\n<p>S&rsquo;il revient avec le statut de chouchou d&rsquo;Aim\u00e9-Giral, Tristan Tedder devrait \u00eatre titularis\u00e9 dans cette \u00e9quipe. Mais o\u00f9 ?\u00a0<strong>\u00c0 l&rsquo;ouverture ou \u00e0 l&rsquo;arri\u00e8re ? <a href=\"https:\/\/www.lerugbynistere.fr\/fiches-joueurs\/tommaso-allan.php\" ui-sref=\"app.player({playerId: 758})\" alt=\"Tommaso Allan\" data-route=\"app.player\" data-param=\"playerId\" data-id=\"758\" rel=\"nofollow noopener\" target=\"_blank\">Tommaso Allan<\/a> d\u00e9j\u00e0 bien install\u00e9 en 10<\/strong>, devrait conserver son poste, align\u00e9 avec\u00a0\u00c9cochard ou Hall \u00e0 la charni\u00e8re.<\/p>\n<p>Le capitaine Jeronimo de la Fuente aura une belle place au centre, associ\u00e9 \u00e0 <a href=\"https:\/\/www.lerugbynistere.fr\/fiches-joueurs\/alivereti-duguivalu.php\" ui-sref=\"app.player({playerId: 7745})\" alt=\"Alivereti Duguivalu\" data-route=\"app.player\" data-param=\"playerId\" data-id=\"7745\" rel=\"nofollow noopener\" target=\"_blank\">Alivereti Duguivalu<\/a>. S&rsquo;il doit se revenir de sa blessure qui l&rsquo;a \u00e9loign\u00e9 des terrains durant presque toute la saison derni\u00e8re, <strong>Paia&rsquo;aua pourrait bien entrer dans la concurrence au centre. Sans oublier Buliruarua<\/strong>.<\/p>\n<p><a href=\"https:\/\/www.lerugbynistere.fr\/fiches-joueurs\/tavite-veredamu.php\" ui-sref=\"app.player({playerId: 11895})\" alt=\"Tavite Veredamu\" data-route=\"app.player\" data-param=\"playerId\" data-id=\"11895\" rel=\"nofollow noopener\" target=\"_blank\">Tavite Veredamu<\/a> et Jefferson-Lee Joseph poss\u00e8dent, quant \u00e0 eux, un boulevard sur les ailes. Avec Allan \u00e0 l&rsquo;ouverture, <strong>Tedder devrait donc prendre place \u00e0 l&rsquo;arri\u00e8re<\/strong>, comme il l&rsquo;avait tant fait durant son premier passage \u00e0 Perpignan.<\/p>\n<p><a class=\"inserer_lien_article\" href=\"https:\/\/www.lerugbynistere.fr\/regles\/lions-britanniques-dan-sheehan-saute-au-dessus-dun-adversaire-pour-marquer-est-ce-vraiment-autorise-3007251123.php\" data-id=\"45694\" data-route=\"app.article\" data-param=\"articleId\" ui-sref=\"app.article({articleId: 45694})\" alt=\"Lions Britanniques. Dan Sheehan saute au-dessus d&#039;un adversaire pour marquer : est-ce vraiment autoris\u00e9 ?\" title=\"Lions Britanniques. Dan Sheehan saute au-dessus d&#039;un adversaire pour marquer : est-ce vraiment autoris\u00e9 ?\" rel=\"nofollow noopener\" target=\"_blank\"><img decoding=\"async\" src=\"https:\/\/www.europesays.com\/fr\/wp-content\/uploads\/2025\/07\/sheehan-saute-au-dessus-dun-adversaire-pour-marquer-avec-les-lions-30-07-25-8880.jpg\" alt=\"Lions Britanniques. Dan Sheehan saute au-dessus d'un adversaire pour marquer : est-ce vraiment autoris\u00e9 ?\"\/>Lions Britanniques. Dan Sheehan saute au-dessus d&rsquo;un adversaire pour marquer : est-ce vraiment autoris\u00e9 ?<\/a><\/p>\n<p>Perpignan 2025-2026<\/p>\n<p>6<\/p>\n<p>Velarte<\/p>\n<p>8<\/p>\n<p>Oviedo<\/p>\n<p>7<\/p>\n<p>Ritchie<\/p>\n<p>11<\/p>\n<p>Joseph<\/p>\n<p>12<\/p>\n<p>De La Fuente<\/p>\n<p>13<\/p>\n<p>Duguivalu<\/p>\n<p>14<\/p>\n<p>Veredamu<\/p>\n<p><a class=\"inserer_lien_article\" href=\"https:\/\/www.lerugbynistere.fr\/news\/video-la-cheville-va-mieux-le-frigo-tevita-tatafu-sechauffe-avec-une-barre-a-230kg-2907251830.php\" data-id=\"45691\" data-route=\"app.article\" data-param=\"articleId\" ui-sref=\"app.article({articleId: 45691})\" alt=\"VID\u00c9O. La cheville va mieux : le frigo Tevita Tatafu s\u2019\u00e9chauffe avec une barre \u00e0 230kg\" title=\"VID\u00c9O. La cheville va mieux : le frigo Tevita Tatafu s\u2019\u00e9chauffe avec une barre \u00e0 230kg\" rel=\"nofollow noopener\" target=\"_blank\"><img decoding=\"async\" src=\"https:\/\/www.europesays.com\/fr\/wp-content\/uploads\/2025\/07\/yt-29-07-25-1.jpg\" alt=\"VID\u00c9O. La cheville va mieux : le frigo Tevita Tatafu s\u2019\u00e9chauffe avec une barre \u00e0 230kg\"\/>VID\u00c9O. La cheville va mieux : le frigo Tevita Tatafu s\u2019\u00e9chauffe avec une barre \u00e0 230kg<\/a><\/p>\n<p>                            <script async src=\"https:\/\/platform.twitter.com\/widgets.js\" charset=\"utf-8\"><\/script><\/p>\n","protected":false},"excerpt":{"rendered":"Ce Perpignan l\u00e0 peut faire peur \u00e0 de nombreuses \u00e9quipes de Top 14. Car avec le recrutement effectu\u00e9&hellip;\n","protected":false},"author":2,"featured_media":284690,"comment_status":"","ping_status":"","sticky":false,"template":"","format":"standard","meta":{"footnotes":""},"categories":[1416],"tags":[1011,27,479,1468,60],"class_list":{"0":"post-284689","1":"post","2":"type-post","3":"status-publish","4":"format-standard","5":"has-post-thumbnail","7":"category-rugby","8":"tag-fr","9":"tag-france","10":"tag-rugby","11":"tag-rugby-football","12":"tag-sports"},"share_on_mastodon":{"url":"https:\/\/pubeurope.com\/@fr\/114943108322588935","error":""},"_links":{"self":[{"href":"https:\/\/www.europesays.com\/fr\/wp-json\/wp\/v2\/posts\/284689","targetHints":{"allow":["GET"]}}],"collection":[{"href":"https:\/\/www.europesays.com\/fr\/wp-json\/wp\/v2\/posts"}],"about":[{"href":"https:\/\/www.europesays.com\/fr\/wp-json\/wp\/v2\/types\/post"}],"author":[{"embeddable":true,"href":"https:\/\/www.europesays.com\/fr\/wp-json\/wp\/v2\/users\/2"}],"replies":[{"embeddable":true,"href":"https:\/\/www.europesays.com\/fr\/wp-json\/wp\/v2\/comments?post=284689"}],"version-history":[{"count":0,"href":"https:\/\/www.europesays.com\/fr\/wp-json\/wp\/v2\/posts\/284689\/revisions"}],"wp:featuredmedia":[{"embeddable":true,"href":"https:\/\/www.europesays.com\/fr\/wp-json\/wp\/v2\/media\/284690"}],"wp:attachment":[{"href":"https:\/\/www.europesays.com\/fr\/wp-json\/wp\/v2\/media?parent=284689"}],"wp:term":[{"taxonomy":"category","embeddable":true,"href":"https:\/\/www.europesays.com\/fr\/wp-json\/wp\/v2\/categories?post=284689"},{"taxonomy":"post_tag","embeddable":true,"href":"https:\/\/www.europesays.com\/fr\/wp-json\/wp\/v2\/tags?post=284689"}],"curies":[{"name":"wp","href":"https:\/\/api.w.org\/{rel}","templated":true}]}}