{"id":284691,"date":"2025-07-30T16:23:10","date_gmt":"2025-07-30T16:23:10","guid":{"rendered":"https:\/\/www.europesays.com\/fr\/284691\/"},"modified":"2025-07-30T16:23:10","modified_gmt":"2025-07-30T16:23:10","slug":"atp-wta-dinara-safina-defend-patrick-mouratoglou-a-ma-connaissance-patrick-est-un-excellent-motivateur","status":"publish","type":"post","link":"https:\/\/www.europesays.com\/fr\/284691\/","title":{"rendered":"ATP, WTA > Dinara Safina d\u00e9fend Patrick Mouratoglou : \u00ab\u00a0\u00c0 ma connaissance, Patrick est un excellent motivateur.\u00a0\u00bb"},"content":{"rendered":"<p>Ces derni\u00e8res heures, The Coach a \u00e9t\u00e9 attaqu\u00e9 de toutes parts sur les r\u00e9seaux sociaux, <a href=\"https:\/\/www.welovetennis.fr\/atp\/ivanisevic-repond-sechement-a-mouratoglou-sil-a-un-probleme-avec-moi-il-devrait-mappeler-il-ne-vaut-mieux-pas-que-je-dise-ce-que-je-pense-de-lui-donc-pour-le-moment-je-vais-rester-silencie\" data-wpel-link=\"internal\" target=\"_blank\" rel=\"noopener\">notam\u00adment par Goran Ivanisevic<\/a>, qui semble litt\u00e9\u00adra\u00adle\u00adment en avoir fait sa t\u00eate de\u00a0Turc.<\/p>\n<p>Lorsqu\u2019il s\u2019agit d\u2019\u00e9voquer les rela\u00adtions entre Patrick et ses anciennes joueuses, l\u2019ancienne cham\u00adpionne russe s\u2019exprime en toute trans\u00adpa\u00adrence dans The Best Tennis Podcast\u00a0:<\/p>\n<p><strong>\u00ab\u202fAu d\u00e9part, la colla\u00adbo\u00adra\u00adtion entre Osaka et Mouratoglou m\u2019a sembl\u00e9 tr\u00e8s \u00e9trange. Honn\u00eatement, je ne sais pas tout\u202f; seules des sources fiables permettent de comprendre la raison de la suspen\u00adsion de leur colla\u00adbo\u00adra\u00adtion. \u00c0 ma connais\u00adsance, Patrick est un excellent moti\u00adva\u00adteur. Nombreux sont ceux qui ont travaill\u00e9 avec lui qui le savent. Il sait inspirer confiance en\u00a0lui.\u202f\u00bb<\/strong><\/p>\n<p>Reste \u00e0 savoir combien de temps le coach r\u00e9put\u00e9 restera \u00e9loign\u00e9 du circuit mondial. Il a r\u00e9cem\u00adment \u00e9t\u00e9 \u00e9cart\u00e9 par Naomi Osaka, qui l\u2019a <a href=\"https:\/\/www.welovetennis.fr\/wta\/osaka-na-pas-traine-pour-trouver-un-nouveau-coach-de-renom\" data-wpel-link=\"internal\" target=\"_blank\" rel=\"noopener\">rapi\u00adde\u00adment remplac\u00e9 par Tomasz Wiktorowski, <\/a>ancien entra\u00ee\u00adneur d\u2019Iga \u015awi\u0105tek et d\u2019Agnieszka Radwa\u0144ska.<\/p>\n<p class=\"post-published-date\" style=\"color: silver; font-size: 75%; text-align: left;\">Publi\u00e9 le mercredi 30 juillet 2025 \u00e0 17:15<\/p>\n","protected":false},"excerpt":{"rendered":"Ces derni\u00e8res heures, The Coach a \u00e9t\u00e9 attaqu\u00e9 de toutes parts sur les r\u00e9seaux sociaux, notam\u00adment par Goran&hellip;\n","protected":false},"author":2,"featured_media":20753,"comment_status":"","ping_status":"","sticky":false,"template":"","format":"standard","meta":{"footnotes":""},"categories":[1415],"tags":[1011,27,8447,60,1467],"class_list":{"0":"post-284691","1":"post","2":"type-post","3":"status-publish","4":"format-standard","5":"has-post-thumbnail","7":"category-tennis","8":"tag-fr","9":"tag-france","10":"tag-osaka","11":"tag-sports","12":"tag-tennis"},"share_on_mastodon":{"url":"","error":""},"_links":{"self":[{"href":"https:\/\/www.europesays.com\/fr\/wp-json\/wp\/v2\/posts\/284691","targetHints":{"allow":["GET"]}}],"collection":[{"href":"https:\/\/www.europesays.com\/fr\/wp-json\/wp\/v2\/posts"}],"about":[{"href":"https:\/\/www.europesays.com\/fr\/wp-json\/wp\/v2\/types\/post"}],"author":[{"embeddable":true,"href":"https:\/\/www.europesays.com\/fr\/wp-json\/wp\/v2\/users\/2"}],"replies":[{"embeddable":true,"href":"https:\/\/www.europesays.com\/fr\/wp-json\/wp\/v2\/comments?post=284691"}],"version-history":[{"count":0,"href":"https:\/\/www.europesays.com\/fr\/wp-json\/wp\/v2\/posts\/284691\/revisions"}],"wp:featuredmedia":[{"embeddable":true,"href":"https:\/\/www.europesays.com\/fr\/wp-json\/wp\/v2\/media\/20753"}],"wp:attachment":[{"href":"https:\/\/www.europesays.com\/fr\/wp-json\/wp\/v2\/media?parent=284691"}],"wp:term":[{"taxonomy":"category","embeddable":true,"href":"https:\/\/www.europesays.com\/fr\/wp-json\/wp\/v2\/categories?post=284691"},{"taxonomy":"post_tag","embeddable":true,"href":"https:\/\/www.europesays.com\/fr\/wp-json\/wp\/v2\/tags?post=284691"}],"curies":[{"name":"wp","href":"https:\/\/api.w.org\/{rel}","templated":true}]}}