{"id":284694,"date":"2025-07-30T16:26:16","date_gmt":"2025-07-30T16:26:16","guid":{"rendered":"https:\/\/www.europesays.com\/fr\/284694\/"},"modified":"2025-07-30T16:26:16","modified_gmt":"2025-07-30T16:26:16","slug":"max-verstappen-snobe-mercedes-george-russell-en-profite","status":"publish","type":"post","link":"https:\/\/www.europesays.com\/fr\/284694\/","title":{"rendered":"Max Verstappen snobe Mercedes, George Russell en profite"},"content":{"rendered":"<p><strong>Li\u00e9 \u00e0 de nombreuses rumeurs l&rsquo;envoyant chez Mercedes ces derni\u00e8res semaines, Max Verstappen, quadruple champion du monde en titre de Formule 1, devrait rester chez Red Bull cet hiver. Voici la raison qui scelle cette th\u00e9orie. <\/strong><\/p>\n<p>Troisi\u00e8me du classement des pilotes de <a href=\"https:\/\/wesportfr.com\/auto-moto\/formule1\/\" rel=\"nofollow noopener\" target=\"_blank\">Formule 1<\/a> avec deux petites victoires depuis le d\u00e9but de la saison, Max Verstappen ne remportera pas de cinqui\u00e8me titre d&rsquo;affil\u00e9e de champion du monde dans quelques semaines. Il faut dire que la domination des McLaren est totale ou presque, avec 10 succ\u00e8s au bout de 13 courses, et que le N\u00e9erlandais aura \u00e9t\u00e9 bien seul, Liam Lawson comme Yuki Tsunoda \u00e9tant loin du compte chez Red Bull. <\/p>\n<p>De quoi le pousser \u00e0 un d\u00e9part pr\u00e9cipit\u00e9. On l&rsquo;a dit, la clause plus si secr\u00e8te pr\u00e9sente dans son contrat, lui offrant la possibilit\u00e9 de partir d\u00e8s 2026, n&rsquo;est plus atteignable. Autrement dit, Verstappen devrait honorer son bail chez Red Bull, qui court jusqu&rsquo;en 2028, jusqu&rsquo;au bout. En tout cas, un d\u00e9part \u00e0 l&rsquo;issue de cet exercice semble hautement improbable. D&rsquo;autant que son point de chute le plus plausible, Mercedes, commence \u00e0 y voir plus clair. <\/p>\n<p><strong>\u00c0 lire aussi \u2013 <\/strong><a href=\"https:\/\/wesportfr.com\/f1-pourquoi-max-verstappen-a-scelle-son-avenir-lors-du-grand-prix-de-belgique\/\" rel=\"nofollow noopener\" target=\"_blank\">F1 : pourquoi Max Verstappen a scell\u00e9 son avenir lors du Grand Prix de Belgique<\/a><\/p>\n<p>Russell prolonge chez Mercedes, clap de fin pour Verstappen ? <\/p>\n<p>Cette saison, Mercedes esp\u00e9rait rivaliser avec les meilleurs. C&rsquo;est le cas avec Ferrari et Red Bull, mais pas avec McLaren, loin, tr\u00e8s loin devant, chez les constructeurs. Il faut dire que le jeune Kimi Antonelli n&rsquo;est \u201cque\u201d septi\u00e8me du classement des pilotes. Et que George Russell n&rsquo;a remport\u00e9 qu&rsquo;une seule course cette saison, pour \u00e9marger \u00e0 un honorable quatri\u00e8me rang, juste derri\u00e8re Max Verstappen, devant les Ferrari de Charles Leclerc et Lewis Hamilton. <\/p>\n<p>Justement, selon les derni\u00e8res informations relay\u00e9es par PlanetF1, Mercedes est sur le point d&rsquo;offrir un nouveau contrat \u00e0 George Russell, portant sur plusieurs ann\u00e9es, au moins jusqu&rsquo;en 2027. Les fl\u00e8ches d&rsquo;argent l&rsquo;ont bien compris, Max Verstappen va rester chez Red Bull, bien au chaud, cet hiver. Le pilote britannique va donc rester au bercail. L&rsquo;annonce pourrait m\u00eame \u00eatre faite lors du prochain Grand Prix de Hongrie, marquant le d\u00e9but de la pause estivale. De quoi annoncer un mercato bien calme, uniquement anim\u00e9 par les nouveaux venus de chez Cadillac ? <\/p>\n","protected":false},"excerpt":{"rendered":"Li\u00e9 \u00e0 de nombreuses rumeurs l&rsquo;envoyant chez Mercedes ces derni\u00e8res semaines, Max Verstappen, quadruple champion du monde en&hellip;\n","protected":false},"author":2,"featured_media":284695,"comment_status":"","ping_status":"","sticky":false,"template":"","format":"standard","meta":{"footnotes":""},"categories":[1412],"tags":[1451,1452,1453,1454,1455,1011,27,60],"class_list":{"0":"post-284694","1":"post","2":"type-post","3":"status-publish","4":"format-standard","5":"has-post-thumbnail","7":"category-f1","8":"tag-f1","9":"tag-formula-1","10":"tag-formula1","11":"tag-formule-1","12":"tag-formule1","13":"tag-fr","14":"tag-france","15":"tag-sports"},"share_on_mastodon":{"url":"https:\/\/pubeurope.com\/@fr\/114943123974287207","error":""},"_links":{"self":[{"href":"https:\/\/www.europesays.com\/fr\/wp-json\/wp\/v2\/posts\/284694","targetHints":{"allow":["GET"]}}],"collection":[{"href":"https:\/\/www.europesays.com\/fr\/wp-json\/wp\/v2\/posts"}],"about":[{"href":"https:\/\/www.europesays.com\/fr\/wp-json\/wp\/v2\/types\/post"}],"author":[{"embeddable":true,"href":"https:\/\/www.europesays.com\/fr\/wp-json\/wp\/v2\/users\/2"}],"replies":[{"embeddable":true,"href":"https:\/\/www.europesays.com\/fr\/wp-json\/wp\/v2\/comments?post=284694"}],"version-history":[{"count":0,"href":"https:\/\/www.europesays.com\/fr\/wp-json\/wp\/v2\/posts\/284694\/revisions"}],"wp:featuredmedia":[{"embeddable":true,"href":"https:\/\/www.europesays.com\/fr\/wp-json\/wp\/v2\/media\/284695"}],"wp:attachment":[{"href":"https:\/\/www.europesays.com\/fr\/wp-json\/wp\/v2\/media?parent=284694"}],"wp:term":[{"taxonomy":"category","embeddable":true,"href":"https:\/\/www.europesays.com\/fr\/wp-json\/wp\/v2\/categories?post=284694"},{"taxonomy":"post_tag","embeddable":true,"href":"https:\/\/www.europesays.com\/fr\/wp-json\/wp\/v2\/tags?post=284694"}],"curies":[{"name":"wp","href":"https:\/\/api.w.org\/{rel}","templated":true}]}}