{"id":284696,"date":"2025-07-30T16:27:10","date_gmt":"2025-07-30T16:27:10","guid":{"rendered":"https:\/\/www.europesays.com\/fr\/284696\/"},"modified":"2025-07-30T16:27:10","modified_gmt":"2025-07-30T16:27:10","slug":"cyclisme-tour-de-wallonie-clement-izquierdo-remporte-la-5e-etape-corbin-strong-le-general","status":"publish","type":"post","link":"https:\/\/www.europesays.com\/fr\/284696\/","title":{"rendered":"Cyclisme. Tour de Wallonie &#8211; Cl\u00e9ment Izquierdo remporte la 5e \u00e9tape, Corbin Strong le g\u00e9n\u00e9ral"},"content":{"rendered":"<p>Ce mercredi 30 juillet, c\u2019\u00e9tait la derni\u00e8re \u00e9tape de l\u2019<strong><a href=\"https:\/\/www.cyclismactu.net\/..\/news-tour-de-wallonie-route-mathias-vacek-surpuissant-remporte-cette-4e-etape-89324.html\" target=\"_blank\" rel=\"nofollow noopener\">Ethias-Tour de Wallonie<\/a>.<\/strong> Apr\u00e8s la victoire du champion de R\u00e9publique tch\u00e8que, <strong>Mathias Vacek<\/strong> (Lidl-Trek), lors de l\u2019\u00e9tape pr\u00e9c\u00e9dente, et un classement g\u00e9n\u00e9ral extr\u00eamement serr\u00e9, les dix premiers se tenant en seulement 24 secondes, cette ultime \u00e9tape s\u2019annon\u00e7ait d\u00e9cisive pour la victoire finale de cette 46e \u00e9dition. Qui allait succ\u00e9der \u00e0 Matteo Trentin ? Malgr\u00e9 les esp\u00e9rances, c\u2019est bien l\u2019\u00e9chapp\u00e9e qui s\u2019est jou\u00e9e la gagne, et c\u2019est\u00a0<strong>Cl\u00e9ment Izquierdo<\/strong> (Cofidis), rescap\u00e9 de l\u2019\u00e9chapp\u00e9e matinale, s\u2019impose devant <strong>Corbin Strong<\/strong> (Israel\u2013Premier Tech) et <strong>Lorenzo Milesi<\/strong> (Movistar Team). Deuxi\u00e8me de l\u2019\u00e9tape ce mercredi, le N\u00e9o-Z\u00e9landais\u00a0remporte le classement g\u00e9n\u00e9ral et succ\u00e8de \u00e0 <strong>Matteo Trentin<\/strong>, vainqueur en 2024.<\/p>\n<p>Vid\u00e9o &#8211; Mathias Vacek, vainqueur la veille Lire la suite de l&rsquo;article&#13;<\/p>\n<p>\u00a0<\/p>\n<p>&#13;<br \/>\nLe r\u00e9sum\u00e9&#13;<\/p>\n<p>Contrairement \u00e0 la veille, <strong>les coureurs ont b\u00e9n\u00e9fici\u00e9 d\u2019une m\u00e9t\u00e9o id\u00e9ale<\/strong> pour cette derni\u00e8re \u00e9tape de l\u2019Ethias-Tour de Wallonie. Une \u00e9chapp\u00e9e s\u2019est rapidement form\u00e9e, compos\u00e9e notamment de <strong>Ben\u00a0Swift<\/strong> (INEOS Grenadiers), <strong>Olivier Le Gac<\/strong> (Groupama\u2011FDJ), <strong>Cl\u00e9ment Izquierdo<\/strong> (Cofidis), <strong>Filip Maciejuk<\/strong> (Red Bull-BORA-Hansgrohe), <strong>Baptiste Veistroffer<\/strong> (Lotto Dstny Development Team), <strong>Lorenzo Milesi<\/strong> (Movistar Team), <strong>Renard-Haquin<\/strong> (Wagner Bazin WB), <strong>Matev\u017e Govekar<\/strong> (Team Bahrain Victorious), <strong>R\u00e9my Rochas<\/strong> (Groupama-FDJ), <strong>Jente Haverdings<\/strong> (Baloise Glowi Lions), <strong>Aaron Deweirdt<\/strong> (Team Flanders-Baloise) et <strong>Gianni Marchand<\/strong> (Tarteletto-Isorex), sans oublier le sp\u00e9cialiste belge du cyclo-cross, <strong>Michael Vanthourenhout<\/strong> (Pauwels Sauzen-Cibel Clementines).<\/p>\n<p>&#13;<\/p>\n<p>Cette \u00e9chapp\u00e9e prend rapidement de l\u2019avance, et le peloton n\u2019arrive pas \u00e0 combler l\u2019\u00e9cart. Dans les diff\u00e9rentes ascensions du jour, les favoris restent attentistes, ce qui laisse un r\u00e9el espoir aux \u00e9chapp\u00e9s pour la victoire d\u2019\u00e9tape. Dans la derni\u00e8re c\u00f4te de la journ\u00e9e, <strong>Mathias Vacek<\/strong> tente d\u2019acc\u00e9l\u00e9rer, mais sans parvenir \u00e0 creuser de diff\u00e9rences. Les derniers kilom\u00e8tres sont palpitants : l\u2019\u00e9chapp\u00e9e, r\u00e9duite \u00e0 cinq coureurs :\u00a0<strong>Ben Swift<\/strong> (INEOS Grenadiers), <strong>Cl\u00e9ment Izquierdo<\/strong> (Cofidis), <strong>Lorenzo Milesi<\/strong> (Movistar Team), <strong>R\u00e9my Rochas<\/strong> (Groupama-FDJ) et le jeune <strong>Gianni Marchand<\/strong> (Tarteletto-Isorex), r\u00e9siste tant bien que mal \u00e0 un peloton lanc\u00e9 \u00e0 pleine vitesse. Le suspense est total. L\u2019arriv\u00e9e se joue au sommet d\u2019une petite c\u00f4te : le peloton fond sur les \u00e9chapp\u00e9s et les rattrape dans les 100 derniers m\u00e8tres\u2026 mais c\u2019est bien un rescap\u00e9 de l\u2019\u00e9chapp\u00e9e matinale qui l\u00e8ve les bras !\u00a0<strong>Cl\u00e9ment Izquierdo<\/strong> s\u2019impose de justesse, r\u00e9sistant au retour de <strong>Corbin Strong<\/strong> et <strong>Lorenzo Milesi<\/strong>. Au classement g\u00e9n\u00e9ral, le N\u00e9o-Z\u00e9landais <strong>Corbin Strong<\/strong> remporte cette 46e \u00e9dition, devant <strong>Mathias Vacek<\/strong> et <strong>Oliver Knight<\/strong>.<\/p>\n<p>Ethias Tour de Wallonie &#8211; Classement de la 5\u00e8 \u00e9tape Ethias Tour de Wallonie &#8211; Classement g\u00e9n\u00e9ral<\/p>\n","protected":false},"excerpt":{"rendered":"Ce mercredi 30 juillet, c\u2019\u00e9tait la derni\u00e8re \u00e9tape de l\u2019Ethias-Tour de Wallonie. Apr\u00e8s la victoire du champion de&hellip;\n","protected":false},"author":2,"featured_media":284697,"comment_status":"","ping_status":"","sticky":false,"template":"","format":"standard","meta":{"footnotes":""},"categories":[1411],"tags":[1154,207,211,1011,27,209,60,210,41699,212,208,213],"class_list":{"0":"post-284696","1":"post","2":"type-post","3":"status-publish","4":"format-standard","5":"has-post-thumbnail","7":"category-cyclisme","8":"tag-cycling","9":"tag-cyclisme","10":"tag-ffc","11":"tag-fr","12":"tag-france","13":"tag-route","14":"tag-sports","15":"tag-tour-de-france","16":"tag-tour-de-wallonie","17":"tag-uci","18":"tag-velo","19":"tag-world-tour"},"share_on_mastodon":{"url":"https:\/\/pubeurope.com\/@fr\/114943127945488763","error":""},"_links":{"self":[{"href":"https:\/\/www.europesays.com\/fr\/wp-json\/wp\/v2\/posts\/284696","targetHints":{"allow":["GET"]}}],"collection":[{"href":"https:\/\/www.europesays.com\/fr\/wp-json\/wp\/v2\/posts"}],"about":[{"href":"https:\/\/www.europesays.com\/fr\/wp-json\/wp\/v2\/types\/post"}],"author":[{"embeddable":true,"href":"https:\/\/www.europesays.com\/fr\/wp-json\/wp\/v2\/users\/2"}],"replies":[{"embeddable":true,"href":"https:\/\/www.europesays.com\/fr\/wp-json\/wp\/v2\/comments?post=284696"}],"version-history":[{"count":0,"href":"https:\/\/www.europesays.com\/fr\/wp-json\/wp\/v2\/posts\/284696\/revisions"}],"wp:featuredmedia":[{"embeddable":true,"href":"https:\/\/www.europesays.com\/fr\/wp-json\/wp\/v2\/media\/284697"}],"wp:attachment":[{"href":"https:\/\/www.europesays.com\/fr\/wp-json\/wp\/v2\/media?parent=284696"}],"wp:term":[{"taxonomy":"category","embeddable":true,"href":"https:\/\/www.europesays.com\/fr\/wp-json\/wp\/v2\/categories?post=284696"},{"taxonomy":"post_tag","embeddable":true,"href":"https:\/\/www.europesays.com\/fr\/wp-json\/wp\/v2\/tags?post=284696"}],"curies":[{"name":"wp","href":"https:\/\/api.w.org\/{rel}","templated":true}]}}