{"id":284700,"date":"2025-07-30T16:29:12","date_gmt":"2025-07-30T16:29:12","guid":{"rendered":"https:\/\/www.europesays.com\/fr\/284700\/"},"modified":"2025-07-30T16:29:12","modified_gmt":"2025-07-30T16:29:12","slug":"a-la-fois-un-eloge-et-une-critique-de-la-peu-pres-apres-la-tele-patrice-carmouze-se-met-en-scene","status":"publish","type":"post","link":"https:\/\/www.europesays.com\/fr\/284700\/","title":{"rendered":"\u00ab\u00a0\u00c0 la fois un \u00e9loge et une critique de l\u2019\u00e0 peu pr\u00e8s\u00a0\u00bb : apr\u00e8s la t\u00e9l\u00e9, Patrice Carmouze se met en sc\u00e8ne"},"content":{"rendered":"<p>1 \u00ab\u00a0Le plus grand gaffeur du Paf\u00a0\u00bb<\/p>\n<p>Certains m\u00e9dias l\u2019ont surnomm\u00e9 \u00ab\u00a0Le plus grand gaffeur du Paf (paysage audiovisuel fran\u00e7ais)\u00a0\u00bb\u00a0; d\u2019autres, le \u00ab\u00a0Pierre Richard de la t\u00e9l\u00e9vision\u00a0\u00bb. Il est vrai que lors des \u00e9missions anim\u00e9es par Christophe Dechavanne, \u00ab\u00a0Ciel mon mardi\u00a0\u00bb (1988-1992) et \u00ab\u00a0Coucou c\u2019est nous\u00a0\u00bb (1992-1995), Patrice Carmouze ratait r\u00e9guli\u00e8rement ses d\u00e9monstrations d\u2019objets nouveaux. \u00ab\u00a0Et je ne le faisais pas expr\u00e8s, assure-t-il. R\u00e9dacteur en chef de l\u2019\u00e9mission, j\u2019avais, en plus, cette rubrique et je ne voyais souvent les objets qu\u2019au dernier moment, d\u2019o\u00f9 ces ratages.\u00a0\u00bb \u00c2g\u00e9 aujourd\u2019hui de 73 ans, l\u2019ancien r\u00e9dacteur en chef du Quotidien de Paris poursuit sa carri\u00e8re de journaliste avec ses \u00e9ditoriaux qu\u2019il livre \u00e0 L\u2019\u00c9clair des Pyr\u00e9n\u00e9es, un quotidien implant\u00e9 dans le B\u00e9arn, d\u2019o\u00f9 il est originaire.<\/p>\n<p>2 \u00ab\u00a0Le scientifique est perclus de doute et le con est bourr\u00e9 de certitudes\u00a0\u00bb<\/p>\n<p>Apr\u00e8s avoir mont\u00e9 un spectacle autour de l\u2019\u0153uvre de Pierre Desproges, en 2021, il pr\u00e9sente, cette fois, \u00ab\u00a0\u00c9loge de l\u2019\u00e0 peu pr\u00e8s\u00a0\u00bb\u00a0(*), un one-man-show humoristique qu\u2019il a jou\u00e9, de mars \u00e0 juin, \u00e0 Paris. \u00ab\u00a0C\u2019est \u00e0 la fois un \u00e9loge et une critique de l\u2019\u00e0 peu pr\u00e8s, r\u00e9sume-t-il. Tout le monde a l\u2019impression de pouvoir avoir une opinion sur tout et on confond souvent l\u2019opinion et le savoir. Sur les cha\u00eenes d\u2019info en continu, on voit ainsi des intervenants qui ont un avis sur tout\u00a0: de la situation \u00e0 Gaza \u00e0 la composition de l\u2019\u00e9quipe de France de football. Je trouve navrant l\u2019ultracr\u00e9pidarianisme qui signifie que moins on conna\u00eet un domaine, plus on en parle avec assurance.\u00a0\u00bb<\/p>\n<p>\u00ab\u00a0Le scientifique est perclus de doute et le con est bourr\u00e9 de certitudes\u00a0\u00bb, dit-il d\u2019ailleurs sur sc\u00e8ne, o\u00f9 il \u00e9voque, avec humour, le covid-19, la sexualit\u00e9 des col\u00e9opt\u00e8res, la mort\u2026 Des histoires entrecoup\u00e9es de chansons qu\u2019il interpr\u00e8te au piano, des titres de Georges Brassens, Paolo Conte, Michel Legrand, Boby Lapointe, Charles Trenet\u2026<\/p>\n<p><img decoding=\"async\" src=\"https:\/\/www.europesays.com\/fr\/wp-content\/uploads\/2025\/07\/688a35394ff2d6ee26095646.1.jpeg\" width=\"480\" height=\"300\" class=\"web_golden_m\" loading=\"lazy\" alt=\"Patrice Carmouze s\u2019est produit au th\u00e9\u00e2tre de Poche-Montparnasse, \u00e0 Paris, de mars \u00e0 juin\u00a02025.\"\/>Patrice Carmouze s\u2019est produit au th\u00e9\u00e2tre de Poche-Montparnasse, \u00e0 Paris, de mars \u00e0 juin\u00a02025. (Photo S\u00e9bastien Toubon)3 \u00ab\u00a0Amoureux de la Bretagne\u00a0\u00bb<\/p>\n<p>Avec Catherine, son \u00e9pouse, ils ont acquis une demeure pr\u00e8s de la gare de Morlaix, il y a trois ans et demi. \u00ab\u00a0On venait souvent en Bretagne et on est tomb\u00e9s amoureux de cette r\u00e9gion o\u00f9 les habitants sont fortement sympathiques. C\u2019est, certes, une r\u00e9gion touristique mais on n\u2019est pas les uns sur les autres. Il m\u2019est arriv\u00e9 qu\u2019en juillet, je sois seul sur une plage. Il y a un sentiment de libert\u00e9 qui est tr\u00e8s fort.\u00a0\u00bb Une r\u00e9gion o\u00f9 le B\u00e9arnais en profite pour faire du bateau, de la randonn\u00e9e, du golf et du tennis.<\/p>\n<p><img decoding=\"async\" src=\"https:\/\/www.europesays.com\/fr\/wp-content\/uploads\/2025\/07\/688a353850d55284e606b266.1.jpeg\" width=\"480\" height=\"300\" class=\"web_golden_m\" loading=\"lazy\" alt=\"Patrice Carmouze vit d\u00e9sormais entre Morlaix et Paris.\"\/>Patrice Carmouze vit d\u00e9sormais entre Morlaix et Paris. (Photo Jacques Chanteau)4 Avec Christophe Dechavanne, \u00ab\u00a0on travaillait en s\u2019amusant\u00a0\u00bb<\/p>\n<p>Pendant sept ann\u00e9es, le journaliste a collabor\u00e9 avec Christophe Dechavanne. \u00ab\u00a0On a v\u00e9cu de tr\u00e8s belles ann\u00e9es, car on travaillait en s\u2019amusant, se souvient Patrice Carmouze. On faisait ce qui nous plaisait et c\u2019\u00e9tait quand m\u00eame un luxe formidable. C\u2019\u00e9tait une \u00e9poque que les gens ont bien aim\u00e9e. Il n\u2019y avait pas de r\u00e9seaux sociaux et cette sorte de haine qui divise les gens.\u00a0\u00bb<\/p>\n<p>5 Thierry Ardisson, \u00ab\u00a0travailleur\u00a0\u00bb et \u00ab\u00a0solitaire\u00a0\u00bb<\/p>\n<p>En 1997, Patrice Carmouze a \u00e9galement \u00e9t\u00e9 le r\u00e9dacteur en chef de \u00ab\u00a0Rive droite-Rive gauche\u00a0\u00bb, une \u00e9mission diffus\u00e9e sur Paris Premi\u00e8re et anim\u00e9e par <a href=\"https:\/\/www.letelegramme.fr\/culture-loisirs\/people\/lanimateur-et-producteur-thierry-ardisson-est-mort-a-76-ans-des-suites-dun-cancer-6854896.php\" target=\"_blank\" rel=\"noopener\">Thierry Ardisson, d\u00e9c\u00e9d\u00e9 le 14 juillet 2025, \u00e0 l\u2019\u00e2ge de 76 ans<\/a>. \u00ab\u00a0C\u2019\u00e9tait la premi\u00e8re \u00e9mission t\u00e9l\u00e9visuelle culturelle qui a ensuite donn\u00e9 naissance \u00e0 \u00ab\u00a0Tout le monde en parle\u00a0\u00bb sur France 2 (1998-2006), indique Patrice Carmouze. Thierry Ardisson \u00e9tait un travailleur qui n\u2019\u00e9tait pas forc\u00e9ment s\u00fbr de lui. Il \u00e9tait aussi un peu solitaire. \u00c0 l\u2019anniversaire de ses 50 ans, nous n\u2019\u00e9tions ainsi que cinq mecs au restaurant. \u00c0 l\u2019\u00e9poque, il pensait sans doute que d\u2019avoir des amis et une vie sociale, c\u2019\u00e9tait une perte de temps.\u00a0\u00bb<\/p>\n<p><img decoding=\"async\" src=\"https:\/\/www.europesays.com\/fr\/wp-content\/uploads\/2025\/07\/688a3538e40a5f2d150dbdc4.1.jpeg\" width=\"480\" height=\"300\" class=\"web_golden_m\" loading=\"lazy\" alt=\"L\u2019affiche du spectacle \u00ab\u00a0\u00c9loge de l\u2019\u00e0 peu pr\u00e8s\u00a0\u00bb que Patrice Carmouze interpr\u00e9tera le 5\u00a0ao\u00fbt \u00e0 Carantec.\"\/>L\u2019affiche du spectacle \u00ab\u00a0\u00c9loge de l\u2019\u00e0 peu pr\u00e8s\u00a0\u00bb que Patrice Carmouze interpr\u00e9tera le 5\u00a0ao\u00fbt \u00e0 Carantec.6 \u00ab\u00a0Je ne regarde que tr\u00e8s peu la t\u00e9l\u00e9\u00a0\u00bb<\/p>\n<p>\u00ab\u00a0Aujourd\u2019hui, je ne regarde que tr\u00e8s peu la t\u00e9l\u00e9, confie Patrice Carmouze Je l\u2019allume notamment pour voir du sport. Il n\u2019y a pas v\u00e9ritablement d\u2019\u00e9missions qui me passionnent. Je trouve qu\u2019il y a trop de d\u00e9bats dans la pol\u00e9mique, le buzz, la division, l\u2019ostracisme\u2026 C\u2019est souvent malsain et p\u00e9nible mais c\u2019est le reflet d\u2019une \u00e9poque et d\u2019une soci\u00e9t\u00e9. Mais attention, je ne dis pas que c\u2019\u00e9tait mieux avant.\u00a0\u00bb<\/p>\n<p class=\"note\">* \u00ab\u00a0\u00c9loge de l\u2019\u00e0 peu pr\u00e8s\u00a0\u00bb \u00e9crite et interpr\u00e9t\u00e9e par Patrice Carmouze, mardi 5 ao\u00fbt 2025, \u00e0 20\u00a0h\u00a030, au cin\u00e9ma de Carantec (29). 15\u00a0euros. La recette sera revers\u00e9e au profit de la SNSM de Roscoff.<\/p>\n","protected":false},"excerpt":{"rendered":"1 \u00ab\u00a0Le plus grand gaffeur du Paf\u00a0\u00bb Certains m\u00e9dias l\u2019ont surnomm\u00e9 \u00ab\u00a0Le plus grand gaffeur du Paf (paysage&hellip;\n","protected":false},"author":2,"featured_media":284701,"comment_status":"","ping_status":"","sticky":false,"template":"","format":"standard","meta":{"footnotes":""},"categories":[1359],"tags":[11,829,20248,872,58,59,3321,1011,27,3754,2131,16048,973,252],"class_list":{"0":"post-284700","1":"post","2":"type-post","3":"status-publish","4":"format-standard","5":"has-post-thumbnail","7":"category-people","8":"tag-actualites","9":"tag-bretagne","10":"tag-carantec","11":"tag-culture-et-loisirs","12":"tag-divertissement","13":"tag-entertainment","14":"tag-finistere","15":"tag-fr","16":"tag-france","17":"tag-media","18":"tag-morlaix","19":"tag-newsletter-aujourdhui-en-bretagne","20":"tag-people","21":"tag-television"},"share_on_mastodon":{"url":"https:\/\/pubeurope.com\/@fr\/114943135827274279","error":""},"_links":{"self":[{"href":"https:\/\/www.europesays.com\/fr\/wp-json\/wp\/v2\/posts\/284700","targetHints":{"allow":["GET"]}}],"collection":[{"href":"https:\/\/www.europesays.com\/fr\/wp-json\/wp\/v2\/posts"}],"about":[{"href":"https:\/\/www.europesays.com\/fr\/wp-json\/wp\/v2\/types\/post"}],"author":[{"embeddable":true,"href":"https:\/\/www.europesays.com\/fr\/wp-json\/wp\/v2\/users\/2"}],"replies":[{"embeddable":true,"href":"https:\/\/www.europesays.com\/fr\/wp-json\/wp\/v2\/comments?post=284700"}],"version-history":[{"count":0,"href":"https:\/\/www.europesays.com\/fr\/wp-json\/wp\/v2\/posts\/284700\/revisions"}],"wp:featuredmedia":[{"embeddable":true,"href":"https:\/\/www.europesays.com\/fr\/wp-json\/wp\/v2\/media\/284701"}],"wp:attachment":[{"href":"https:\/\/www.europesays.com\/fr\/wp-json\/wp\/v2\/media?parent=284700"}],"wp:term":[{"taxonomy":"category","embeddable":true,"href":"https:\/\/www.europesays.com\/fr\/wp-json\/wp\/v2\/categories?post=284700"},{"taxonomy":"post_tag","embeddable":true,"href":"https:\/\/www.europesays.com\/fr\/wp-json\/wp\/v2\/tags?post=284700"}],"curies":[{"name":"wp","href":"https:\/\/api.w.org\/{rel}","templated":true}]}}