{"id":284710,"date":"2025-07-30T16:35:15","date_gmt":"2025-07-30T16:35:15","guid":{"rendered":"https:\/\/www.europesays.com\/fr\/284710\/"},"modified":"2025-07-30T16:35:15","modified_gmt":"2025-07-30T16:35:15","slug":"la-france-toujours-sous-la-menace","status":"publish","type":"post","link":"https:\/\/www.europesays.com\/fr\/284710\/","title":{"rendered":"la France toujours sous la menace"},"content":{"rendered":"<p>             <a href=\"https:\/\/ma-sante.news\/wp-content\/uploads\/2025\/07\/cas-autochtones-dengue-france-auvergne-rhone-alpes-Ma-Sante.jpg\" data-caption=\" Ces cas de dengues autochtones trouvent toujours leur source dans un cas de dengue import\u00e9e par un voyageur.  \u00a9 Adobe Stock\" target=\"_blank\" rel=\"noopener\"><img loading=\"lazy\" decoding=\"async\" width=\"696\" height=\"393\" class=\"entry-thumb td-modal-image\" src=\"data:image\/svg+xml,%3Csvg%20xmlns=\" http:=\"\" data-lazy- data-lazy- alt=\"Un moustique contamin\u00e9 par la dengue en train de piquer un Fran\u00e7ais.\" title=\"cas autochtones dengue france auvergne rhone alpes Ma Sant\u00e9\" data-lazy-src=\"https:\/\/www.europesays.com\/fr\/wp-content\/uploads\/2025\/07\/cas-autochtones-dengue-france-auvergne-rhone-alpes-Ma-Sante-696x393.jpg\"\/><\/a> Ces cas de dengues autochtones trouvent toujours leur source dans un cas de dengue import\u00e9e par un voyageur.  \u00a9 Adobe Stock                                    \t\t\t             <a class=\"gofollow\" data-track=\"MjgsMCwxLDYw\" href=\"https:\/\/ma-sante.news\/inscrivez-vous-a-notre-newsletter\/\" target=\"_blank\" rel=\"noopener\"><img loading=\"lazy\" decoding=\"async\" width=\"1068\" height=\"131\" src=\"data:image\/svg+xml,%3Csvg%20xmlns=\" http:=\"\" data-lazy-src=\"https:\/\/www.europesays.com\/fr\/wp-content\/uploads\/2025\/03\/banniere-newsletter.png\"\/><\/a> <\/p>\n<p>Depuis le 1er mai 2025, les autorit\u00e9s sanitaires n\u2019ont cess\u00e9 d\u2019alerter sur la hausse des cas de dengue, de chikungunya et dans une plus moindre mesure de Zika. Le dernier bulletin de Sant\u00e9 publique France du 30 juillet r\u00e9v\u00e8le<a href=\"https:\/\/ma-sante.news\/moustique-tigre-les-cas-autochtones-de-chikungunya-et-de-dengue-se-multiplient-en-france\/\" target=\"_blank\" rel=\"noopener\"> un nombre toujours inqui\u00e9tant de cas import\u00e9s et autochtones<\/a>, \u00e0 un moment o\u00f9 la France enregistre l\u2019une de ses saisons les plus chaudes.<\/p>\n<p>Ces virus tropicaux sont chaque ann\u00e9e plus pr\u00e9sents en France, du fait de l\u2019expansion du moustique-tigre, son principal vecteur.<\/p>\n<ul class=\"wp-block-list\">\n<li>659 cas import\u00e9s<a href=\"https:\/\/ma-sante.news\/sanofi-pasteur-premier-vaccin-dengue-mexique-136498\/\" target=\"_blank\" rel=\"noopener\"> de dengue<\/a> ont \u00e9t\u00e9 recens\u00e9s, principalement chez des voyageurs ayant s\u00e9journ\u00e9 dans des zones end\u00e9miques comme les Cara\u00efbes et l\u2019Asie du Sud-Est.<\/li>\n<li>867 cas import\u00e9s de <a href=\"https:\/\/ma-sante.news\/chikungunya-les-premiers-resultats-de-enquete-ansm-sur-le-vaccin-ixchiq\/\" target=\"_blank\" rel=\"noopener\">chikungunya<\/a> ont aussi \u00e9t\u00e9 signal\u00e9s : une maladie caract\u00e9ris\u00e9e par de fortes douleurs articulaires et une fi\u00e8vre intense.<\/li>\n<li>3 cas import\u00e9s <a href=\"https:\/\/ma-sante.news\/zika-sanofi-pasteur-a-la-chasse-au-moustique-297834\/\" target=\"_blank\" rel=\"noopener\">de Zika<\/a>, enfin, ont \u00e9t\u00e9 quantifi\u00e9s. Il s\u2019agit d\u2019un virus qui a fait beaucoup de bruit il y a quelques ann\u00e9es, notamment \u00e0 cause de ses effets d\u00e9l\u00e9t\u00e8res sur la grossesse.<\/li>\n<\/ul>\n<p>Mais ce qui interpelle particuli\u00e8rement cette ann\u00e9e, ce sont les cas autochtones, d\u00e9tect\u00e9s directement sur le sol fran\u00e7ais. Des foyers de transmission ont \u00e9t\u00e9 identifi\u00e9s dans plusieurs r\u00e9gions, notamment en Auvergne-Rh\u00f4ne-Alpes, Provence-Alpes-C\u00f4te d\u2019Azur, et m\u00eame Nouvelle-Aquitaine.<\/p>\n<p>        Chikungunya, Dengue et Zika : l\u2019\u00e9t\u00e9 2025 sous le signe de la vigilance    <strong>Des cas de transmission locale de la dengue en France<\/strong>    <\/p>\n<p>Alors que la France semblait relativement \u00e9pargn\u00e9e, un nouveau cas autochtone de dengue a \u00e9t\u00e9 confirm\u00e9 fin juillet \u00e0 Belley, dans l\u2019Ain. Une semaine plus t\u00f4t, <a href=\"https:\/\/ma-sante.news\/deuxieme-cas-autochtone-de-dengue-quels-sont-les-symptomes-du-virus\/\" target=\"_blank\" rel=\"noopener\">deux autres cas avaient \u00e9t\u00e9 identifi\u00e9s \u00e0 Saint-Chamond<\/a>, dans la Loire. Ces infections, contract\u00e9es sans avoir voyag\u00e9 dans des zones \u00e0 risques, marquent une premi\u00e8re qui t\u00e9moigne de l\u2019installation progressive du moustique tigre dans des d\u00e9partements jusque-l\u00e0 peu concern\u00e9s.<\/p>\n<p>Les autorit\u00e9s sanitaires, toujours aussi r\u00e9actives, ont imm\u00e9diatement pris les mesures n\u00e9cessaires : d\u00e9moustication, identification des foyers potentiels, et mise en place d\u2019une surveillance renforc\u00e9e. Des enqu\u00eates \u00e9pid\u00e9miologiques sont \u00e9galement en cours pour mieux comprendre les m\u00e9canismes de propagation du virus.<\/p>\n<p>        <strong>En clair, o\u00f9 en est-on en France ?<\/strong>    <\/p>\n<p>Au 30 juillet 2025, selon les donn\u00e9es de Sant\u00e9 publique France :<\/p>\n<ul class=\"wp-block-list\">\n<li><a href=\"https:\/\/ma-sante.news\/virus-tropicaux-pour-instant-pas-de-raison-etre-inquiet-apres-une-piqure-de-moustique\/\" target=\"_blank\" rel=\"noopener\">12 cas de chikungunya autochtones ont \u00e9t\u00e9 confirm\u00e9s<\/a> dans les r\u00e9gions du sud de la France.<\/li>\n<li>3 cas de dengue autochtones ont \u00e9t\u00e9 d\u00e9tect\u00e9s, avec des risques de propagation limit\u00e9e, gr\u00e2ce aux interventions de d\u00e9moustication cibl\u00e9es.<\/li>\n<li>Le Zika, bien qu\u2019encore marginal, reste sous surveillance dans le contexte sanitaire actuel.<\/li>\n<\/ul>\n<p>La pr\u00e9sence de ces virus sur le sol fran\u00e7ais appelle \u00e0 <a href=\"https:\/\/ma-sante.news\/moustique-tigre-la-france-tremble-face-aux-arboviroses\/\" target=\"_blank\" rel=\"noopener\">une mobilisation continue des autorit\u00e9s sanitaires<\/a>, mais aussi \u00e0 une vigilance accrue de la part des citoyens, surtout dans les zones \u00e0 risque.<\/p>\n<p>        Prot\u00e9ger la population : les mesures \u00e0 prendre    <\/p>\n<p>La pr\u00e9vention, \u00e0 travers les gestes utiles qui permettent de limiter le d\u00e9veloppement du moustique-tigre, reste la meilleure arme pour \u00e9viter l\u2019expansion de ces virus. Les autorit\u00e9s sanitaires recommandent vivement :<\/p>\n<ol class=\"wp-block-list\">\n<li>L\u2019utilisation de r\u00e9pulsifs pour \u00e9loigner les moustiques, notamment ceux contenant du DEET (Dispositif \u00c9co \u00c9nergie Tertiaire).<\/li>\n<li>Le port de v\u00eatements longs et couvrants, surtout en soir\u00e9e et au matin, moments o\u00f9 le moustique tigre est le plus actif.<\/li>\n<li>L\u2019\u00e9limination des g\u00eetes larvaires, en \u00e9vitant toute accumulation d\u2019eau stagnante dans les jardins et sur les terrasses, o\u00f9 le moustique peut se reproduire.<\/li>\n<li>L\u2019installation de moustiquaires et de protections aux fen\u00eatres.<\/li>\n<\/ol>\n<p>L\u2019\u00e9t\u00e9 2025 sera donc marqu\u00e9 par une vigilance accrue face \u00e0 la menace du moustique-tigre et des virus qu\u2019il transporte. Les autorit\u00e9s, en collaboration avec les r\u00e9gions concern\u00e9es, mettent en place des mesures strictes de contr\u00f4le et de pr\u00e9vention. Mais face \u00e0 la propagation rapide du moustique-tigre, l\u2019implication de chacun est essentielle pour limiter la diffusion des maladies et \u00e9viter une crise sanitaire \u00e0 grande \u00e9chelle.<\/p>\n<blockquote class=\"wp-block-quote is-layout-flow wp-block-quote-is-layout-flow\">\n<p><strong>\u00c0 SAVOIR<\/strong><\/p>\n<p>Au 1\u1d49\u02b3 janvier 2025, le moustique-tigre \u201cAedes albopictus\u201d \u00e9tait implant\u00e9 dans 81 des 96 d\u00e9partements m\u00e9tropolitains, soit environ 84\u202f% du territoire hexagonal.<\/p>\n<\/blockquote>\n<p>  <a class=\"gofollow\" data-track=\"MTIsMCwxLDYw\" href=\"https:\/\/ma-sante.news\/annonceurs\/\" target=\"_blank\" rel=\"noopener\"><img loading=\"lazy\" decoding=\"async\" width=\"2560\" height=\"2133\" src=\"data:image\/svg+xml,%3Csvg%20xmlns=\" http:=\"\" data-lazy-src=\"https:\/\/www.europesays.com\/fr\/wp-content\/uploads\/2025\/03\/pub-annonceurs-4-scaled.jpg\"\/><\/a>    <img loading=\"lazy\" decoding=\"async\" width=\"755\" height=\"495\" src=\"data:image\/svg+xml,%3Csvg%20xmlns=\" http:=\"\" data-lazy-src=\"https:\/\/www.europesays.com\/fr\/wp-content\/uploads\/2025\/03\/Image1.jpg\"\/>Inscrivez-vous \u00e0 notre newsletter <br \/>Ma Sant\u00e9                      <\/p>\n","protected":false},"excerpt":{"rendered":"Ces cas de dengues autochtones trouvent toujours leur source dans un cas de dengue import\u00e9e par un voyageur.&hellip;\n","protected":false},"author":2,"featured_media":284711,"comment_status":"","ping_status":"","sticky":false,"template":"","format":"standard","meta":{"footnotes":""},"categories":[10],"tags":[6443,1011,27,72,511,71,21765,20966],"class_list":{"0":"post-284710","1":"post","2":"type-post","3":"status-publish","4":"format-standard","5":"has-post-thumbnail","7":"category-sante","8":"tag-chikungunya","9":"tag-fr","10":"tag-france","11":"tag-health","12":"tag-moustique","13":"tag-sante","14":"tag-virus-dengue","15":"tag-zika"},"share_on_mastodon":{"url":"https:\/\/pubeurope.com\/@fr\/114943159375175185","error":""},"_links":{"self":[{"href":"https:\/\/www.europesays.com\/fr\/wp-json\/wp\/v2\/posts\/284710","targetHints":{"allow":["GET"]}}],"collection":[{"href":"https:\/\/www.europesays.com\/fr\/wp-json\/wp\/v2\/posts"}],"about":[{"href":"https:\/\/www.europesays.com\/fr\/wp-json\/wp\/v2\/types\/post"}],"author":[{"embeddable":true,"href":"https:\/\/www.europesays.com\/fr\/wp-json\/wp\/v2\/users\/2"}],"replies":[{"embeddable":true,"href":"https:\/\/www.europesays.com\/fr\/wp-json\/wp\/v2\/comments?post=284710"}],"version-history":[{"count":0,"href":"https:\/\/www.europesays.com\/fr\/wp-json\/wp\/v2\/posts\/284710\/revisions"}],"wp:featuredmedia":[{"embeddable":true,"href":"https:\/\/www.europesays.com\/fr\/wp-json\/wp\/v2\/media\/284711"}],"wp:attachment":[{"href":"https:\/\/www.europesays.com\/fr\/wp-json\/wp\/v2\/media?parent=284710"}],"wp:term":[{"taxonomy":"category","embeddable":true,"href":"https:\/\/www.europesays.com\/fr\/wp-json\/wp\/v2\/categories?post=284710"},{"taxonomy":"post_tag","embeddable":true,"href":"https:\/\/www.europesays.com\/fr\/wp-json\/wp\/v2\/tags?post=284710"}],"curies":[{"name":"wp","href":"https:\/\/api.w.org\/{rel}","templated":true}]}}