{"id":284720,"date":"2025-07-30T16:40:10","date_gmt":"2025-07-30T16:40:10","guid":{"rendered":"https:\/\/www.europesays.com\/fr\/284720\/"},"modified":"2025-07-30T16:40:10","modified_gmt":"2025-07-30T16:40:10","slug":"cet-enfant-ma-dit-merci-et-apres-il-a-ete-tue-un-ex-employe-de-la-ghf-denonce-des-crimes-de-guerre","status":"publish","type":"post","link":"https:\/\/www.europesays.com\/fr\/284720\/","title":{"rendered":"\u00ab\u00a0Cet enfant m\u2019a dit merci, et apr\u00e8s il a \u00e9t\u00e9 tu\u00e9\u2026\u00a0\u00bb Un ex-employ\u00e9 de la GHF d\u00e9nonce des \u00ab\u00a0crimes de guerre\u00a0\u00bb"},"content":{"rendered":"<p>Amir \u00e9tait un petit gar\u00e7on arriv\u00e9 pieds nus, fin mai, dans un des points de distribution d\u2019aide alimentaire de la <a href=\"https:\/\/www.20minutes.fr\/monde\/israel\/4160307-20250625-sait-fondation-humanitaire-gaza-chargee-distribution-alimentaire-critiquee-onu\" class=\"color-ultramarine c-link\" target=\"_blank\" rel=\"noopener\">Fondation humanitaire de Gaza (GHF).<\/a> Il avait fait 12 kilom\u00e8tres pour venir chercher de la nourriture. Anthony Aguilar, un agent de s\u00e9curit\u00e9 am\u00e9ricain, avait essay\u00e9 de le rassurer, lui disant que le monde faisait attention \u00e0 lui, malgr\u00e9 le peu de nourriture, \u00ab\u00a0des miettes\u00a0\u00bb, que l\u2019enfant avait pu r\u00e9colter. Peu de temps apr\u00e8s, il a \u00e9t\u00e9 tu\u00e9 par l\u2019arm\u00e9e isra\u00e9lienne dans l\u2019une des nombreuses fusillades d\u00e9nonc\u00e9es par les t\u00e9moins sur place, selon le t\u00e9moignage de cet homme, <a href=\"https:\/\/www.youtube.com\/watch?v=wmxBUpyb2oI&amp;ab_channel=Unxeptable\" target=\"_blank\" class=\"color-ultramarine c-link\" rel=\"noopener\">confi\u00e9 \u00e0 la correspondante de France 24 Noga\u202fTarnopolsky pour le m\u00e9dia am\u00e9ricain UnXeptable.<\/a><\/p>\n<p>Anthony Aguilar, <a href=\"https:\/\/www.defense.gov\/Multimedia\/Photos\/igphoto\/2001103527\/\" target=\"_blank\" class=\"color-ultramarine c-link\" rel=\"noopener\">qui a exerc\u00e9 dans l\u2019arm\u00e9e am\u00e9ricaine <\/a>comme lieutenant-colonel, a travaill\u00e9 pendant six semaines pour UG Solutions, un sous-traitant de la Fondation humanitaire de Gaza, soutenue par les Etats-Unis et Isra\u00ebl. Et depuis qu\u2019il est revenu de l\u2019enfer, il parle.<\/p>\n<p>Crimes de guerre<\/p>\n<p><a href=\"https:\/\/www.bbc.com\/news\/videos\/cy8k8045nx9o\" target=\"_blank\" class=\"color-ultramarine c-link\" rel=\"noopener\">A la BBC<\/a>, d\u2019abord, il a confi\u00e9 il y a quelques jours avoir assist\u00e9, \u00ab\u00a0sans aucun doute possible\u00a0\u00bb, \u00e0 des \u00ab\u00a0crimes de guerre\u00a0\u00bb de la part des forces isra\u00e9liennes. \u00ab\u00a0Je (les) ai vu les tirer sur une foule de Palestiniens, d\u00e9truire une voiture remplie de civils\u00a0\u00bb. \u00ab\u00a0Je n\u2019ai jamais vu un tel niveau de brutalit\u00e9 et d\u2019utilisation indiscrimin\u00e9e et non n\u00e9cessaire de la force contre une population civile non arm\u00e9e et affam\u00e9e. J\u2019ai \u00e9t\u00e9 d\u00e9ploy\u00e9 dans diff\u00e9rents endroits dans le monde mais je n\u2019ai jamais vu \u00e7a ailleurs qu\u2019\u00e0 Gaza, commis par l\u2019arm\u00e9e isra\u00e9lienne et des contractuels am\u00e9ricains\u00a0\u00bb, affirme-t-il.<\/p>\n<p>Sur <a href=\"https:\/\/www.france24.com\/fr\/moyen-orient\/20250730-exclusif-ancien-employ%C3%A9-ghf-d%C3%A9nonce-crimes-de-guerre-gaza-isra%C3%ABl-territoires-palestiniens\" target=\"_blank\" class=\"color-ultramarine c-link\" rel=\"noopener\">France 24<\/a>, il d\u00e9nonce ce mercredi la \u00ab\u00a0complicit\u00e9\u00a0\u00bb de son ancien employeur dans ces crimes de guerre. \u00ab\u00a0Des employ\u00e9s d\u2019UG Solutions \u00e0 Gaza utilisent des munitions non l\u00e9tales et l\u00e9tales de fa\u00e7on non autoris\u00e9e. Et des gens sont bless\u00e9s\u2026 Des Palestiniens sont bless\u00e9s\u00a0\u00bb, affirme-t-il.<\/p>\n<p>\u00ab\u00a0Comportement inappropri\u00e9\u00a0\u00bb<\/p>\n<p>La Fondation humanitaire de Gaza (GHF), qui a commenc\u00e9 \u00e0 distribuer des bo\u00eetes de produits alimentaires le 26\u00a0mai, apr\u00e8s un blocus de plus de deux mois impos\u00e9 par Isra\u00ebl \u00e0 l\u2019entr\u00e9e de toute aide humanitaire, a ni\u00e9 ces accusations. Elle a mis en doute les motivations d\u2019Aguilar, affirmant qu\u2019il avait r\u00e9cemment \u00e9t\u00e9 licenci\u00e9 pour \u00ab\u00a0comportement inappropri\u00e9\u00a0\u00bb, selon la BBC. Des affirmations rejet\u00e9es par l\u2019int\u00e9ress\u00e9.<\/p>\n<p>L\u2019arm\u00e9e isra\u00e9lienne, quant \u00e0 elle, a d\u00e9clar\u00e9 que \u00ab\u00a0des investigations \u00e9taient en cours apr\u00e8s des incidents dans lesquels des dommages auraient \u00e9t\u00e9 port\u00e9s \u00e0 des civils\u00a0\u00bb.<\/p>\n<p>\u00ab\u00a0Il s\u2019est enfui, terroris\u00e9\u00a0\u00bb<\/p>\n<p>Amir, quant \u00e0 lui, n\u2019a jamais pu rapporter son demi-sac de riz et de lentilles \u00e0 sa famille. \u00ab\u00a0Il nous a remerci\u00e9s pour les miettes qu\u2019il avait re\u00e7ues, raconte Anthony Aguilar, des sanglots dans la voix. Il a pos\u00e9 ses affaires par terre et <a href=\"https:\/\/www.20minutes.fr\/monde\/4164904-20250723-gaza-centaine-ong-avertissent-risque-famine-masse\" class=\"color-ultramarine c-link\" target=\"_blank\" rel=\"noopener\">ses mains \u00e9maci\u00e9es, squelettiques<\/a> et fr\u00eales sur mon visage, et il m\u2019a embrass\u00e9 et m\u2019a dit \u00a0\u00bbthank you\u00a0\u00bb. Il a ensuite repris ses affaires, il est reparti dans la foule, et on leur a tir\u00e9 dessus, \u00e0 coups de gaz lacrymog\u00e8ne, de grenades et de balles\u00a0\u00bb.<\/p>\n<p>\u00ab\u00a0Il s\u2019est enfui, terroris\u00e9. Et au moment o\u00f9 ils s\u2019enfuyaient, j\u2019ai entendu des mitraillettes. J\u2019ai vu l\u2019arm\u00e9e isra\u00e9lienne qui tirait sur la foule, et les corps qui tombaient par terre. Et j\u2019ai vu Amir mourir\u00a0\u00bb, poursuit Anthony Aguilar.<\/p>\n<\/p>\n<p>Plus de 1.000 morts dans des distributions alimentaires<\/p>\n<p>L\u2019ONU a <a href=\"https:\/\/www.20minutes.fr\/monde\/4162043-20250704-gaza-plus-500-personnes-tuees-lors-distributions-fondation-ghf-depuis-fin-mai\" class=\"color-ultramarine c-link\" target=\"_blank\" rel=\"noopener\">accus\u00e9 r\u00e9cemment l<\/a>\u2019arm\u00e9e isra\u00e9lienne d\u2019avoir tu\u00e9 \u00e0 Gaza, depuis fin mai, plus de 1.000 personnes qui tentaient d\u2019obtenir de l\u2019aide, dont la grande majorit\u00e9 pr\u00e8s des sites de la fondation GHF soutenue par les Etats-Unis et Isra\u00ebl. Les distributions de GHF ont donn\u00e9 lieu \u00e0 des sc\u00e8nes chaotiques, l\u2019arm\u00e9e isra\u00e9lienne ayant fait feu \u00e0 plusieurs reprises pour tenter de contenir des centaines de Palestiniens d\u00e9sesp\u00e9r\u00e9s.<\/p>\n<p>L\u2019ONU et les principales organisations d\u2019aide ont refus\u00e9 de travailler avec la GHF, affirmant qu\u2019elle servait les objectifs militaires isra\u00e9liens et violait les principes humanitaires de base.<\/p>\n","protected":false},"excerpt":{"rendered":"Amir \u00e9tait un petit gar\u00e7on arriv\u00e9 pieds nus, fin mai, dans un des points de distribution d\u2019aide alimentaire&hellip;\n","protected":false},"author":2,"featured_media":284721,"comment_status":"","ping_status":"","sticky":false,"template":"","format":"standard","meta":{"footnotes":""},"categories":[5],"tags":[47,11,20477,34748,2048,847,1011,27,665,14,664,74,12,28],"class_list":{"0":"post-284720","1":"post","2":"type-post","3":"status-publish","4":"format-standard","5":"has-post-thumbnail","7":"category-international","8":"tag-actualite","9":"tag-actualites","10":"tag-aide-alimentaire","11":"tag-armee-israelienne","12":"tag-crime-de-guerre","13":"tag-enfant","14":"tag-fr","15":"tag-france","16":"tag-gaza","17":"tag-international","18":"tag-israel","19":"tag-monde","20":"tag-news","21":"tag-world"},"share_on_mastodon":{"url":"https:\/\/pubeurope.com\/@fr\/114943179078576902","error":""},"_links":{"self":[{"href":"https:\/\/www.europesays.com\/fr\/wp-json\/wp\/v2\/posts\/284720","targetHints":{"allow":["GET"]}}],"collection":[{"href":"https:\/\/www.europesays.com\/fr\/wp-json\/wp\/v2\/posts"}],"about":[{"href":"https:\/\/www.europesays.com\/fr\/wp-json\/wp\/v2\/types\/post"}],"author":[{"embeddable":true,"href":"https:\/\/www.europesays.com\/fr\/wp-json\/wp\/v2\/users\/2"}],"replies":[{"embeddable":true,"href":"https:\/\/www.europesays.com\/fr\/wp-json\/wp\/v2\/comments?post=284720"}],"version-history":[{"count":0,"href":"https:\/\/www.europesays.com\/fr\/wp-json\/wp\/v2\/posts\/284720\/revisions"}],"wp:featuredmedia":[{"embeddable":true,"href":"https:\/\/www.europesays.com\/fr\/wp-json\/wp\/v2\/media\/284721"}],"wp:attachment":[{"href":"https:\/\/www.europesays.com\/fr\/wp-json\/wp\/v2\/media?parent=284720"}],"wp:term":[{"taxonomy":"category","embeddable":true,"href":"https:\/\/www.europesays.com\/fr\/wp-json\/wp\/v2\/categories?post=284720"},{"taxonomy":"post_tag","embeddable":true,"href":"https:\/\/www.europesays.com\/fr\/wp-json\/wp\/v2\/tags?post=284720"}],"curies":[{"name":"wp","href":"https:\/\/api.w.org\/{rel}","templated":true}]}}