{"id":284724,"date":"2025-07-30T16:42:10","date_gmt":"2025-07-30T16:42:10","guid":{"rendered":"https:\/\/www.europesays.com\/fr\/284724\/"},"modified":"2025-07-30T16:42:10","modified_gmt":"2025-07-30T16:42:10","slug":"une-gazaouie-accueillie-a-sciences-po-lille-accusee-dantisemitisme-bruno-retailleau-saisit-la-justice","status":"publish","type":"post","link":"https:\/\/www.europesays.com\/fr\/284724\/","title":{"rendered":"Une Gazaouie accueillie \u00e0 Sciences Po Lille accus\u00e9e d\u2019antis\u00e9mitisme, Bruno Retailleau saisit la justice"},"content":{"rendered":"<p>Le ministre de l\u2019Int\u00e9rieur s\u2019est offusqu\u00e9 de l\u2019arriv\u00e9e en France de cette jeune femme de 25 ans, \u00e0 qui l\u2019on reproche d\u2019avoir relay\u00e9 des messages glorifiant Hitler et appel\u00e9 \u00e0 l\u2019ex\u00e9cution des otages isra\u00e9liens sur son compte X.<\/p>\n<p class=\"fig-paragraph\">Alors que l\u2019\u00e9tablissement vient \u00e0 peine de fermer ses portes pour les vacances, une sensible affaire vient troubler le calme estival. Une jeune Gazaouie, exfiltr\u00e9e de l\u2019enclave palestinienne au d\u00e9but du mois de juillet et inscrite \u00e0\u00a0<a href=\"https:\/\/etudiant.lefigaro.fr\/article\/etudes\/quels-sont-les-iep-de-region-les-plus-selectifs-en-2025-20250124\/\" target=\"_blank\" data-fig-type=\"Article\" rel=\"sponsored noopener nofollow\" data-gtm-custom-categorie=\"navigation\" data-gtm-custom-action=\"crossclick\" data-gtm-custom-label=\"Contextuel\" data-gtm-event=\"customEventSPE\" data-fig-domain=\"ETUDIANT\">Sciences Po Lille<\/a>\u00a0pour la rentr\u00e9e de septembre, est accus\u00e9e d\u2019\u00eatre l\u2019auteure de publications \u00e0 forte teneur antis\u00e9mite sur les r\u00e9seaux sociaux. Jugeant ses propos \u00abinacceptables\u00bb et \u00abinqui\u00e9tants\u00bb, Bruno Retailleau, le ministre de l\u2019Int\u00e9rieur a donn\u00e9 instruction au pr\u00e9fet de saisir la justice. \u00abLes propagandistes du Hamas n\u2019ont rien \u00e0 faire dans notre pays\u00bb, a-t-il pr\u00e9cis\u00e9.<\/p>\n<p class=\"fig-paragraph\">Nour Atallah, 25 ans, a atterri sur le sol fran\u00e7ais au d\u00e9but du mois de juillet. Le directeur de Sciences Po Lille,\u00a0<a href=\"https:\/\/www.lefigaro.fr\/actualite-france\/etienne-peyrat-nouveau-directeur-de-sciences-po-lille-mission-a-risque-20240428\" data-fig-type=\"Article\" data-gtm-custom-categorie=\"navigation\" data-gtm-custom-action=\"crossclick\" data-gtm-custom-label=\"Contextuel\" data-gtm-event=\"customEventSPE\" data-fig-domain=\"LEFIGARO\" rel=\"nofollow noopener\" target=\"_blank\">\u00c9tienne Peyrat<\/a>, affirme avoir \u00e9t\u00e9 sollicit\u00e9, peu avant son arriv\u00e9e, par le consulat g\u00e9n\u00e9ral de France \u00e0 J\u00e9rusalem. \u00abIl nous a indiqu\u00e9 qu\u2019un groupe d\u2019\u00e9tudiants allait quitter la bande de Gaza, il fallait leur trouver des cursus \u00e0 suivre en France. Nous avons jug\u00e9 le CV acad\u00e9mique de cette jeune fille pertinent, elle est d\u00e9tentrice d\u2019une licence en droit \u00e0 l\u2019Universit\u00e9 de Palestine\u00bb, explique-t-il au Figaro.<\/p>\n<p>                                    <a class=\"fig-a11y-skip a11y-hidden\" href=\"#fig-a11y-skip-main-inarticle\"><br \/>\n        Passer la publicit\u00e9<br \/>\n    <\/a><\/p>\n<p class=\"fig-paragraph\">Sans logement \u00e0 son arriv\u00e9e \u00e0 Lille, le directeur a accept\u00e9 d\u2019h\u00e9berger l\u2019\u00e9tudiante dans son appartement, en son absence. Dans un reportage publi\u00e9 par RMC il y a quelques jours, \u00c9tienne Peyrat affirmait que l\u2019accueil de cette personne concordait avec les valeurs \u00abd\u2019ouverture et de solidarit\u00e9\u00bb pr\u00f4n\u00e9es par l\u2019\u00e9cole. Sur les images, la jeune femme se r\u00e9jouissait d\u2019\u00eatre \u00abenfin dans un endroit s\u00fbr\u00bb et de s\u2019\u00eatre vue accorder une bourse par le gouvernement fran\u00e7ais.<\/p>\n<p class=\"fig-paragraph\">L\u2019affaire a pris un nouveau tournant ce mercredi lorsque plusieurs m\u00e9dias ont exhum\u00e9 d\u2019anciennes publications, attribu\u00e9es \u00e0 la jeune femme, sur le r\u00e9seau social X. Le 9 octobre 2023, deux jours apr\u00e8s le sanglant assaut du 7-octobre par les militants du Hamas, Nour Atallah relayait un post appelant \u00e0 filmer les ex\u00e9cutions des otages en \u00abhaute qualit\u00e9\u00bb et \u00e0 les envoyer aux m\u00e9dias \u00abde l\u2019Occident pervers\u00bb.<\/p>\n<p>    Partage d\u2019une publication par Nour Atallah.<br \/>\n                Capture X<\/p>\n<p class=\"fig-paragraph\">Certains internautes ont rep\u00e9r\u00e9 un autre partage datant de septembre 2024\u00a0: une vid\u00e9o d\u2019archive sur laquelle figure Adolf Hitler, accompagn\u00e9 d\u2019une l\u00e9gende en langue arabe, invitant \u00e0 \u00abtuer tous les Juifs\u00bb.<\/p>\n<p class=\"fig-paragraph\">Le minist\u00e8re de l\u2019Int\u00e9rieur a confirm\u00e9 au Figaro qu\u2019il a fait fermer le compte de la jeune femme et \u00absaisi la plateforme Pharos (cellule gouvernementale charg\u00e9e de d\u00e9tecter la cybercriminalit\u00e9 et les contenus illicites en ligne, NDLR)\u00bb. De son c\u00f4t\u00e9, le directeur de Sciences Po Lille affirme que l\u2019\u00e9cole n\u2019a fait que \u00abr\u00e9pondre \u00e0 une sollicitation du minist\u00e8re des Affaires \u00e9trang\u00e8res\u00bb. V\u00e9rifier l\u2019historique de Nour Atallah sur les r\u00e9seaux sociaux ne relevait, selon lui, pas de la responsabilit\u00e9 de l\u2019IEP. \u00abLes d\u00e9clarations faites par cette \u00e9tudiante et celles qui nous ont \u00e9t\u00e9 rapport\u00e9es ne sont \u00e9videmment pas compatibles avec nos valeurs\u00bb, pr\u00e9cise-t-il. L\u2019inscription de la jeune femme \u00e0 Sciences Po Lille \u00e0 la rentr\u00e9e a \u00e9t\u00e9 annul\u00e9e, a indiqu\u00e9 l\u2019\u00e9cole sur son compte X ce mercredi apr\u00e8s-midi.<\/p>\n","protected":false},"excerpt":{"rendered":"Le ministre de l\u2019Int\u00e9rieur s\u2019est offusqu\u00e9 de l\u2019arriv\u00e9e en France de cette jeune femme de 25 ans, \u00e0&hellip;\n","protected":false},"author":2,"featured_media":284725,"comment_status":"","ping_status":"","sticky":false,"template":"","format":"standard","meta":{"footnotes":""},"categories":[2],"tags":[11,1013,1011,27,665,12],"class_list":{"0":"post-284724","1":"post","2":"type-post","3":"status-publish","4":"format-standard","5":"has-post-thumbnail","7":"category-actualites","8":"tag-actualites","9":"tag-bruno-retailleau","10":"tag-fr","11":"tag-france","12":"tag-gaza","13":"tag-news"},"share_on_mastodon":{"url":"https:\/\/pubeurope.com\/@fr\/114943186920380252","error":""},"_links":{"self":[{"href":"https:\/\/www.europesays.com\/fr\/wp-json\/wp\/v2\/posts\/284724","targetHints":{"allow":["GET"]}}],"collection":[{"href":"https:\/\/www.europesays.com\/fr\/wp-json\/wp\/v2\/posts"}],"about":[{"href":"https:\/\/www.europesays.com\/fr\/wp-json\/wp\/v2\/types\/post"}],"author":[{"embeddable":true,"href":"https:\/\/www.europesays.com\/fr\/wp-json\/wp\/v2\/users\/2"}],"replies":[{"embeddable":true,"href":"https:\/\/www.europesays.com\/fr\/wp-json\/wp\/v2\/comments?post=284724"}],"version-history":[{"count":0,"href":"https:\/\/www.europesays.com\/fr\/wp-json\/wp\/v2\/posts\/284724\/revisions"}],"wp:featuredmedia":[{"embeddable":true,"href":"https:\/\/www.europesays.com\/fr\/wp-json\/wp\/v2\/media\/284725"}],"wp:attachment":[{"href":"https:\/\/www.europesays.com\/fr\/wp-json\/wp\/v2\/media?parent=284724"}],"wp:term":[{"taxonomy":"category","embeddable":true,"href":"https:\/\/www.europesays.com\/fr\/wp-json\/wp\/v2\/categories?post=284724"},{"taxonomy":"post_tag","embeddable":true,"href":"https:\/\/www.europesays.com\/fr\/wp-json\/wp\/v2\/tags?post=284724"}],"curies":[{"name":"wp","href":"https:\/\/api.w.org\/{rel}","templated":true}]}}