{"id":284726,"date":"2025-07-30T16:43:20","date_gmt":"2025-07-30T16:43:20","guid":{"rendered":"https:\/\/www.europesays.com\/fr\/284726\/"},"modified":"2025-07-30T16:43:20","modified_gmt":"2025-07-30T16:43:20","slug":"le-proces-du-maire-de-saint-etienne-gael-perdriau-se-tiendra-du-22-au-26-septembre-a-lyon","status":"publish","type":"post","link":"https:\/\/www.europesays.com\/fr\/284726\/","title":{"rendered":"le proc\u00e8s du maire de Saint-Etienne Ga\u00ebl Perdriau se tiendra du 22 au 26 septembre \u00e0 Lyon"},"content":{"rendered":"<p itemprop=\"description\"><strong>Le maire de Saint-Etienne Ga\u00ebl Perdriau est convoqu\u00e9 devant le tribunal correctionnel de Lyon du 22 au 26 septembre pour l\u2019affaire de chantage \u00e0 la sextape.<\/strong><\/p>\n<p>C\u2019est une affaire qui a chamboul\u00e9 la sph\u00e8re politique st\u00e9phanoise.<\/p>\n<p>En septembre 2022, M\u00e9diapart avait r\u00e9v\u00e9l\u00e9 le chantage de Ga\u00ebl Perdriau, maire de Saint-Etienne sur Gilles Artigues, l\u2019ancien premier adjoint centriste et potentiel rival \u00e0 la mairie. Pr\u00e8s de trois ans apr\u00e8s, le parquet de Lyon a indiqu\u00e9 que le proc\u00e8s du maire et de sept autres pr\u00e9venus dans le cadre de l\u2019affaire de chantage \u00e0 la sextape se tiendra du 22 au 26 septembre devant la 17e chambre du tribunal correctionnel de Lyon.<\/p>\n<p>Pour rappel, l\u2019affaire porte sur une vid\u00e9o montrant Gilles Artigues, en train de se faire masser par un escort-boy dans une chambre d\u2019h\u00f4tel \u00e0 Paris en janvier 2015. Ga\u00ebl Perdriau est soup\u00e7onn\u00e9 d\u2019avoir exig\u00e9 \u00ab\u00a0la loyaut\u00e9 politique\u00a0\u00bb de Gilles Artigues, \u00ab\u00a0des arbitrages \u00e9lectoraux et son absence d\u2019opposition aux d\u00e9cisions du maire\u00a0\u00bb contre la non-divulgation de ce film.<\/p>\n<p>Le maire de Saint-Etienne est alors inculp\u00e9 des chefs de \u00ab\u00a0chantage, soustraction, d\u00e9tournement de fonds publics par un d\u00e9positaire de l\u2019autorit\u00e9 publique, et participation \u00e0 une association de malfaiteurs en vue de la pr\u00e9paration d\u2019un d\u00e9lit puni d\u2019au moins cinq d\u2019emprisonnement\u00a0\u00bb.<\/p>\n<p>A quelques mois des \u00e9lections municipales, c&rsquo;est un proc\u00e8s lyonnais qui sera\u00a0<\/p>\n","protected":false},"excerpt":{"rendered":"Le maire de Saint-Etienne Ga\u00ebl Perdriau est convoqu\u00e9 devant le tribunal correctionnel de Lyon du 22 au 26&hellip;\n","protected":false},"author":2,"featured_media":284727,"comment_status":"","ping_status":"","sticky":false,"template":"","format":"standard","meta":{"footnotes":""},"categories":[9653],"tags":[1111,11,2813,2190,2430,1109,251,1112,2811,1777,674,118,1011,27,1922,1110,1114,2428,2810,12,241,316,25,4001,2812,517,800],"class_list":{"0":"post-284726","1":"post","2":"type-post","3":"status-publish","4":"format-standard","5":"has-post-thumbnail","7":"category-saint-etienne","8":"tag-actu","9":"tag-actualites","10":"tag-article","11":"tag-asvel","12":"tag-auvergne-rhone-alpes","13":"tag-breves","14":"tag-culture","15":"tag-depeches","16":"tag-economique","17":"tag-eu","18":"tag-europe","19":"tag-faits-divers","20":"tag-fr","21":"tag-france","22":"tag-info","23":"tag-informations","24":"tag-infos","25":"tag-lyon","26":"tag-lyonmag","27":"tag-news","28":"tag-ol","29":"tag-politique","30":"tag-republique-francaise","31":"tag-saint-etienne","32":"tag-sociale","33":"tag-sport","34":"tag-transports"},"share_on_mastodon":{"url":"https:\/\/pubeurope.com\/@fr\/114943190912629281","error":""},"_links":{"self":[{"href":"https:\/\/www.europesays.com\/fr\/wp-json\/wp\/v2\/posts\/284726","targetHints":{"allow":["GET"]}}],"collection":[{"href":"https:\/\/www.europesays.com\/fr\/wp-json\/wp\/v2\/posts"}],"about":[{"href":"https:\/\/www.europesays.com\/fr\/wp-json\/wp\/v2\/types\/post"}],"author":[{"embeddable":true,"href":"https:\/\/www.europesays.com\/fr\/wp-json\/wp\/v2\/users\/2"}],"replies":[{"embeddable":true,"href":"https:\/\/www.europesays.com\/fr\/wp-json\/wp\/v2\/comments?post=284726"}],"version-history":[{"count":0,"href":"https:\/\/www.europesays.com\/fr\/wp-json\/wp\/v2\/posts\/284726\/revisions"}],"wp:featuredmedia":[{"embeddable":true,"href":"https:\/\/www.europesays.com\/fr\/wp-json\/wp\/v2\/media\/284727"}],"wp:attachment":[{"href":"https:\/\/www.europesays.com\/fr\/wp-json\/wp\/v2\/media?parent=284726"}],"wp:term":[{"taxonomy":"category","embeddable":true,"href":"https:\/\/www.europesays.com\/fr\/wp-json\/wp\/v2\/categories?post=284726"},{"taxonomy":"post_tag","embeddable":true,"href":"https:\/\/www.europesays.com\/fr\/wp-json\/wp\/v2\/tags?post=284726"}],"curies":[{"name":"wp","href":"https:\/\/api.w.org\/{rel}","templated":true}]}}