{"id":284732,"date":"2025-07-30T16:46:14","date_gmt":"2025-07-30T16:46:14","guid":{"rendered":"https:\/\/www.europesays.com\/fr\/284732\/"},"modified":"2025-07-30T16:46:14","modified_gmt":"2025-07-30T16:46:14","slug":"photos-lancien-tram-sur-pneus-bombardier-du-grand-nancy-sexpose-dans-un-musee-alsacien","status":"publish","type":"post","link":"https:\/\/www.europesays.com\/fr\/284732\/","title":{"rendered":"Photos. L&rsquo;ancien tram sur pneus Bombardier du Grand Nancy s&rsquo;expose dans un mus\u00e9e alsacien"},"content":{"rendered":"<p>Retir\u00e9 du r\u00e9seau m\u00e9tropolitain en mars 2023 pour laisser place au trolleybus, le tram sur pneus du Grand Nancy n&rsquo;a pas compl\u00e9tement disparu de la surface du globe : deux rames ont en effet \u00e9vit\u00e9 la casse, l&rsquo;une r\u00e9cup\u00e9r\u00e9e par un particulier belge pour sa collection priv\u00e9e, une autre par le Conservatoire des Transports de Wissembourg. L&rsquo;association alsacienne qui g\u00e8re ce mus\u00e9e pr\u00e9sente ainsi, \u00e0 l&rsquo;entr\u00e9e de son entrep\u00f4t d\u00e9di\u00e9 aux anciens transports en commun, une rame du tram Bombardier du Grand Nancy. Rame rest\u00e9e, pour l&rsquo;heure, dans le m\u00eame \u00e9tat qu&rsquo;il y a deux ans, et qui s&rsquo;offre d\u00e9sormais aux regards des visiteurs.<\/p>\n","protected":false},"excerpt":{"rendered":"Retir\u00e9 du r\u00e9seau m\u00e9tropolitain en mars 2023 pour laisser place au trolleybus, le tram sur pneus du Grand&hellip;\n","protected":false},"author":2,"featured_media":284733,"comment_status":"","ping_status":"","sticky":false,"template":"","format":"standard","meta":{"footnotes":""},"categories":[9635],"tags":[1111,11,1704,1777,674,1011,27,5325,2798,775,1702,12,25,2803],"class_list":{"0":"post-284732","1":"post","2":"type-post","3":"status-publish","4":"format-standard","5":"has-post-thumbnail","7":"category-nancy","8":"tag-actu","9":"tag-actualites","10":"tag-edition-nancy-et-agglomeration","11":"tag-eu","12":"tag-europe","13":"tag-fr","14":"tag-france","15":"tag-galerie-media","16":"tag-galerie-photo","17":"tag-grand-est","18":"tag-nancy","19":"tag-news","20":"tag-republique-francaise","21":"tag-transport"},"share_on_mastodon":{"url":"https:\/\/pubeurope.com\/@fr\/114943202617672108","error":""},"_links":{"self":[{"href":"https:\/\/www.europesays.com\/fr\/wp-json\/wp\/v2\/posts\/284732","targetHints":{"allow":["GET"]}}],"collection":[{"href":"https:\/\/www.europesays.com\/fr\/wp-json\/wp\/v2\/posts"}],"about":[{"href":"https:\/\/www.europesays.com\/fr\/wp-json\/wp\/v2\/types\/post"}],"author":[{"embeddable":true,"href":"https:\/\/www.europesays.com\/fr\/wp-json\/wp\/v2\/users\/2"}],"replies":[{"embeddable":true,"href":"https:\/\/www.europesays.com\/fr\/wp-json\/wp\/v2\/comments?post=284732"}],"version-history":[{"count":0,"href":"https:\/\/www.europesays.com\/fr\/wp-json\/wp\/v2\/posts\/284732\/revisions"}],"wp:featuredmedia":[{"embeddable":true,"href":"https:\/\/www.europesays.com\/fr\/wp-json\/wp\/v2\/media\/284733"}],"wp:attachment":[{"href":"https:\/\/www.europesays.com\/fr\/wp-json\/wp\/v2\/media?parent=284732"}],"wp:term":[{"taxonomy":"category","embeddable":true,"href":"https:\/\/www.europesays.com\/fr\/wp-json\/wp\/v2\/categories?post=284732"},{"taxonomy":"post_tag","embeddable":true,"href":"https:\/\/www.europesays.com\/fr\/wp-json\/wp\/v2\/tags?post=284732"}],"curies":[{"name":"wp","href":"https:\/\/api.w.org\/{rel}","templated":true}]}}