{"id":284737,"date":"2025-07-30T16:49:13","date_gmt":"2025-07-30T16:49:13","guid":{"rendered":"https:\/\/www.europesays.com\/fr\/284737\/"},"modified":"2025-07-30T16:49:13","modified_gmt":"2025-07-30T16:49:13","slug":"un-charnier-de-20-moutons-decouvert-a-montpellier-une-association-pointe-la-responsabilite-de-la-metropole","status":"publish","type":"post","link":"https:\/\/www.europesays.com\/fr\/284737\/","title":{"rendered":"Un charnier de 20 moutons d\u00e9couvert \u00e0 Montpellier, une association pointe la responsabilit\u00e9 de la m\u00e9tropole"},"content":{"rendered":"<p>Sur la vid\u00e9o post\u00e9e ce lundi 28\u00a0juillet par <a href=\"https:\/\/futur-asso.com\/\" target=\"_blank\" rel=\"noopener\">l\u2019association Futur<\/a>, des ossements de moutons, des corps en d\u00e9composition, et une vingtaine de brebis affam\u00e9es et assoiff\u00e9es. <strong>La d\u00e9couverte macabre a eu lieu il y a plus d\u2019une semaine sur un terrain appartenant \u00e0 la m\u00e9tropole de Montpellier, situ\u00e9 \u00e0 Villeneuve-l\u00e8s-Maguelone.<\/strong><\/p>\n<\/p>\n<p>Alert\u00e9 par l\u2019odeur de putr\u00e9faction, un informateur a contact\u00e9 l\u2019association Futur, qui \u0153uvre pour changer le regard que porte la soci\u00e9t\u00e9 sur les animaux.\u00a0<strong>Sur \u00ab\u00a0une cinquantaine de moutons\u00a0\u00bb, \u00ab\u00a0vingt d\u2019entre eux sont d\u00e9j\u00e0 morts de faim et de soif et les trente rescap\u00e9s ont \u00e9t\u00e9 pris en charge en urgence par des \u00e9quipes de b\u00e9n\u00e9voles\u00a0\u00bb,<\/strong> d\u00e9taille l\u2019association dans un communiqu\u00e9. <a href=\"https:\/\/www.laprovence.com\/article\/region\/30873810285146\/berre-l-etang-mario-martinet-retire-son-arrete-anti-troupeaux-mais-previent-qu-il-le-reprendra-si-necessaire\" target=\"_blank\" rel=\"noopener\">Ces moutons<\/a>, trop \u00e2g\u00e9s pour partir en estive, \u00ab\u00a0ont \u00e9t\u00e9 abandonn\u00e9s par l\u2019\u00e9leveur\u00a0\u00bb, explique Futur.<\/p>\n<p>Un syst\u00e8me de contr\u00f4le d\u00e9faillant<\/p>\n<p>D\u00e9sormais, la question des responsabilit\u00e9s se pose. L&rsquo;\u00e9leveur <a href=\"https:\/\/www.laprovence.com\/article\/ecoplanete\/47197678654082\/dermatose-des-bovins-la-ministre-de-lagriculture-chez-les-eleveurs-touches-accueillie-par-des-manifestants-en-colere\" target=\"_blank\" rel=\"noopener\">du troupeau<\/a>, actuellement hospitalis\u00e9, aurait d\u00e9l\u00e9gu\u00e9 les soins de ses brebis \u00e0 un confr\u00e8re, qui n\u2019aurait pas tenu ses engagements. Mais certains cadavres semblent dater d\u2019il y a plusieurs mois, explique l\u2019association, ce qui laisse pr\u00e9sager d\u2019un probl\u00e8me r\u00e9current.<\/p>\n<p><strong>\u00ab\u00a0Les \u00e9leveurs doivent \u00eatre contr\u00f4l\u00e9s\u00a0\u00bb<\/strong>, mart\u00e8le l\u2019association, qui pointe du doigt <a href=\"https:\/\/www.laprovence.com\/article\/france-monde\/89372281863959\/la-justice-reconnait-l-indignite-des-conditions-de-detention-a-la-prison-de-toulouse-seysses\" target=\"_blank\" rel=\"noopener\">les services de l\u2019\u00c9tat<\/a>, jugeant inadmissible que 20 moutons puissent mourir sans qu\u2019ils aient \u00e9t\u00e9 mis au courant\u00a0: \u00ab\u00a0On suppose qu\u2019ils sont morts de mauvais traitement, mais il aurait pu s\u2019agir d\u2019une \u00e9pid\u00e9mie\u00a0\u00bb.<\/p>\n<p><strong>La responsabilit\u00e9 de la m\u00e9tropole de Montpellier, \u00e0 qui appartient le terrain o\u00f9 a \u00e9t\u00e9 d\u00e9couvert le charnier, est \u00e9galement mise en cause par Futur<\/strong>\u00a0: \u00ab\u00a0Comment la collectivit\u00e9 a-t-elle pu, sans aucune garantie, mettre \u00e0 disposition ses terrains\u00a0?\u00a0\u00bb, interroge l\u2019association dans son communiqu\u00e9.<\/p>\n<p>Futur a annonc\u00e9 avoir alert\u00e9 les services sanitaires, craignant que la d\u00e9composition des corps ait contamin\u00e9 les terres et les nappes phr\u00e9atiques.<\/p>\n<p>Changer le regard sur l\u2019animal<\/p>\n<p>L\u2019\u00e9leveur mis en cause poss\u00e8de 200 autres moutons plus jeunes, qui ont \u00e9t\u00e9 envoy\u00e9s en estive avec un autre \u00e9leveur\u00a0: \u00ab\u00a0Ce sont donc ceux qui n\u2019ont plus aucune valeur marchande qu\u2019on a laiss\u00e9 mourir\u00a0\u00bb, estime un repr\u00e9sentant de Futur, dont l\u2019association appelle \u00e0 cesser de les consid\u00e9rer les animaux comme des mati\u00e8res premi\u00e8res exploitables <a href=\"https:\/\/www.laprovence.com\/article\/ecoplanete\/1839972840257914\/renault-retire-le-cuir-dorigine-animale-de-ses-vehicules-une-victoire-pour-lecologie-et-le-bien-etre-animal\" target=\"_blank\" rel=\"noopener\">\u00e0 des fins commerciales<\/a>.<\/p>\n<p><strong>Futur a pr\u00e9vu de d\u00e9poser plainte contre l\u2019\u00e9leveur et contre X pour \u00ab\u00a0demander des comptes et obtenir r\u00e9paration\u00a0\u00bb,<\/strong> a fait savoir \u00e0 La Provence un repr\u00e9sentant de l\u2019association. Les trente moutons rescap\u00e9s ont \u00e9t\u00e9 pris en charge par <a href=\"https:\/\/www.laprovence.com\/article\/region\/4578343769892614\/quand-on-voit-le-concert-dhier-on-sait-pourquoi-on-fait-ca-camille-levert-benevole-aux-escales-du-cargo-a-arles\" target=\"_blank\" rel=\"noopener\">les b\u00e9n\u00e9voles<\/a> de l\u2019association, mais les plus faibles continuent de mourir, notamment en raison d\u2019un \u00e9tat de stress tr\u00e8s \u00e9lev\u00e9, pr\u00e9cise Futur.<\/p>\n<p>L\u2019association a lanc\u00e9 un appel \u00e0 la mobilisation pour l\u2019adoption des moutons rescap\u00e9s.\u00a0Pour leur venir en aide, vous pouvez contacter l\u2019association \u00e0 l\u2019adresse suivante : <a href=\"https:\/\/www.laprovence.com\/cdn-cgi\/l\/email-protection\" class=\"__cf_email__\" data-cfemail=\"7a091b14190e0f1b13081f3a1c0f0e0f08571b09091554191517\" target=\"_blank\" rel=\"noopener\">[email\u00a0protected]<\/a><\/p>\n","protected":false},"excerpt":{"rendered":"Sur la vid\u00e9o post\u00e9e ce lundi 28\u00a0juillet par l\u2019association Futur, des ossements de moutons, des corps en d\u00e9composition,&hellip;\n","protected":false},"author":2,"featured_media":284738,"comment_status":"","ping_status":"","sticky":false,"template":"","format":"standard","meta":{"footnotes":""},"categories":[9599],"tags":[17,1111,11,4077,42370,13916,1777,674,1011,27,2208,24001,12,2680,42371,25,104,96],"class_list":{"0":"post-284737","1":"post","2":"type-post","3":"status-publish","4":"format-standard","5":"has-post-thumbnail","7":"category-montpellier","8":"tag-17","9":"tag-actu","10":"tag-actualites","11":"tag-association","12":"tag-charnier","13":"tag-decouvert","14":"tag-eu","15":"tag-europe","16":"tag-fr","17":"tag-france","18":"tag-montpellier","19":"tag-moutons","20":"tag-news","21":"tag-occitanie","22":"tag-pointe","23":"tag-republique-francaise","24":"tag-societe","25":"tag-une"},"share_on_mastodon":{"url":"","error":""},"_links":{"self":[{"href":"https:\/\/www.europesays.com\/fr\/wp-json\/wp\/v2\/posts\/284737","targetHints":{"allow":["GET"]}}],"collection":[{"href":"https:\/\/www.europesays.com\/fr\/wp-json\/wp\/v2\/posts"}],"about":[{"href":"https:\/\/www.europesays.com\/fr\/wp-json\/wp\/v2\/types\/post"}],"author":[{"embeddable":true,"href":"https:\/\/www.europesays.com\/fr\/wp-json\/wp\/v2\/users\/2"}],"replies":[{"embeddable":true,"href":"https:\/\/www.europesays.com\/fr\/wp-json\/wp\/v2\/comments?post=284737"}],"version-history":[{"count":0,"href":"https:\/\/www.europesays.com\/fr\/wp-json\/wp\/v2\/posts\/284737\/revisions"}],"wp:featuredmedia":[{"embeddable":true,"href":"https:\/\/www.europesays.com\/fr\/wp-json\/wp\/v2\/media\/284738"}],"wp:attachment":[{"href":"https:\/\/www.europesays.com\/fr\/wp-json\/wp\/v2\/media?parent=284737"}],"wp:term":[{"taxonomy":"category","embeddable":true,"href":"https:\/\/www.europesays.com\/fr\/wp-json\/wp\/v2\/categories?post=284737"},{"taxonomy":"post_tag","embeddable":true,"href":"https:\/\/www.europesays.com\/fr\/wp-json\/wp\/v2\/tags?post=284737"}],"curies":[{"name":"wp","href":"https:\/\/api.w.org\/{rel}","templated":true}]}}