{"id":284739,"date":"2025-07-30T16:50:25","date_gmt":"2025-07-30T16:50:25","guid":{"rendered":"https:\/\/www.europesays.com\/fr\/284739\/"},"modified":"2025-07-30T16:50:25","modified_gmt":"2025-07-30T16:50:25","slug":"gazage-de-200-chauves-souris-un-elu-saisit-la-justice","status":"publish","type":"post","link":"https:\/\/www.europesays.com\/fr\/284739\/","title":{"rendered":"gazage de 200 chauves-souris, un \u00e9lu saisit la justice"},"content":{"rendered":"<p>            Par<br \/>\n        <strong><br \/>\n            <a href=\"https:\/\/actu.fr\/auteur\/lea-pippinato\" title=\"Consulter tous les articles de L\u00e9a Pippinato\" rel=\"nofollow noopener\" target=\"_blank\">L\u00e9a Pippinato<\/a><br \/>\n        <\/strong><\/p>\n<p>        Publi\u00e9 le<\/p>\n<p>            30 juil. 2025 \u00e0 17h23        <\/p>\n<p>Le 19 f\u00e9vrier dernier, <strong>200 chauves-souris de Seba<\/strong> ont \u00e9t\u00e9 <strong>euthanasi\u00e9es<\/strong> au <strong>zoo de Lunaret \u00e0 Montpellier<\/strong>. L\u2019information n\u2019a pas \u00e9t\u00e9 rendue publique imm\u00e9diatement. Ces animaux, autrefois install\u00e9s dans <strong>la serre amazonienne<\/strong>, avaient \u00e9t\u00e9 d\u00e9plac\u00e9s dans un b\u00e2timent provisoire apr\u00e8s la fermeture de cette structure en 2022. La d\u00e9cision, prise selon la Ville pour des raisons de bien-\u00eatre animal, a provoqu\u00e9 une onde de choc. <strong>Eddine Ariztegui<\/strong>, adjoint au maire d\u00e9l\u00e9gu\u00e9 \u00e0 la condition animale et \u00e9lu du Parti animaliste, <strong>d\u00e9nonce<\/strong> <strong>une mise \u00e0 mort injustifi\u00e9e<\/strong> et un <strong>manquement d\u00e9mocratique<\/strong>.<\/p>\n<p>    <a href=\"https:\/\/www.google.com\/maps\/embed?pb=!1m18!1m12!1m3!1d23114.090373704526!2d3.8338559999999995!3d43.6011008!2m3!1f0!2f0!3f0!3m2!1i1024!2i768!4f13.1!3m3!1m2!1s0x12b6af2f82d34b21%3A0x40fd8b55e8f6118d!2sMontpellier%20Zoological%20Park!5e0!3m2!1sen!2sfr!4v1753885484116!5m2!1sen!2sfr\" title=\"Ouvrie le lien\" rel=\"nofollow noopener\" target=\"_blank\">Cliquez ici pour visualiser le contenu<\/a><\/p>\n<p class=\" wall-content\">L\u2019\u00e9lu affirme avoir appris les faits \u00ab\u00a0par hasard, courant mars\u00a0\u00bb, soit un mois apr\u00e8s les euthanasies. \u00ab\u00a0J\u2019ai \u00e9t\u00e9 scandalis\u00e9. On ne m\u2019a pas inform\u00e9. J\u2019ai \u00e9t\u00e9 court-circuit\u00e9 dans l\u2019histoire\u00a0\u00bb, assure-t-il. Selon lui, cette d\u00e9cision contredit une d\u00e9lib\u00e9ration vot\u00e9e en conseil municipal en 2024, interdisant les euthanasies d\u2019animaux pour des motifs non m\u00e9dicaux. \u00ab\u00a0Le conseil municipal avait vot\u00e9 ce texte \u00e0 l\u2019unanimit\u00e9. Pourtant, 200 animaux en parfaite sant\u00e9 ont \u00e9t\u00e9 euthanasi\u00e9s.\u00a0\u00bb Eddine Ariztegui avait pourtant tent\u00e9 d\u2019agir en amont. En 2021 d\u00e9j\u00e0, il avait refus\u00e9 une premi\u00e8re proposition d\u2019euthanasie des chauves-souris. Il dit avoir ensuite entrepris des d\u00e9marches aupr\u00e8s de pr\u00e8s de 1 000 institutions \u00e0 travers le monde. Ses recherches ont permis le transfert de 80 chauves-souris vers Berlin et de 50 autres dans un zoo fran\u00e7ais en janvier 2025. Pour les animaux restants, il avait propos\u00e9 de cr\u00e9er un enclos sp\u00e9cifique au sein du zoo. Estim\u00e9 \u00e0 <strong>200 000 euros<\/strong>, ce projet n\u2019a jamais \u00e9t\u00e9 financ\u00e9.<\/p>\n<blockquote class=\"ac-article-quote wall-content\">\n<p>\u00ab\u00a0Le conseil municipal avait vot\u00e9 ce texte \u00e0 l\u2019unanimit\u00e9. Pourtant, 200 animaux en parfaite sant\u00e9 ont \u00e9t\u00e9 euthanasi\u00e9s.\u00a0\u00bb<\/p>\n<p>    <strong>Eddine Ariztegui<\/strong><br \/>\n        \u00c9lu d\u00e9l\u00e9gu\u00e9 au bien-\u00eatre animal    <\/p><\/blockquote>\n<p>La Ville \u00e9voque une impasse et la pression des autorit\u00e9s<\/p>\n<p class=\" wall-content\">Du c\u00f4t\u00e9 de la Ville, la version est toute autre. La direction du zoo rappelle que la serre amazonienne, o\u00f9 vivaient initialement les chauves-souris, <a href=\"https:\/\/actu.fr\/occitanie\/montpellier_34172\/montpellier-zoo-du-lunaret-la-serre-amazonienne-c-est-fini_45056275.html\" rel=\"nofollow noopener\" target=\"_blank\">avait \u00e9t\u00e9 ferm\u00e9e en raison de sa v\u00e9tust\u00e9<\/a>. En juin 2021, un rapport de la direction d\u00e9partementale de la protection des populations (DDPP) soulignait des conditions de vie \u00ab\u00a0d\u00e9grad\u00e9es\u00a0\u00bb pour les animaux comme pour le public. \u00ab\u00a0La priorit\u00e9 a alors \u00e9t\u00e9 de reloger les esp\u00e8ces. La majorit\u00e9 des individus, pr\u00e8s de 200 chauves-souris, ont ainsi \u00e9t\u00e9 plac\u00e9s dans d\u2019autres parcs animaliers en France ou en Europe\u00a0\u00bb, pr\u00e9cise la Ville. Mais pour les individus restants, la situation s\u2019est tendue. Selon la municipalit\u00e9, la DDPP a mis en demeure le zoo en f\u00e9vrier 2024 de ne plus maintenir les chauves-souris dans les installations provisoires. Ces structures, inadapt\u00e9es \u00e0 leurs besoins physiologiques, ne permettaient pas de garantir leur survie. Des d\u00e9c\u00e8s avaient d\u00e9j\u00e0 \u00e9t\u00e9 constat\u00e9s par l\u2019\u00e9quipe m\u00e9dicale.\u00a0<\/p>\n<p>Vid\u00e9os : en ce moment sur Actu<\/p>\n<p class=\" wall-content\">La Ville explique \u00e9galement que la piste d\u2019une r\u00e9introduction en Guyane a \u00e9t\u00e9 explor\u00e9e mais \u00e9cart\u00e9e. Le conseil scientifique du patrimoine naturel (CSRPN) de la r\u00e9gion Guyane a rendu un avis d\u00e9favorable, \u00e9voquant les risques de consanguinit\u00e9, de transmission de parasites ou de d\u00e9s\u00e9quilibre \u00e9cologique. \u00ab\u00a0Toutes les solutions d\u2019accueil avaient \u00e9t\u00e9 \u00e9puis\u00e9es\u00a0\u00bb, affirme la Ville, qui insiste sur le fait que \u00ab\u00a0la d\u00e9cision a \u00e9t\u00e9 prise dans un souci de respect du bien-\u00eatre animal.\u00a0\u00bb L\u2019euthanasie s\u2019est faite sans manipulation physique : un anesth\u00e9siant a \u00e9t\u00e9 diffus\u00e9 dans l\u2019air, provoquant un endormissement profond. La Ville pr\u00e9cise que \u00ab\u00a0ce protocole a \u00e9t\u00e9 choisi pour \u00e9viter toute douleur ou stress chez les animaux.\u00a0\u00bb<\/p>\n<p>Une contradiction qui interroge<\/p>\n<p class=\" wall-content\">Ce dossier soul\u00e8ve une contradiction apparente avec l\u2019image que Montpellier s\u2019est construite autour de la condition animale. Dans le hall de l\u2019H\u00f4tel de Ville, une plaque rappelle l\u2019attachement symbolique de la commune \u00e0 la <a href=\"https:\/\/actu.fr\/occitanie\/montpellier_34172\/montpellier-les-animaux-sont-doues-de-sensibilite-une-plaque-consacre-desormais-leurs-droits_61395203.html\" rel=\"nofollow noopener\" target=\"_blank\">D\u00e9claration universelle des droits de l\u2019animal<\/a>. Montpellier figure parmi les villes les mieux class\u00e9es du palmar\u00e8s \u00ab\u00a0Une ville pour les animaux\u00a0\u00bb publi\u00e9 par L214, aux c\u00f4t\u00e9s de Grenoble, Strasbourg et Lyon. Elle est \u00e9galement en 3e position du classement des villes les plus \u00ab\u00a0dog friendly\u00a0\u00bb selon le magazine 30 millions d\u2019amis.<\/p>\n<p class=\" wall-content\">Le Parti animaliste reconna\u00eet les avanc\u00e9es engag\u00e9es sous cette majorit\u00e9, comme la future cr\u00e9ation d\u2019un h\u00f4pital pour la faune sauvage destin\u00e9 \u00e0 accueillir les animaux de la faune locale (oiseaux, petits mammif\u00e8res\u2026), en cours d\u2019installation pr\u00e8s du zoo. Mais pour Eddine Ariztegui, qui avait par ailleurs indiqu\u00e9 \u00e0 un journaliste de M\u00e9tropolitain le 30 juin en apart\u00e9 de la pr\u00e9sentation de ce futur \u00e9quipement l\u2019euthanasie des chauves-souris face \u00e0 l\u2019absence de solutions laissant penser que l\u2019affaire en resterait l\u00e0, ces avanc\u00e9es ne doivent pas occulter les failles. \u00ab\u00a0Ce que nous avons fait \u00e0 Montpellier en cinq ans est exceptionnel. Mais je ne fermerai pas les yeux sur un scandale pareil. Il faut dire la v\u00e9rit\u00e9 et agir. Si j\u2019ai \u00e9t\u00e9 \u00e9lu, c\u2019est pour prot\u00e9ger les animaux. C\u2019est ce que je fais aujourd\u2019hui.\u00a0\u00bb<\/p>\n<p>Une bataille juridique et politique<\/p>\n<p class=\" wall-content\">L\u2019\u00e9lu a donc d\u00e9pos\u00e9 un recours devant le tribunal administratif. Son objectif : obtenir une d\u00e9cision qui \u00e9tablisse l\u2019ill\u00e9galit\u00e9 de cette euthanasie. \u00ab\u00a0Cela permettrait d\u2019emp\u00eacher que d\u2019autres animaux subissent le m\u00eame sort.\u00a0\u00bb Selon lui, cette affaire d\u00e9passe le seul cadre montpelli\u00e9rain. Il souhaite maintenant porter ce combat au niveau national. Le Parti animaliste appelle \u00e0 une l\u00e9gislation interdisant <strong>le culling<\/strong>, une pratique encore fr\u00e9quente dans les parcs zoologiques. \u00ab\u00a0Dans de nombreux zoos, on fait na\u00eetre des animaux puis on les tue quand ils deviennent trop nombreux ou inutiles. Ce n\u2019est pas \u00e9thique. Il faut transformer les zoos en refuges.\u00a0\u00bb<\/p>\n<p>\ud83e\udd87 Le culling, qu\u2019est-ce que c\u2019est ?<\/p>\n<p>Le culling d\u00e9signe la mise \u00e0 mort d\u2019animaux en captivit\u00e9 pour des raisons non m\u00e9dicales. Cette pratique est utilis\u00e9e principalement dans les zoos, lorsqu\u2019un individu devient \u00ab\u00a0inutile\u00a0\u00bb \u00e0 un programme de reproduction, ou que le groupe est jug\u00e9 trop nombreux, d\u00e9s\u00e9quilibr\u00e9 (trop de m\u00e2les, par exemple) ou difficile \u00e0 placer. Contrairement \u00e0 une euthanasie motiv\u00e9e par une souffrance ou une maladie incurable, le culling repose sur des crit\u00e8res logistiques, \u00e9conomiques ou de gestion de population. <\/p>\n<p>Bien qu\u2019elle soit l\u00e9gale dans certains pays, cette pratique soul\u00e8ve des d\u00e9bats \u00e9thiques de plus en plus vifs, notamment lorsqu\u2019elle concerne des animaux n\u00e9s sous la responsabilit\u00e9 directe des \u00e9tablissements qui les tuent ensuite.<\/p>\n<p class=\" wall-content\">\u00c0 Montpellier, cette transition est amorc\u00e9e. \u00ab\u00a0On a commenc\u00e9 \u00e0 d\u00e9velopper une activit\u00e9 de refuge dans le zoo\u00a0\u00bb, souligne Eddine Ariztegui. Cela permet de garder une vocation p\u00e9dagogique pour les humains, tout en accueillant des animaux saisis, abandonn\u00e9s, ou issus des cirques qui devront s\u2019en s\u00e9parer d\u2019ici 2028.\u00a0\u00bb Contrairement aux structures classiques, ces refuges n\u2019autorisent pas la reproduction, ce qui, selon lui, \u00e9vite les impasses comme celle des chauves-souris de Montpellier.<\/p>\n<p class=\" wall-content\">Suivez toute l\u2019actualit\u00e9 de vos villes et m\u00e9dias favoris en vous inscrivant \u00e0 <a href=\"https:\/\/moncompte.actu.fr\" title=\"D\u00e9couvez Mon Actu\" rel=\"nofollow noopener\" data-trk=\"{&quot;cta&quot;:{&quot;action&quot;:&quot;https:\\\/\\\/moncompte.actu.fr&quot;,&quot;category&quot;:&quot;mon compte&quot;,&quot;from&quot;:&quot;article footer&quot;,&quot;name&quot;:&quot;Mon actu&quot;,&quot;type&quot;:&quot;cta&quot;}}\" target=\"_blank\">Mon Actu<\/a>.<\/p>\n","protected":false},"excerpt":{"rendered":"Par L\u00e9a Pippinato Publi\u00e9 le 30 juil. 2025 \u00e0 17h23 Le 19 f\u00e9vrier dernier, 200 chauves-souris de Seba&hellip;\n","protected":false},"author":2,"featured_media":284740,"comment_status":"","ping_status":"","sticky":false,"template":"","format":"standard","meta":{"footnotes":""},"categories":[9599],"tags":[1111,11,1867,1777,674,1011,27,303,2208,12,2680,42372,25,104],"class_list":{"0":"post-284739","1":"post","2":"type-post","3":"status-publish","4":"format-standard","5":"has-post-thumbnail","7":"category-montpellier","8":"tag-actu","9":"tag-actualites","10":"tag-animaux","11":"tag-eu","12":"tag-europe","13":"tag-fr","14":"tag-france","15":"tag-justice","16":"tag-montpellier","17":"tag-news","18":"tag-occitanie","19":"tag-parti-animaliste","20":"tag-republique-francaise","21":"tag-societe"},"share_on_mastodon":{"url":"https:\/\/pubeurope.com\/@fr\/114943218378923036","error":""},"_links":{"self":[{"href":"https:\/\/www.europesays.com\/fr\/wp-json\/wp\/v2\/posts\/284739","targetHints":{"allow":["GET"]}}],"collection":[{"href":"https:\/\/www.europesays.com\/fr\/wp-json\/wp\/v2\/posts"}],"about":[{"href":"https:\/\/www.europesays.com\/fr\/wp-json\/wp\/v2\/types\/post"}],"author":[{"embeddable":true,"href":"https:\/\/www.europesays.com\/fr\/wp-json\/wp\/v2\/users\/2"}],"replies":[{"embeddable":true,"href":"https:\/\/www.europesays.com\/fr\/wp-json\/wp\/v2\/comments?post=284739"}],"version-history":[{"count":0,"href":"https:\/\/www.europesays.com\/fr\/wp-json\/wp\/v2\/posts\/284739\/revisions"}],"wp:featuredmedia":[{"embeddable":true,"href":"https:\/\/www.europesays.com\/fr\/wp-json\/wp\/v2\/media\/284740"}],"wp:attachment":[{"href":"https:\/\/www.europesays.com\/fr\/wp-json\/wp\/v2\/media?parent=284739"}],"wp:term":[{"taxonomy":"category","embeddable":true,"href":"https:\/\/www.europesays.com\/fr\/wp-json\/wp\/v2\/categories?post=284739"},{"taxonomy":"post_tag","embeddable":true,"href":"https:\/\/www.europesays.com\/fr\/wp-json\/wp\/v2\/tags?post=284739"}],"curies":[{"name":"wp","href":"https:\/\/api.w.org\/{rel}","templated":true}]}}