{"id":284741,"date":"2025-07-30T16:53:06","date_gmt":"2025-07-30T16:53:06","guid":{"rendered":"https:\/\/www.europesays.com\/fr\/284741\/"},"modified":"2025-07-30T16:53:06","modified_gmt":"2025-07-30T16:53:06","slug":"a-rouen-une-exposition-explore-les-maisons-decrivains","status":"publish","type":"post","link":"https:\/\/www.europesays.com\/fr\/284741\/","title":{"rendered":"\u00c0 Rouen, une exposition explore les maisons d&rsquo;\u00e9crivains"},"content":{"rendered":"<p class=\"editor-content__paragraph\">Avez-vous d\u00e9j\u00e0 visit\u00e9 la maison de Balzac \u00e0 Paris ou celle de George Sand \u00e0 Nohant\u00a0? Dans ces lieux mus\u00e9ifi\u00e9s, <strong>l\u2019\u00e2me des auteurs<\/strong> semble appara\u00eetre dans chaque meuble et bibelot, dont on imagine qu\u2019ils ont \u00e9t\u00e9 les t\u00e9moins de l\u2019\u00e9criture des chefs-d\u2019\u0153uvre de la litt\u00e9rature fran\u00e7aise. En France, <strong>82\u00a0maisons d\u2019\u00e9crivains<\/strong> ont ainsi ouvert leurs portes au public entre 1950\u00a0et 2010.<\/p>\n<p class=\"editor-content__paragraph\">Ce ph\u00e9nom\u00e8ne indique \u00e0 la fois une curiosit\u00e9 sinc\u00e8re du public fran\u00e7ais, et un <strong>immense travail de reconstitution<\/strong> pour retrouver l\u2019identit\u00e9 de ces maisons, parfois laiss\u00e9es \u00e0 l\u2019abandon pendant des d\u00e9cennies. C\u2019est justement cette \u00ab\u00a0reconstruction\u00a0\u00bb qui est \u00e0 l\u2019honneur dans l\u2019<strong>exposition \u00ab\u00a0Le g\u00e9nie des lieux. Corneille, Flaubert, Maeterlinck\u00a0\u00bb<\/strong> au mus\u00e9e Flaubert et d\u2019Histoire de la m\u00e9decine \u00e0 Rouen.<\/p>\n<p>        \u00c0 lire aussi :<br \/>\n        <a class=\"renvoi-explicite__link\" href=\"https:\/\/www.beauxarts.com\/expos\/a-rouen-comment-la-fleche-de-la-cathedrale-a-ete-reconstruite\/\" target=\"_blank\" rel=\"noopener\">\u00c0 Rouen, comment la fl\u00e8che de la cath\u00e9drale a \u00e9t\u00e9 reconstruite<\/a><\/p>\n<p>La \u00ab\u00a0reconstruction\u00a0\u00bb en question<\/p>\n<p class=\"editor-content__paragraph\">Celui-ci participe par ce biais \u00e0 une <strong>programmation commune \u00e0 cinq mus\u00e9es de la m\u00e9tropole de Rouen<\/strong> \u2013 avec la <a href=\"https:\/\/www.beauxarts.com\/expos\/la-corderie-vallois-met-en-lumiere-la-reconstruction-dune-usine-et-le-retour-a-la-vie-de-ses-ouvriers\/\" target=\"_blank\" rel=\"noopener\">Corderie Vallois<\/a>, le <a href=\"https:\/\/www.beauxarts.com\/expos\/a-rouen-comment-la-fleche-de-la-cathedrale-a-ete-reconstruite\/\" target=\"_blank\" rel=\"noopener\">mus\u00e9e des Beaux-Arts<\/a>, le<a href=\"https:\/\/www.beauxarts.com\/expos\/a-rouen-le-musee-de-la-ceramique-met-a-lhonneur-des-objets-brises\/\" target=\"_blank\" rel=\"noopener\"> mus\u00e9e de la C\u00e9ramique<\/a> et la <a href=\"https:\/\/www.beauxarts.com\/expos\/a-la-fabrique-des-savoirs-delbeuf-sur-seine-la-reconstruction-des-villes-en-question\/\" target=\"_blank\" rel=\"noopener\">Fabrique des savoirs<\/a>. Intitul\u00e9e \u00ab\u00a0Le Temps des Collections\u00a0\u00bb, elle r\u00e9unit <strong>cinq expositions gratuites<\/strong> mettant en valeur les collections rouennaises, et ayant pour th\u00e8me commun la reconstruction.<\/p>\n<p class=\"editor-content__paragraph\">Ici, donc, place \u00e0 la reconstruction des <strong>maisons d\u2019\u00e9crivains<\/strong>. Le parcours se compose de maquettes mais aussi de v\u00eatements et d\u2019objets ayant appartenu aux auteurs <strong>Pierre Corneille<\/strong> (1606\u20131684), <strong>Gustave Flaubert<\/strong> (1821\u20131880) et <strong>Maurice Maeterlinck<\/strong> (1862\u20131949).<\/p>\n<p>    <img loading=\"lazy\" decoding=\"async\" class=\"image__img\" src=\"https:\/\/www.europesays.com\/fr\/wp-content\/uploads\/2025\/07\/maison-des-champs-pierre-corneille-964x867.jpg\" alt=\"Maison de Pierre et Thomas Corneille rue de la Pie\" width=\"964\" height=\"867\"\/><\/p>\n<p>Maison de Pierre et Thomas Corneille rue de la Pie<\/p>\n<p>    i<\/p>\n<p class=\"legende__cartel\">\u00a9 Y. DESLANDES \/ R\u00e9union des Mus\u00e9es M\u00e9tropolitains Rouen Normandie<\/p>\n<p class=\"editor-content__paragraph\">Tous trois ont<strong> la Normandie en commun<\/strong>, pour \u00eatre n\u00e9 ou pour y avoir v\u00e9cu, et surtout pour avoir, \u00e0 partir d\u2019elle, <strong>\u00e9crit des \u0153uvres majeures<\/strong> \u2013 comme pour Flaubert Madame Bovary (1857), mais aussi Novembre (1842), dont le manuscrit est pr\u00e9sent\u00e9 pour l\u2019occasion.<\/p>\n<p>        \u00c0 lire aussi :<br \/>\n        <a class=\"renvoi-explicite__link\" href=\"https:\/\/www.beauxarts.com\/lifestyle\/flaner-a-rouen-dans-les-pas-de-flaubert\/\" target=\"_blank\" rel=\"noopener\">Fl\u00e2ner \u00e0 Rouen dans les pas de Flaubert<\/a><\/p>\n<p>M\u00e9decine et jeux pour enfants<\/p>\n<p>    <img loading=\"lazy\" decoding=\"async\" class=\"image__img\" src=\"https:\/\/www.europesays.com\/fr\/wp-content\/uploads\/2025\/07\/st-wandrille-2-964x635.jpg\" alt=\"Georges-Antoine Rochegrosse, Cabinet de travail de Flaubert \u00e0 Croisset\" width=\"964\" height=\"635\"\/><\/p>\n<p>Georges-Antoine Rochegrosse, Cabinet de travail de Flaubert \u00e0 Croisset, 1874<\/p>\n<p>    i<\/p>\n<p class=\"legende__cartel\">\u00a9 R\u00e9union des mus\u00e9es m\u00e9tropolitains Rouen Normandie<\/p>\n<p class=\"editor-content__paragraph\">Si nous sommes dans le mus\u00e9e qui porte le nom de Flaubert (il y est n\u00e9 et y a grandi), nous sommes aussi<strong> dans le logement de fonction du chirurgien-chef<\/strong> de l\u2019H\u00f4tel-Dieu \u2013 son p\u00e8re. Une salle est donc consacr\u00e9e \u00e0 des<strong> \u00e9l\u00e9ments d\u2019\u00e9tudes de la science anatomique<\/strong>, tels que des mannequins ou des ouvrages scientifiques du XVIe si\u00e8cle, t\u00e9moignages de la double ambition de cette maison-mus\u00e9e.<\/p>\n<p class=\"editor-content__paragraph\">Enfin, on notera qu\u2019en d\u00e9pit de ses explorations s\u00e9rieuses, \u00e0 la fois litt\u00e9raires et m\u00e9dicales, l\u2019exposition s\u2019ouvre aux plus jeunes puisqu\u2019elle propose aussi <strong>des jeux, des panneaux \u00e0 hauteur d\u2019enfants<\/strong>, et m\u00eame <strong>un petit coin lecture<\/strong> avec des mangas et des bandes dessin\u00e9es.<\/p>\n<p>        \u00c0 lire aussi :<br \/>\n        <a class=\"renvoi-explicite__link\" href=\"https:\/\/www.beauxarts.com\/expos\/a-rouen-le-musee-de-la-ceramique-met-a-lhonneur-des-objets-brises\/\" target=\"_blank\" rel=\"noopener\">\u00c0 Rouen, le mus\u00e9e de la C\u00e9ramique met \u00e0 l\u2019honneur des objets bris\u00e9s<\/a><\/p>\n<p>  Arrow<\/p>\n<p>Le Temps des Collections XII \u2013 Le G\u00e9nie des lieux. Corneille, Flaubert, Maeterlinck<\/p>\n<p class=\"url-expo\"><a href=\"https:\/\/museepierrecorneille.fr\/fr\/expositions\/le-temps-des-collections-reconstruire\" target=\"_blank\" rel=\"noopener\">museepierrecorneille.fr<\/a><\/p>\n<p class=\"annexe-content__infos\">Mus\u00e9e Flaubert et d\u2019histoire de la m\u00e9decine \u2022 51 Rue de Lecat \u2022 76000 Rouen<br \/><a href=\"https:\/\/rouen.fr\/medecine\" target=\"_blank\" rel=\"noopener\">rouen.fr<\/a><\/p>\n<p>  Arrow<\/p>\n<p>Sur les r\u00e9seaux sociaux<\/p>\n","protected":false},"excerpt":{"rendered":"Avez-vous d\u00e9j\u00e0 visit\u00e9 la maison de Balzac \u00e0 Paris ou celle de George Sand \u00e0 Nohant\u00a0? Dans ces&hellip;\n","protected":false},"author":2,"featured_media":284742,"comment_status":"","ping_status":"","sticky":false,"template":"","format":"standard","meta":{"footnotes":""},"categories":[9587],"tags":[1111,11,1777,674,1011,27,12,5161,4579,25,9590],"class_list":{"0":"post-284741","1":"post","2":"type-post","3":"status-publish","4":"format-standard","5":"has-post-thumbnail","7":"category-rouen","8":"tag-actu","9":"tag-actualites","10":"tag-eu","11":"tag-europe","12":"tag-fr","13":"tag-france","14":"tag-news","15":"tag-normandie","16":"tag-partenaire","17":"tag-republique-francaise","18":"tag-rouen"},"share_on_mastodon":{"url":"https:\/\/pubeurope.com\/@fr\/114943230387285019","error":""},"_links":{"self":[{"href":"https:\/\/www.europesays.com\/fr\/wp-json\/wp\/v2\/posts\/284741","targetHints":{"allow":["GET"]}}],"collection":[{"href":"https:\/\/www.europesays.com\/fr\/wp-json\/wp\/v2\/posts"}],"about":[{"href":"https:\/\/www.europesays.com\/fr\/wp-json\/wp\/v2\/types\/post"}],"author":[{"embeddable":true,"href":"https:\/\/www.europesays.com\/fr\/wp-json\/wp\/v2\/users\/2"}],"replies":[{"embeddable":true,"href":"https:\/\/www.europesays.com\/fr\/wp-json\/wp\/v2\/comments?post=284741"}],"version-history":[{"count":0,"href":"https:\/\/www.europesays.com\/fr\/wp-json\/wp\/v2\/posts\/284741\/revisions"}],"wp:featuredmedia":[{"embeddable":true,"href":"https:\/\/www.europesays.com\/fr\/wp-json\/wp\/v2\/media\/284742"}],"wp:attachment":[{"href":"https:\/\/www.europesays.com\/fr\/wp-json\/wp\/v2\/media?parent=284741"}],"wp:term":[{"taxonomy":"category","embeddable":true,"href":"https:\/\/www.europesays.com\/fr\/wp-json\/wp\/v2\/categories?post=284741"},{"taxonomy":"post_tag","embeddable":true,"href":"https:\/\/www.europesays.com\/fr\/wp-json\/wp\/v2\/tags?post=284741"}],"curies":[{"name":"wp","href":"https:\/\/api.w.org\/{rel}","templated":true}]}}