{"id":284743,"date":"2025-07-30T16:54:12","date_gmt":"2025-07-30T16:54:12","guid":{"rendered":"https:\/\/www.europesays.com\/fr\/284743\/"},"modified":"2025-07-30T16:54:12","modified_gmt":"2025-07-30T16:54:12","slug":"une-onzieme-recrue-a-rouen-villefranche-soffre-une-revelation-de-n2-off","status":"publish","type":"post","link":"https:\/\/www.europesays.com\/fr\/284743\/","title":{"rendered":"une onzi\u00e8me recrue \u00e0 Rouen, Villefranche s\u2019offre une r\u00e9v\u00e9lation de N2 (off)"},"content":{"rendered":"<p>Zapping Foot National Entretien &#8211; Les dessous du football amateur, avec Romain Molina<\/p>\n<p>Les heures se suivent et se ressemblent au sein de la troisi\u00e8me division tricolore. Ce mercredi 30 juillet, deux clubs de National ont effectivement annonc\u00e9 une nouvelle arriv\u00e9e en vue de la saison 2025-2026, qui d\u00e9marrera la semaine prochaine. Le FC Rouen a d\u00e9voil\u00e9 l\u2019identit\u00e9 de sa onzi\u00e8me recrue de l\u2019\u00e9t\u00e9 avec Melvin Borne. Le lat\u00e9ral gauche form\u00e9 au Stade de Reims \u00e9voluait avec la r\u00e9serve du club rel\u00e9gu\u00e9 en Ligue 2 la saison derni\u00e8re. Le joueur de 20 ans avait rejoint le club champenois en 2018, apr\u00e8s deux ann\u00e9es pass\u00e9es au CS Sedan Ardennes. Il d\u00e9couvrira le National.\u00a0<\/p>\n<p>Le FCVB renforce son flanc offensif<\/p>\n<p>Un offensif en Calade. Pendant ce temps, le FC Villefranche-Beaujolais a officialis\u00e9 la signature de l\u2019une des belles surprises de la derni\u00e8re saison de National 2. Auteur de treize r\u00e9alisations et sept passes d\u00e9cisives avec le FC Balagne l\u2019ann\u00e9e pass\u00e9e, Mohamed Fernandez est d\u00e9sormais un Tigre. L\u2019attaquant de 22 ans est notamment pass\u00e9 par Marignane Gignac ou encore Istres.\u00a0<\/p>\n<p>Partagez cette info avec vos amis et vos proches en cliquant ici<br \/>Pour r\u00e9sumer<\/p>\n<p>Les heures se suivent et se ressemblent au sein de la troisi\u00e8me division tricolore. Ce mercredi 30 juillet, deux clubs de National ont effectivement annonc\u00e9 une nouvelle arriv\u00e9e en vue de la saison 2025-2026, qui d\u00e9marrera la semaine prochaine.<\/p>\n<p> <img decoding=\"async\" width=\"76\" height=\"76\" loading=\"lazy\" src=\"https:\/\/static.wui.fr\/images_v3\/avatar-footnational.png\" alt=\"Youcef Ghalaza-Boudra\"\/><\/p>\n","protected":false},"excerpt":{"rendered":"Zapping Foot National Entretien &#8211; Les dessous du football amateur, avec Romain Molina Les heures se suivent et&hellip;\n","protected":false},"author":2,"featured_media":284744,"comment_status":"","ping_status":"","sticky":false,"template":"","format":"standard","meta":{"footnotes":""},"categories":[9587],"tags":[1111,11,1777,674,1011,27,12,5161,25,9590],"class_list":{"0":"post-284743","1":"post","2":"type-post","3":"status-publish","4":"format-standard","5":"has-post-thumbnail","7":"category-rouen","8":"tag-actu","9":"tag-actualites","10":"tag-eu","11":"tag-europe","12":"tag-fr","13":"tag-france","14":"tag-news","15":"tag-normandie","16":"tag-republique-francaise","17":"tag-rouen"},"share_on_mastodon":{"url":"https:\/\/pubeurope.com\/@fr\/114943234317570630","error":""},"_links":{"self":[{"href":"https:\/\/www.europesays.com\/fr\/wp-json\/wp\/v2\/posts\/284743","targetHints":{"allow":["GET"]}}],"collection":[{"href":"https:\/\/www.europesays.com\/fr\/wp-json\/wp\/v2\/posts"}],"about":[{"href":"https:\/\/www.europesays.com\/fr\/wp-json\/wp\/v2\/types\/post"}],"author":[{"embeddable":true,"href":"https:\/\/www.europesays.com\/fr\/wp-json\/wp\/v2\/users\/2"}],"replies":[{"embeddable":true,"href":"https:\/\/www.europesays.com\/fr\/wp-json\/wp\/v2\/comments?post=284743"}],"version-history":[{"count":0,"href":"https:\/\/www.europesays.com\/fr\/wp-json\/wp\/v2\/posts\/284743\/revisions"}],"wp:featuredmedia":[{"embeddable":true,"href":"https:\/\/www.europesays.com\/fr\/wp-json\/wp\/v2\/media\/284744"}],"wp:attachment":[{"href":"https:\/\/www.europesays.com\/fr\/wp-json\/wp\/v2\/media?parent=284743"}],"wp:term":[{"taxonomy":"category","embeddable":true,"href":"https:\/\/www.europesays.com\/fr\/wp-json\/wp\/v2\/categories?post=284743"},{"taxonomy":"post_tag","embeddable":true,"href":"https:\/\/www.europesays.com\/fr\/wp-json\/wp\/v2\/tags?post=284743"}],"curies":[{"name":"wp","href":"https:\/\/api.w.org\/{rel}","templated":true}]}}