{"id":284745,"date":"2025-07-30T16:55:46","date_gmt":"2025-07-30T16:55:46","guid":{"rendered":"https:\/\/www.europesays.com\/fr\/284745\/"},"modified":"2025-07-30T16:55:46","modified_gmt":"2025-07-30T16:55:46","slug":"des-janvier-les-foyers-ouverts-seront-interdits-dans-pres-de-300-communes-en-isere","status":"publish","type":"post","link":"https:\/\/www.europesays.com\/fr\/284745\/","title":{"rendered":"d\u00e8s janvier, les foyers ouverts seront interdits dans pr\u00e8s de 300 communes en Is\u00e8re"},"content":{"rendered":"<p>D\u00e8s le 1er \u00a0janvier 2026, l\u2019Is\u00e8re franchira une nouvelle \u00e9tape dans la lutte contre la pollution de l\u2019air. \u00c0 cette date, les appareils de chauffage \u00e0 foyer ouvert seront interdits dans <a href=\"https:\/\/www.ledauphine.com\/environnement\/2024\/10\/05\/isere-chauffage-au-bois-ces-communes-ou-les-cheminees-a-foyer-ouvert-seront-interdites-en-2026\" target=\"_blank\" rel=\"noopener\">175 nouvelles communes<\/a>, sur les communaut\u00e9s de communes de Bi\u00e8vre Est, Bi\u00e8vre Is\u00e8re Communaut\u00e9, des Vals du Dauphin\u00e9, du Tri\u00e8ves et de Saint-Marcellin Vercors Is\u00e8re.<\/p>\n<p>Une mesure effective depuis <a href=\"https:\/\/www.ledauphine.com\/environnement\/2024\/10\/01\/voici-les-123-communes-en-isere-ou-l-utilisation-des-foyers-ouverts-est-desormais-interdite\" target=\"_blank\" rel=\"noopener\"> octobre\u00a02024 dans 123 communes<\/a> de Grenoble Alpes M\u00e9tropole, du Gr\u00e9sivaudan et du Pays Voironnais, \u00e0 laquelle vient de s\u2019ajouter une nouvelle r\u00e9gulation, ce lundi 28\u00a0juillet\u00a0: l\u2019interdiction sera \u00e9tendue aux foyers ferm\u00e9s (vieux po\u00eales et inserts) ant\u00e9rieurs \u00e0 2002.<\/p>\n<p>Cette nouvelle extension vise \u00e0 r\u00e9duire les \u00e9missions annuelles de particules fines, dont <a href=\"https:\/\/www.ledauphine.com\/economie\/2024\/01\/19\/isere-vous-vous-chauffez-au-bois-voici-ce-qui-va-changer-pour-vous-et-quand\" target=\"_blank\" rel=\"noopener\">le chauffage au bois<\/a> repr\u00e9sente \u00e0 lui seul 70\u00a0%, selon Atmo Auvergne-Rh\u00f4ne-Alpes (observatoire de la qualit\u00e9 de l\u2019air). En cause\u00a0: une aggravation des maladies respiratoires, cardiovasculaires et une augmentation des risques de certains cancers.<\/p>\n<p>  Des aides financi\u00e8res toujours disponibles<\/p>\n<p>Pour les habitants concern\u00e9s qui souhaitent continuer de se chauffer au bois, des aides financi\u00e8res gouvernementales existent, comme <a href=\"https:\/\/www.maprimerenov.gouv.fr\/prweb\/PRAuth\/app\/AIDES\/BPNVwCpLW8TKW49zoQZpAw*\/!STANDARD\" target=\"_blank\" rel=\"noopener\">MaPrimeR\u00e9nov\u2019<\/a>, les Certificats d\u2019\u00e9conomie d\u2019\u00e9nergie ou l\u2019\u00e9co-pr\u00eat \u00e0 taux z\u00e9ro. Les habitants concern\u00e9s par cette interdiction se verront \u00e9galement proposer une prime Air bois par les collectivit\u00e9s, dont le montant d\u00e9pendra du type de chauffage et du revenu des m\u00e9nages.<\/p>\n<p>Ce dispositif est conditionn\u00e9 par le remplacement des vieux appareils (avant 2002) par des mod\u00e8les labellis\u00e9s \u201cFlamme verte\u201d ou \u00e9quivalent \u2013 \u00e0 tr\u00e8s bon rendement \u00e9nerg\u00e9tique et peu g\u00e9n\u00e9rateurs de polluants atmosph\u00e9riques \u2013 et install\u00e9s par un professionnel Reconnu garant de l\u2019environnement (RGE).<\/p>\n<p>Cette r\u00e9glementation s\u2019inscrit dans le Plan de protection de l\u2019atmosph\u00e8re (PPA) de Grenoble Alpes Dauphin\u00e9. Elle impose d\u00e9j\u00e0, depuis janvier\u00a02023, que toute vente immobili\u00e8re dans les communes du PPA mentionne l\u2019\u00e9tat du chauffage au bois via un certificat de conformit\u00e9.<\/p>\n<p>\u00c0 noter que le 1er janvier 2030, les foyers ferm\u00e9s ant\u00e9rieurs \u00e0 2002 devraient \u00eatre interdits dans toutes ces communes.<\/p>\n","protected":false},"excerpt":{"rendered":"D\u00e8s le 1er \u00a0janvier 2026, l\u2019Is\u00e8re franchira une nouvelle \u00e9tape dans la lutte contre la pollution de l\u2019air.&hellip;\n","protected":false},"author":2,"featured_media":284746,"comment_status":"","ping_status":"","sticky":false,"template":"","format":"standard","meta":{"footnotes":""},"categories":[9566],"tags":[1111,11,2430,12919,33,115,112,113,116,111,114,893,436,1777,674,1011,27,2731,108,12,25],"class_list":{"0":"post-284745","1":"post","2":"type-post","3":"status-publish","4":"format-standard","5":"has-post-thumbnail","7":"category-grenoble","8":"tag-actu","9":"tag-actualites","10":"tag-auvergne-rhone-alpes","11":"tag-bourgoin-jallieu","12":"tag-economie","13":"tag-edition-bourgoin-jallieu-nord-dauphine","14":"tag-edition-grenoble-agglomeration","15":"tag-edition-gresivaudan-oisans","16":"tag-edition-la-tour-du-pin-nord-dauphine","17":"tag-edition-vienne-roussillon","18":"tag-edition-voiron-saint-marcellin","19":"tag-energie","20":"tag-environnement","21":"tag-eu","22":"tag-europe","23":"tag-fr","24":"tag-france","25":"tag-grenoble","26":"tag-isere","27":"tag-news","28":"tag-republique-francaise"},"share_on_mastodon":{"url":"https:\/\/pubeurope.com\/@fr\/114943238227007709","error":""},"_links":{"self":[{"href":"https:\/\/www.europesays.com\/fr\/wp-json\/wp\/v2\/posts\/284745","targetHints":{"allow":["GET"]}}],"collection":[{"href":"https:\/\/www.europesays.com\/fr\/wp-json\/wp\/v2\/posts"}],"about":[{"href":"https:\/\/www.europesays.com\/fr\/wp-json\/wp\/v2\/types\/post"}],"author":[{"embeddable":true,"href":"https:\/\/www.europesays.com\/fr\/wp-json\/wp\/v2\/users\/2"}],"replies":[{"embeddable":true,"href":"https:\/\/www.europesays.com\/fr\/wp-json\/wp\/v2\/comments?post=284745"}],"version-history":[{"count":0,"href":"https:\/\/www.europesays.com\/fr\/wp-json\/wp\/v2\/posts\/284745\/revisions"}],"wp:featuredmedia":[{"embeddable":true,"href":"https:\/\/www.europesays.com\/fr\/wp-json\/wp\/v2\/media\/284746"}],"wp:attachment":[{"href":"https:\/\/www.europesays.com\/fr\/wp-json\/wp\/v2\/media?parent=284745"}],"wp:term":[{"taxonomy":"category","embeddable":true,"href":"https:\/\/www.europesays.com\/fr\/wp-json\/wp\/v2\/categories?post=284745"},{"taxonomy":"post_tag","embeddable":true,"href":"https:\/\/www.europesays.com\/fr\/wp-json\/wp\/v2\/tags?post=284745"}],"curies":[{"name":"wp","href":"https:\/\/api.w.org\/{rel}","templated":true}]}}