{"id":284747,"date":"2025-07-30T16:56:28","date_gmt":"2025-07-30T16:56:28","guid":{"rendered":"https:\/\/www.europesays.com\/fr\/284747\/"},"modified":"2025-07-30T16:56:28","modified_gmt":"2025-07-30T16:56:28","slug":"le-mensonge-electoraliste-torpille-par-le-president-du-syndicat-des-transports","status":"publish","type":"post","link":"https:\/\/www.europesays.com\/fr\/284747\/","title":{"rendered":"LE MENSONGE \u00c9LECTORALISTE TORPILL\u00c9 PAR LE PR\u00c9SIDENT DU SYNDICAT DES TRANSPORTS"},"content":{"rendered":"<p>Posted On 30 juillet 2025 <\/p>\n<p style=\"text-align: justify;\"><a target=\"_blank\" href=\"https:\/\/c.ledauphine.com\/transport\/2025\/07\/28\/isere-sylvain-laval-promettre-la-gratuite-de-nos-transports-en-commun-c-est-mentir-aux-gens\" rel=\"noopener\">Dans un entretien bilan accord\u00e9 \u00e0 Eve Moulinier, du Dauphin\u00e9 Lib\u00e9r\u00e9<\/a>, le Pr\u00e9sident du syndicat des transports (SMMAG), Sylvain Laval, ne m\u00e2che pas ses mots. Il torpille une nouvelle fois la promesse de \u00ab\u00a0gratuit\u00e9\u00a0\u00bb, ch\u00e8re \u00e0 Eric Piolle, la qualifiant de mensonge \u00e9lectoraliste, et fustige une d\u00e9magogie dangereuse de la part des Verts\/LFI.<\/p>\n<p>\u00ab PROMETTRE LA GRATUIT\u00c9, C&rsquo;EST MENTIR AUX GENS ! \u00bb<\/p>\n<p style=\"text-align: justify;\">\u00ab\u00a0J\u2019ai bien vu les r\u00e9centes d\u00e9clarations d\u2019Eric Piolle, et je ne doute pas que ceux qui veulent prendre sa rel\u00e8ve vont l\u2019avoir dans leur programme \u00e9lectoral pour les municipales de 2026. Mais, je le dis clairement : promettre la gratuit\u00e9 de nos transports en commun, c\u2019est mentir aux gens !\u00a0\u00bb : le message de Sylvain Laval est clair et net. \u00c0 8 mois des \u00e9lections, il alerte d\u00e9j\u00e0 sur ce genre de promesse\u00a0\u00ab\u00a0\u00e0 des fins \u00e9lectorales\u00a0\u00bb alors qu&rsquo;elles ne seront pas tenues.<\/p>\n<p><a href=\"https:\/\/i2.wp.com\/grenoble-le-changement.fr\/wp-content\/uploads\/2024\/11\/Capture-de\u0301cran-2024-11-10-a\u0300-14.50.48.png?ssl=1\" rel=\"lightbox[83610] noopener\" target=\"_blank\"><img loading=\"lazy\" decoding=\"async\" class=\" wp-image-77719 jetpack-lazy-image\" src=\"https:\/\/i2.wp.com\/grenoble-le-changement.fr\/wp-content\/uploads\/2024\/11\/Capture-de\u0301cran-2024-11-10-a\u0300-14.50.48.png?resize=588%2C406&amp;ssl=1\" alt=\"\" width=\"588\" height=\"406\" data-recalc-dims=\"1\" data-lazy-src=\"https:\/\/i2.wp.com\/grenoble-le-changement.fr\/wp-content\/uploads\/2024\/11\/Capture-de\u0301cran-2024-11-10-a\u0300-14.50.48.png?resize=588%2C406&amp;is-pending-load=1#038;ssl=1\" \/><\/a>Sylvain Laval, vice-pr\u00e9sident de la m\u00e9tropole et pr\u00e9sident du syndicat des transports (SMMAG).<br \/>\nLE DISQUE RAY\u00c9 DE LA GRATUIT\u00c9<\/p>\n<p style=\"text-align: justify;\">Il faut dire que cette \u00ab\u00a0gratuit\u00e9\u00a0\u00bb est la plus vieille arnaque des Piollistes. En 2014, ils promettaient les transports gratuits pour les 18-25 ans. En 2020, c&rsquo;\u00e9tait la \u00ab\u00a0gratuit\u00e9\u00a0\u00bb pour tous le week-end. Dix ans plus tard, rien. Si ce n&rsquo;est <a href=\"https:\/\/grenoble-le-changement.fr\/2024\/09\/25\/gratuite-des-moins-aises-les-contribuables-payent-le-coup-de-comm\/\" target=\"_blank\" rel=\"noopener\">une maigre \u00ab\u00a0gratuit\u00e9\u00a0\u00bb pour les plus pr\u00e9caires au niveau de la ville de Grenoble.<\/a>.. avec un syst\u00e8me tellement usine \u00e0 gaz qu&rsquo;ils ont eu pr\u00e8s de 0 demande d&rsquo;usager depuis la mise en place !<\/p>\n<p style=\"text-align: justify;\">Pourtant, pendant six ans (2014-2020) les Verts\/LFI ont eu toutes les manettes pour mener \u00e0 bien leurs engagements, avec la Ville, la M\u00e9tropole et m\u00eame le SMMAG pr\u00e9sid\u00e9 par leur fid\u00e8le lieutenant Yann Mongaburu (Verts\/ADES). Une d\u00e9cennie de promesses en l&rsquo;air et de communication, sans aucune concr\u00e9tisation.\u00a0<\/p>\n<p>LES VERTS PR\u00c9VOIENT EUX-M\u00caMES LA NON-GRATUIT\u00c9<\/p>\n<p style=\"text-align: justify;\">Comble de l&rsquo;hypocrisie : le Plan de D\u00e9placements Urbains (PDU), \u00e9labor\u00e9 et vot\u00e9 par la majorit\u00e9 Piolle en 2019, <a href=\"https:\/\/grenoble-le-changement.fr\/2023\/02\/10\/et-revoila-la-farce-de-la-gratuite-des-transports\/\" target=\"_blank\" rel=\"noopener\">pr\u00e9voit noir sur blanc que la participation des usagers (les tickets et abonnements) devra couvrir 31% des co\u00fbts d&rsquo;exploitation en 2030<\/a>, contre 28% en 2016. Ils pr\u00f4nent donc publiquement la \u00ab\u00a0gratuit\u00e9\u00a0\u00bb tout en planifiant dans leurs sch\u00e9mas directeurs une hausse de la part pay\u00e9e par l&rsquo;usager. Une schizophr\u00e9nie politique qui illustre parfaitement la duplicit\u00e9 du syst\u00e8me Piolle.<\/p>\n<p><a href=\"https:\/\/i2.wp.com\/grenoble-le-changement.fr\/wp-content\/uploads\/2023\/02\/image_2023-02-09_164808305.png?ssl=1\" rel=\"lightbox[83610] noopener\" target=\"_blank\"><img loading=\"lazy\" decoding=\"async\" class=\" wp-image-58198 jetpack-lazy-image\" src=\"https:\/\/i2.wp.com\/grenoble-le-changement.fr\/wp-content\/uploads\/2023\/02\/image_2023-02-09_164808305.png?resize=467%2C441&amp;ssl=1\" alt=\"\" width=\"467\" height=\"441\" data-recalc-dims=\"1\" data-lazy-src=\"https:\/\/www.europesays.com\/fr\/wp-content\/uploads\/2025\/07\/image_2023-02-09_164808305.png\" \/><\/a>Le PDU impuls\u00e9 par Piolle, Yann Mongaburu et leur majorit\u00e9 rouge\/verte en 2019 enterre lui-m\u00eame la gratuit\u00e9.<br \/>\nMONTPELLIER, LA COMPARAISON QUI NE TIENT PAS<\/p>\n<p style=\"text-align: justify;\">Pour se justifier, les adeptes de la \u00ab\u00a0gratuit\u00e9\u00a0\u00bb citent souvent l&rsquo;exemple de Montpellier. Sylvain Laval balaie l&rsquo;argument : \u00ab\u00a0notre r\u00e9seau est tellement plus vaste que rien n&rsquo;est comparable\u00a0\u00bb. Le SMMAG g\u00e8re en effet un des plus vastes r\u00e9seaux de France hors \u00cele-de-France, s&rsquo;\u00e9tendant au Gr\u00e9sivaudan, avec des centaines de kilom\u00e8tres de lignes en plus par rapport \u00e0 Montpellier. Vouloir comparer ce maillage complexe avec celui d&rsquo;une ville bien moins \u00e9tendue est une malhonn\u00eatet\u00e9 intellectuelle destin\u00e9e \u00e0 tromper les moins bien inform\u00e9s.<\/p>\n<p>LA \u00ab\u00a0GRATUIT\u00c9\u00a0\u00bb AU PRIX D&rsquo;UN SERVICE D\u00c9GRAD\u00c9 ?<\/p>\n<p style=\"text-align: justify;\"><a target=\"_blank\" href=\"https:\/\/c.ledauphine.com\/transport\/2025\/07\/28\/isere-sylvain-laval-promettre-la-gratuite-de-nos-transports-en-commun-c-est-mentir-aux-gens\" rel=\"noopener\">Le pr\u00e9sident du SMMAG met en garde<\/a> : \u00ab\u00a0ceux qui promettent la gratuit\u00e9 ne sont pas honn\u00eates, ils ne disent jamais que la gratuit\u00e9 am\u00e8nerait forc\u00e9ment \u00e0 la d\u00e9gradation du service\u00a0\u00bb. Mettre en place cette mesure reviendrait \u00e0 renoncer au d\u00e9veloppement des lignes, au renouvellement des bus et trams ou \u00e0 l&rsquo;am\u00e9lioration des fr\u00e9quences, car cette \u00ab\u00a0gratuit\u00e9\u00a0\u00bb a un co\u00fbt, d&rsquo;o\u00f9 le fait que nous employons le terme entre guillemets. Et il est exorbitant.<\/p>\n<p>80 MILLIONS D&rsquo;EUROS : QUI POUR PAYER L&rsquo;ARDOISE ?<\/p>\n<p style=\"text-align: justify;\">L&rsquo;an dernier, le pr\u00e9sident de la M\u00e9tropole Christophe Ferrari l&rsquo;estimait entre 70 et 80 millions d&rsquo;euros par an. Une somme colossale qui, pour donner un ordre d&rsquo;id\u00e9e, repr\u00e9sente pr\u00e8s du double de ce que rapporte la hausse massive de la taxe fonci\u00e8re impos\u00e9e par Eric Piolle aux propri\u00e9taires grenoblois (environ 40 millions d&rsquo;euros par an). Rien n&rsquo;\u00e9tant gratuit, <a href=\"https:\/\/grenoble-le-changement.fr\/2023\/03\/02\/ferrari-enterre-la-gratuite-des-transports-et-torpille-piolle\/\" target=\"_blank\" rel=\"noopener\">ce serait encore le contribuable qui finirait par passer \u00e0 la caisse<\/a>.<\/p>\n<p><a href=\"https:\/\/i0.wp.com\/grenoble-le-changement.fr\/wp-content\/uploads\/2024\/12\/bruno-bernard-gratuite-transport.png?ssl=1\" rel=\"lightbox[83610] noopener\" target=\"_blank\"><img loading=\"lazy\" decoding=\"async\" class=\" wp-image-78533 jetpack-lazy-image\" src=\"https:\/\/i0.wp.com\/grenoble-le-changement.fr\/wp-content\/uploads\/2024\/12\/bruno-bernard-gratuite-transport.png?resize=611%2C326&amp;ssl=1\" alt=\"\" width=\"611\" height=\"326\" data-recalc-dims=\"1\" data-lazy-src=\"https:\/\/www.europesays.com\/fr\/wp-content\/uploads\/2025\/07\/bruno-bernard-gratuite-transport.png\" \/><\/a>Bruno Bernard, pr\u00e9sident Vert de la m\u00e9tropole de Lyon, qui a lui l&rsquo;honn\u00eatet\u00e9 intellectuelle d&rsquo;aller au-del\u00e0 de la d\u00e9magogie \u00e9lectoraliste en d\u00e9fendant plut\u00f4t la tarification solidaire (d\u00e9j\u00e0 en place \u00e0 Grenoble). Ses camarades grenoblois feraient bien de s&rsquo;en inspirer.<br \/>\nLA GRATUIT\u00c9 SERAIT FINANC\u00c9E PAR L&rsquo;IMP\u00d4T<\/p>\n<p style=\"text-align: justify;\">Car <a href=\"https:\/\/grenoble-le-changement.fr\/2025\/06\/24\/droit-dans-le-mur-la-trajectoire-financiere-de-piolle-ruffin-demontee\/\" target=\"_blank\" rel=\"noopener\">les deux collectivit\u00e9s sont financi\u00e8rement exsangues<\/a>. La Ville de Grenoble comme la M\u00e9tropole cumulent une dette abyssale, et des d\u00e9penses de fonctionnement qui s&rsquo;envolent ann\u00e9es apr\u00e8s ann\u00e9es. Dans ce contexte, promettre la \u00ab\u00a0gratuit\u00e9\u00a0\u00bb rel\u00e8ve de l&rsquo;inconscience pure et simple car elle signifierait pour la financer une nouvelle et tr\u00e8s douloureuse augmentation des imp\u00f4ts, bien plus importante encore que la pr\u00e9c\u00e9dente d\u00e9j\u00e0 \u00e9crasante.\u00a0<\/p>\n<p>SMMAG : L&rsquo;H\u00c9RITAGE TOXIQUE DE LA GESTION VERTE\/LFI<\/p>\n<p style=\"text-align: justify;\"><a href=\"https:\/\/grenoble-le-changement.fr\/2025\/07\/10\/transports-un-mandat-consacre-a-eponger-les-degats-des-verts-lfi\/\" target=\"_blank\" rel=\"noopener\">Le SMMAG n&rsquo;a aucune marge de man\u0153uvre non plus<\/a>, et ce \u00e0 cause de la gestion calamiteuse de l&rsquo;\u00e8re Piolle\/Mongaburu (2014-2020). Ils ont laiss\u00e9 une dette abyssale et un retard sur leur propre plan de d\u00e9sendettement. En plus d&rsquo;\u00e9ponger cet h\u00e9ritage, le SMMAG doit aujourd&rsquo;hui investir d&rsquo;urgence 218 millions d&rsquo;euros pour renouveler des rames de tramway obsol\u00e8tes, une d\u00e9pense que les Verts n&rsquo;avaient pas anticip\u00e9e. Des retards d&rsquo;investissement et un niveau de dette qui oblit\u00e8rent aussi la possibilit\u00e9 de financer une \u00ab\u00a0gratuit\u00e9\u00a0\u00bb.<\/p>\n<p><a href=\"https:\/\/i2.wp.com\/grenoble-le-changement.fr\/wp-content\/uploads\/2024\/02\/dette-smmag-2024.png?ssl=1\" rel=\"lightbox[83610] noopener\" target=\"_blank\"><img loading=\"lazy\" decoding=\"async\" class=\" wp-image-71513 jetpack-lazy-image\" src=\"https:\/\/i2.wp.com\/grenoble-le-changement.fr\/wp-content\/uploads\/2024\/02\/dette-smmag-2024.png?resize=566%2C402&amp;ssl=1\" alt=\"\" width=\"566\" height=\"402\" data-recalc-dims=\"1\" data-lazy-src=\"https:\/\/www.europesays.com\/fr\/wp-content\/uploads\/2025\/07\/dette-smmag-2024.png\" \/><\/a>La dette \u00e9crasante du SMMAG et sa trajectoire de d\u00e9sendettement, h\u00e9ritage de Piolle\/Mongaburu que l&rsquo;on va se coltiner pour encore des ann\u00e9es.<br \/>\nUNE MESURE INUTILE POUR LE REPORT MODAL<\/p>\n<p style=\"text-align: justify;\">Pour couronner le tout, la \u00ab\u00a0gratuit\u00e9\u00a0\u00bb ne sert m\u00eame pas la cause \u00e9cologique. <a href=\"https:\/\/grenoble-le-changement.fr\/2023\/03\/28\/letude-qui-confirme-linutilite-de-la-gratuite-des-transports-grenoble\/\" target=\"_blank\" rel=\"noopener\">Une \u00e9tude conduite par le SMMAG en 2023<\/a> a d\u00e9montr\u00e9 que le report modal de la voiture vers les transports en commun serait quasi nul. Ce sont surtout les cyclistes et les pi\u00e9tons qui se tourneraient vers les transports \u00ab\u00a0gratuits\u00a0\u00bb. L&rsquo;enjeu pour convaincre les automobilistes est en fait de d\u00e9velopper le r\u00e9seau pour mieux desservir le territoire. Or, en 12 ans de gestion, les Verts\/LFI n&rsquo;ont pas r\u00e9alis\u00e9 un seul kilom\u00e8tre de tramway suppl\u00e9mentaire.<\/p>\n<p>LA GRATUIT\u00c9 N&rsquo;EXISTE PAS : LE CONTRIBUABLE PAYE TOUJOURS<\/p>\n<p style=\"text-align: justify;\">Il faut le r\u00e9p\u00e9ter : rien n&rsquo;est jamais gratuit. Derri\u00e8re chaque service pr\u00e9tendument \u00ab\u00a0offert\u00a0\u00bb, il y a un contribuable qui paye, par l&rsquo;imp\u00f4t ou par la dette que ses enfants devront rembourser. On peut \u00eatre favorable \u00e0 ce que la collectivit\u00e9 finance l&rsquo;int\u00e9gralit\u00e9 des transports, mais il faut alors l&rsquo;assumer et ne plus se plaindre du niveau \u00e9crasant des imp\u00f4ts \u00e0 Grenoble, ou de la d\u00e9gradation d&rsquo;autres services publics faute de moyens. La d\u00e9magogie Verts\/LFI ne met \u00e9videmment jamais en avant cet aspect pourtant essentiel \u00e0 la bonne information des \u00e9lecteurs.<\/p>\n","protected":false},"excerpt":{"rendered":"Posted On 30 juillet 2025 Dans un entretien bilan accord\u00e9 \u00e0 Eve Moulinier, du Dauphin\u00e9 Lib\u00e9r\u00e9, le Pr\u00e9sident&hellip;\n","protected":false},"author":2,"featured_media":284748,"comment_status":"","ping_status":"","sticky":false,"template":"","format":"standard","meta":{"footnotes":""},"categories":[9566],"tags":[1111,11,2430,5921,9604,1777,674,10608,1011,27,2731,12,25,13026,13027],"class_list":{"0":"post-284747","1":"post","2":"type-post","3":"status-publish","4":"format-standard","5":"has-post-thumbnail","7":"category-grenoble","8":"tag-actu","9":"tag-actualites","10":"tag-auvergne-rhone-alpes","11":"tag-bruno-bernard","12":"tag-christophe-ferrari","13":"tag-eu","14":"tag-europe","15":"tag-eve-moulinier","16":"tag-fr","17":"tag-france","18":"tag-grenoble","19":"tag-news","20":"tag-republique-francaise","21":"tag-sylvain-laval","22":"tag-yann-mongaburu"},"share_on_mastodon":{"url":"https:\/\/pubeurope.com\/@fr\/114943242078715617","error":""},"_links":{"self":[{"href":"https:\/\/www.europesays.com\/fr\/wp-json\/wp\/v2\/posts\/284747","targetHints":{"allow":["GET"]}}],"collection":[{"href":"https:\/\/www.europesays.com\/fr\/wp-json\/wp\/v2\/posts"}],"about":[{"href":"https:\/\/www.europesays.com\/fr\/wp-json\/wp\/v2\/types\/post"}],"author":[{"embeddable":true,"href":"https:\/\/www.europesays.com\/fr\/wp-json\/wp\/v2\/users\/2"}],"replies":[{"embeddable":true,"href":"https:\/\/www.europesays.com\/fr\/wp-json\/wp\/v2\/comments?post=284747"}],"version-history":[{"count":0,"href":"https:\/\/www.europesays.com\/fr\/wp-json\/wp\/v2\/posts\/284747\/revisions"}],"wp:featuredmedia":[{"embeddable":true,"href":"https:\/\/www.europesays.com\/fr\/wp-json\/wp\/v2\/media\/284748"}],"wp:attachment":[{"href":"https:\/\/www.europesays.com\/fr\/wp-json\/wp\/v2\/media?parent=284747"}],"wp:term":[{"taxonomy":"category","embeddable":true,"href":"https:\/\/www.europesays.com\/fr\/wp-json\/wp\/v2\/categories?post=284747"},{"taxonomy":"post_tag","embeddable":true,"href":"https:\/\/www.europesays.com\/fr\/wp-json\/wp\/v2\/tags?post=284747"}],"curies":[{"name":"wp","href":"https:\/\/api.w.org\/{rel}","templated":true}]}}