{"id":284749,"date":"2025-07-30T16:57:09","date_gmt":"2025-07-30T16:57:09","guid":{"rendered":"https:\/\/www.europesays.com\/fr\/284749\/"},"modified":"2025-07-30T16:57:09","modified_gmt":"2025-07-30T16:57:09","slug":"deux-seismes-en-bretagne-trois-agents-agresses-en-deux-semaines-a-la-prison-de-rennes-vezin-t-dans-lactu-fait-le-tour-de-linfo-en-video","status":"publish","type":"post","link":"https:\/\/www.europesays.com\/fr\/284749\/","title":{"rendered":"Deux s\u00e9ismes en Bretagne, trois agents agress\u00e9s en deux semaines \u00e0 la prison de Rennes-Vezin\u00a0: T dans l\u2019actu fait le tour de l\u2019info en vid\u00e9o"},"content":{"rendered":"<p>Au programme de notre \u00e9dition d\u2019actualit\u00e9s r\u00e9gionales de ce mercredi 30 juillet : trois agents ont \u00e9t\u00e9 agress\u00e9s en deux semaines \u00e0 la prison de Rennes-Vezin, \u00ab un syst\u00e8me qui craque de partout \u00bb, d\u00e9plore le syndicat FO, le festival Les enfants sont des princes est lanc\u00e9 \u00e0 Quimper, et on a test\u00e9 pour vous l\u2019assaut du fort de Bertheaume \u00e0 Plougonvelin.<\/p>\n<p>Et pour conclure cette \u00e9dition, notre journaliste Pauline Fercot, est \u00e0 Landerneau pour vous faire d\u00e9couvrir la nouvelle exposition du Fond H\u00e9l\u00e8ne et \u00c9douard Leclerc. Un \u00e9v\u00e9nement intitul\u00e9 \u201canimal ! ?\u201d o\u00f9 pr\u00e8s de 150 \u0153uvres de 130 artistes sont expos\u00e9es. Des pr\u00eats exceptionnels venus du Louvre, du Mus\u00e9e d\u2019Orsay, du centre Pompidou ou encore du mus\u00e9e Guggenheim\u2026 Allez suivez-nous, on vous fait visiter avec Christian Alandete, Commissaire de l\u2019exposition.<\/p>\n","protected":false},"excerpt":{"rendered":"Au programme de notre \u00e9dition d\u2019actualit\u00e9s r\u00e9gionales de ce mercredi 30 juillet : trois agents ont \u00e9t\u00e9 agress\u00e9s&hellip;\n","protected":false},"author":2,"featured_media":284750,"comment_status":"","ping_status":"","sticky":false,"template":"","format":"standard","meta":{"footnotes":""},"categories":[2821],"tags":[1111,11,829,1777,674,1011,27,12,584,25,13336,2955],"class_list":{"0":"post-284749","1":"post","2":"type-post","3":"status-publish","4":"format-standard","5":"has-post-thumbnail","7":"category-rennes","8":"tag-actu","9":"tag-actualites","10":"tag-bretagne","11":"tag-eu","12":"tag-europe","13":"tag-fr","14":"tag-france","15":"tag-news","16":"tag-rennes","17":"tag-republique-francaise","18":"tag-t-dans-lactu","19":"tag-videos"},"share_on_mastodon":{"url":"https:\/\/pubeurope.com\/@fr\/114943245926777225","error":""},"_links":{"self":[{"href":"https:\/\/www.europesays.com\/fr\/wp-json\/wp\/v2\/posts\/284749","targetHints":{"allow":["GET"]}}],"collection":[{"href":"https:\/\/www.europesays.com\/fr\/wp-json\/wp\/v2\/posts"}],"about":[{"href":"https:\/\/www.europesays.com\/fr\/wp-json\/wp\/v2\/types\/post"}],"author":[{"embeddable":true,"href":"https:\/\/www.europesays.com\/fr\/wp-json\/wp\/v2\/users\/2"}],"replies":[{"embeddable":true,"href":"https:\/\/www.europesays.com\/fr\/wp-json\/wp\/v2\/comments?post=284749"}],"version-history":[{"count":0,"href":"https:\/\/www.europesays.com\/fr\/wp-json\/wp\/v2\/posts\/284749\/revisions"}],"wp:featuredmedia":[{"embeddable":true,"href":"https:\/\/www.europesays.com\/fr\/wp-json\/wp\/v2\/media\/284750"}],"wp:attachment":[{"href":"https:\/\/www.europesays.com\/fr\/wp-json\/wp\/v2\/media?parent=284749"}],"wp:term":[{"taxonomy":"category","embeddable":true,"href":"https:\/\/www.europesays.com\/fr\/wp-json\/wp\/v2\/categories?post=284749"},{"taxonomy":"post_tag","embeddable":true,"href":"https:\/\/www.europesays.com\/fr\/wp-json\/wp\/v2\/tags?post=284749"}],"curies":[{"name":"wp","href":"https:\/\/api.w.org\/{rel}","templated":true}]}}