{"id":284753,"date":"2025-07-30T16:59:11","date_gmt":"2025-07-30T16:59:11","guid":{"rendered":"https:\/\/www.europesays.com\/fr\/284753\/"},"modified":"2025-07-30T16:59:11","modified_gmt":"2025-07-30T16:59:11","slug":"le-conseil-citoyen-du-port-du-rhin-tire-la-sonnette-dalarme","status":"publish","type":"post","link":"https:\/\/www.europesays.com\/fr\/284753\/","title":{"rendered":"le Conseil citoyen du Port-du-Rhin tire la sonnette d\u2019alarme"},"content":{"rendered":"<p>Le Conseil citoyen <a href=\"https:\/\/www.dna.fr\/environnement\/2025\/05\/17\/pollution-marche-les-habitants-du-port-du-rhin-echangent-sur-la-vie-dans-le-quartier\" target=\"_blank\" rel=\"noopener\">du Port-du-Rhin<\/a> alerte sur <a href=\"https:\/\/www.dna.fr\/environnement\/2025\/02\/18\/pollution-de-l-air-1-400-deces-pourraient-etre-evites-chaque-annee-en-alsace\" target=\"_blank\" rel=\"noopener\">les niveaux de pollution<\/a> mesur\u00e9s autour de l\u2019usine Blue Paper, situ\u00e9e \u00e0 moins de 100 m\u00e8tres des habitations. Dans un communiqu\u00e9 dat\u00e9 du 28\u00a0juillet 2025, il d\u00e9nonce \u00ab\u00a0une succession d\u2019alertes environnementales confirm\u00e9es par des sources officielles\u00a0\u00bb et une \u00ab\u00a0\u00e9valuation sanitaire jug\u00e9e tr\u00e8s largement insuffisante\u00a0\u00bb par la Mission r\u00e9gionale d\u2019autorit\u00e9 environnementale.<\/p>\n<p>Ce contenu est bloqu\u00e9 car vous n&rsquo;avez pas accept\u00e9 les cookies et autres traceurs.<\/p>\n<p>En cliquant sur \u00ab J\u2019accepte \u00bb, les cookies et autres traceurs seront d\u00e9pos\u00e9s et vous pourrez visualiser les contenus  (<a href=\"\" class=\"consentModule_policy\" target=\"_blank\" title=\"Consulter la politique de protection des donn\u00e9es du fournisseur\">plus d&rsquo;informations<\/a>).<\/p>\n<p>En cliquant sur \u00ab J\u2019accepte tous les cookies \u00bb, vous autorisez des d\u00e9p\u00f4ts de cookies et autres traceurs pour le stockage de vos donn\u00e9es sur nos sites et applications \u00e0 des fins de personnalisation et de ciblage publicitaire.<\/p>\n<p class=\"consentModule_secondaryText\">Vous gardez la possibilit\u00e9 de retirer votre consentement \u00e0 tout moment en consultant notre <a href=\"https:\/\/www.dna.fr\/protection-des-donnees\" target=\"_blank\" title=\"Consulter notre politique de protection des donn\u00e9es\" rel=\"noopener\">politique de protection des donn\u00e9es<\/a>. <br \/>&#13;<br \/>\n            <a href=\"https:\/\/www.dna.fr\/economie\/2025\/07\/30\/javascript:Didomi.notice.show()\" class=\"consentModule_cmp\" target=\"_blank\" rel=\"noopener\">G\u00e9rer mes choix<\/a>&#13;\n        <\/p>\n<p>&#13;<br \/>\n                        J&rsquo;accepte&#13;<br \/>\n            J&rsquo;accepte tous les cookies&#13;\n        <\/p>\n<p>L\u2019usine, qui utilise des combustibles solides de r\u00e9cup\u00e9ration (CSR), est vis\u00e9e par <a href=\"https:\/\/www.dna.fr\/economie\/2018\/01\/13\/investissement-chez-blue-paper-strasbourg-respire-met-en-garde-contre-les-oxydes-d-azote\" target=\"_blank\" rel=\"noopener\">plusieurs constats pr\u00e9occupants<\/a> \u00a0: d\u00e9passement des seuils de dioxines-furanes fin 2023, taux de monoxyde de carbone d\u00e9passant les 100\u00a0mg\/Nm\u00b3 depuis 2022, PCB anormalement \u00e9lev\u00e9s dans les fum\u00e9es\u2026<\/p>\n<p>  Une r\u00e9union publique demand\u00e9e<\/p>\n<p>Face \u00e0 cette situation, six demandes sont formul\u00e9es\u00a0: transparence des donn\u00e9es d\u2019\u00e9mission en open data, r\u00e9duction pr\u00e9ventive des activit\u00e9s, expertise sanitaire ind\u00e9pendante, \u00e9largissement de la surveillance des polluants, \u00e9tude clinique sur les riverains, et r\u00e9activation d\u2019une commission de suivi de site. Le Conseil r\u00e9clame \u00e9galement \u00ab\u00a0une r\u00e9union publique en septembre\u00a02025\u00a0\u00bb avec Atmo Grand Est et la contribution de Blue Paper au financement \u00ab\u00a0d\u2019un r\u00e9seau de capteurs citoyens\u00a0\u00bb \u00e9labor\u00e9 en collaboration avec l\u2019universit\u00e9.<\/p>\n","protected":false},"excerpt":{"rendered":"Le Conseil citoyen du Port-du-Rhin alerte sur les niveaux de pollution mesur\u00e9s autour de l\u2019usine Blue Paper, situ\u00e9e&hellip;\n","protected":false},"author":2,"featured_media":284754,"comment_status":"","ping_status":"","sticky":false,"template":"","format":"standard","meta":{"footnotes":""},"categories":[2820],"tags":[1111,11,33,2880,436,1777,674,107,1011,27,775,12,1800,25,104,640,2879],"class_list":{"0":"post-284753","1":"post","2":"type-post","3":"status-publish","4":"format-standard","5":"has-post-thumbnail","7":"category-strasbourg","8":"tag-actu","9":"tag-actualites","10":"tag-economie","11":"tag-edition-strasbourg","12":"tag-environnement","13":"tag-eu","14":"tag-europe","15":"tag-fil-info","16":"tag-fr","17":"tag-france","18":"tag-grand-est","19":"tag-news","20":"tag-pollution","21":"tag-republique-francaise","22":"tag-societe","23":"tag-strasbourg","24":"tag-strasbourg-ville"},"share_on_mastodon":{"url":"https:\/\/pubeurope.com\/@fr\/114943253887507855","error":""},"_links":{"self":[{"href":"https:\/\/www.europesays.com\/fr\/wp-json\/wp\/v2\/posts\/284753","targetHints":{"allow":["GET"]}}],"collection":[{"href":"https:\/\/www.europesays.com\/fr\/wp-json\/wp\/v2\/posts"}],"about":[{"href":"https:\/\/www.europesays.com\/fr\/wp-json\/wp\/v2\/types\/post"}],"author":[{"embeddable":true,"href":"https:\/\/www.europesays.com\/fr\/wp-json\/wp\/v2\/users\/2"}],"replies":[{"embeddable":true,"href":"https:\/\/www.europesays.com\/fr\/wp-json\/wp\/v2\/comments?post=284753"}],"version-history":[{"count":0,"href":"https:\/\/www.europesays.com\/fr\/wp-json\/wp\/v2\/posts\/284753\/revisions"}],"wp:featuredmedia":[{"embeddable":true,"href":"https:\/\/www.europesays.com\/fr\/wp-json\/wp\/v2\/media\/284754"}],"wp:attachment":[{"href":"https:\/\/www.europesays.com\/fr\/wp-json\/wp\/v2\/media?parent=284753"}],"wp:term":[{"taxonomy":"category","embeddable":true,"href":"https:\/\/www.europesays.com\/fr\/wp-json\/wp\/v2\/categories?post=284753"},{"taxonomy":"post_tag","embeddable":true,"href":"https:\/\/www.europesays.com\/fr\/wp-json\/wp\/v2\/tags?post=284753"}],"curies":[{"name":"wp","href":"https:\/\/api.w.org\/{rel}","templated":true}]}}