{"id":284755,"date":"2025-07-30T17:00:16","date_gmt":"2025-07-30T17:00:16","guid":{"rendered":"https:\/\/www.europesays.com\/fr\/284755\/"},"modified":"2025-07-30T17:00:16","modified_gmt":"2025-07-30T17:00:16","slug":"le-racing-mene-contre-ludinese-1-0-mi-temps","status":"publish","type":"post","link":"https:\/\/www.europesays.com\/fr\/284755\/","title":{"rendered":"le Racing m\u00e8ne contre l&rsquo;Udinese (1-0, mi-temps)"},"content":{"rendered":"<p>&#13;<br \/>\n                                                    En direct&#13;<br \/>\n                        &#13;\n                                            <\/p>\n<p>Pour son troisi\u00e8me match de pr\u00e9-saison, le premier des deux au programme de son stage dans le Tyrol autrichien, le Racing\u00a0d\u00e9fie l&rsquo;Udinese ce mercredi \u00e0 Mittersill.\u00a0Les Strasbourgeois ont pris les commandes \u00e0 la 41e gr\u00e2ce \u00e0 un but de la t\u00eate de leur nouvel attaquant argentin Joaquin Panichelli.<\/p>\n<p>&#13;<br \/>\n              \u00c0 Mittersill, C\u00e9dric Cariou &#8211; &#13;<br \/>\n        &#13;<br \/>\n          Aujourd&rsquo;hui \u00e0 17:00&#13;<br \/>\n    &#13;<br \/>\n                  | mis \u00e0 jour aujourd&rsquo;hui \u00e0 18:52&#13;<br \/>\n              &#8211; Temps de lecture : &#13;<br \/>\n  &#13;\n<\/p>\n<ul class=\"galerieContent carousel-wrapper__slides\" id=\"963dc976-8a46-409d-b06d-b5a8dce0d55e\">        &#13;<\/p>\n<li class=\"carousel-wrapper__slides--slide item\" id=\"slide-1\">&#13;<br \/>\n                                    &#13;<br \/>\n                        <a class=\"chocolat-image GA-tracking\" data-ga_type=\"click\" data-ga_category=\"D\u00e9tail\" data-ga_action=\"zoomer\" data-ga_label=\"aggrandir image\" href=\"https:\/\/cdn-s-www.dna.fr\/images\/37683447-31CC-462F-B173-EFCB739B6430\/NW_raw\/joaquin-panichelli-(n-9-de-dos)-buteur-pour-sa-premiere-sous-le-maillot-strasbourgeois-est-felicite-par-ses-coequipiers-photo-vincent-voegtlin-1753894084.jpg\" title=\"Joaquin Panichelli (n\u00b09, de dos), buteur pour sa premi\u00e8re sous le maillot strasbourgeois, est f\u00e9licit\u00e9 par ses co\u00e9quipiers. Photo Vincent Voegtlin\" target=\"_blank\" rel=\"noopener\">&#13;<br \/>\n                            <img decoding=\"async\" src=\"https:\/\/www.europesays.com\/fr\/wp-content\/uploads\/2025\/07\/joaquin-panichelli-(n-9-de-dos)-buteur-pour-sa-premiere-sous-le-maillot-strasbourgeois-est-felicite-.jpeg\"   alt=\"Joaquin Panichelli (n\u00b09, de dos), buteur pour sa premi\u00e8re sous le maillot strasbourgeois, est f\u00e9licit\u00e9 par ses co\u00e9quipiers. Photo Vincent Voegtlin\" fetchpriority=\"high\" data-mobile=\"NW_detail_M|1753894084\" data-base=\"NW_detail|1753894084\"\/>&#13;<br \/>\n                        <\/a>&#13;<\/p>\n<p>Joaquin Panichelli (n\u00b09, de dos), buteur pour sa premi\u00e8re sous le maillot strasbourgeois, est f\u00e9licit\u00e9 par ses co\u00e9quipiers. Photo Vincent Voegtlin<\/p>\n<p>                        &#13;<br \/>\n                                           &#13;\n                <\/li>\n<p>&#13;<br \/>\n            &#13;<\/p>\n<li class=\"carousel-wrapper__slides--slide item slideWithPub\" id=\"slide-2\">&#13;<br \/>\n                        &#13;<br \/>\n                            <a class=\"chocolat-image\" title=\"Publicit\u00e9\" href=\"data:image\/gif;base64,R0lGODlhAQABAAD\/ACwAAAAAAQABAAACADs=\">&#13;<br \/>\n                                <img decoding=\"async\" src=\"data:image\/gif;base64,R0lGODlhAQABAAD\/ACwAAAAAAQABAAACADs=\" alt=\"Publicit\u00e9\" loading=\"lazy\" fetchpriority=\"low\"\/>&#13;<br \/>\n                            <\/a>&#13;<br \/>\n                        &#13;\n                    <\/li>\n<p>&#13;<\/p>\n<li class=\"carousel-wrapper__slides--slide item\" id=\"slide-3\">&#13;<br \/>\n                                    &#13;<br \/>\n                        <a class=\"chocolat-image GA-tracking\" data-ga_type=\"click\" data-ga_category=\"D\u00e9tail\" data-ga_action=\"zoomer\" data-ga_label=\"aggrandir image\" href=\"https:\/\/cdn-s-www.dna.fr\/images\/B37DACDF-24AD-4BCE-8793-3663BFC52359\/NW_raw\/malade-et-absent-samedi-en-turquie-felix-lemarechal-est-de-retour-pour-affronter-l-udinese-photo-vincent-voegtlin-1753893260.jpg\" title=\"Malade et absent samedi en Turquie, F\u00e9lix Lemarechal est de retour pour affronter l&#039;Udinese. Photo Vincent Voegtlin\" target=\"_blank\" rel=\"noopener\">&#13;<br \/>\n                            <img decoding=\"async\" src=\"https:\/\/www.europesays.com\/fr\/wp-content\/uploads\/2025\/07\/malade-et-absent-samedi-en-turquie-felix-lemarechal-est-de-retour-pour-affronter-l-udinese-photo-vin.jpeg\"   alt=\"Malade et absent samedi en Turquie, F\u00e9lix Lemarechal est de retour pour affronter l'Udinese. Photo Vincent Voegtlin\" loading=\"lazy\" fetchpriority=\"low\" data-mobile=\"NW_detail_M|1753893260\" data-base=\"NW_detail|1753893260\"\/>&#13;<br \/>\n                        <\/a>&#13;<\/p>\n<p>Malade et absent samedi en Turquie, F\u00e9lix Lemarechal est de retour pour affronter l&rsquo;Udinese. Photo Vincent Voegtlin<\/p>\n<p>                        &#13;<br \/>\n                                           &#13;\n                <\/li>\n<p>&#13;<br \/>\n            &#13;<\/p>\n<li class=\"carousel-wrapper__slides--slide item\" id=\"slide-4\">&#13;<br \/>\n                                    &#13;<br \/>\n                        <a class=\"chocolat-image GA-tracking\" data-ga_type=\"click\" data-ga_category=\"D\u00e9tail\" data-ga_action=\"zoomer\" data-ga_label=\"aggrandir image\" href=\"https:\/\/cdn-s-www.dna.fr\/images\/7D99EA65-D7DB-4C2A-8516-DBBF4A71A5A4\/NW_raw\/tombe-samedi-a-galatasaray-(3-1)-le-racing-d-andrew-omobamidele-et-maxi-oyedele-poursuit-sa-preparation-en-defiant-l-udinese-ce-mercredi-photo-jean-francois-frey-1753886127.jpg\" title=\"Tomb\u00e9 samedi \u00e0 Galatasaray (3-1), le Racing d&#039;Andrew Omobamidele et Maxi Oyedele poursuit sa pr\u00e9paration en d\u00e9fiant l&#039;Udinese, ce mercredi. Photo Jean-Fran\u00e7ois Frey\" target=\"_blank\" rel=\"noopener\">&#13;<br \/>\n                            <img decoding=\"async\" src=\"https:\/\/www.europesays.com\/fr\/wp-content\/uploads\/2025\/07\/tombe-samedi-a-galatasaray-(3-1)-le-racing-d-andrew-omobamidele-et-maxi-oyedele-poursuit-sa-preparat.jpeg\"   alt=\"Tomb\u00e9 samedi \u00e0 Galatasaray (3-1), le Racing d'Andrew Omobamidele et Maxi Oyedele poursuit sa pr\u00e9paration en d\u00e9fiant l'Udinese, ce mercredi. Photo Jean-Fran\u00e7ois Frey\" loading=\"lazy\" fetchpriority=\"low\" data-mobile=\"NW_detail_M|1753886127\" data-base=\"NW_detail|1753886127\"\/>&#13;<br \/>\n                        <\/a>&#13;<\/p>\n<p>Tomb\u00e9 samedi \u00e0 Galatasaray (3-1), le Racing d&rsquo;Andrew Omobamidele et Maxi Oyedele poursuit sa pr\u00e9paration en d\u00e9fiant l&rsquo;Udinese, ce mercredi. Photo Jean-Fran\u00e7ois Frey<\/p>\n<p>                        &#13;<br \/>\n                                           &#13;\n                <\/li>\n<p>&#13;<br \/>\n            &#13;\n                <\/ul>\n","protected":false},"excerpt":{"rendered":"&#13; En direct&#13; &#13; Pour son troisi\u00e8me match de pr\u00e9-saison, le premier des deux au programme de son&hellip;\n","protected":false},"author":2,"featured_media":284756,"comment_status":"","ping_status":"","sticky":false,"template":"","format":"standard","meta":{"footnotes":""},"categories":[2820],"tags":[1111,11,2389,2649,42374,3545,2880,1777,674,107,63,1011,27,775,3544,12,41281,25,517,640],"class_list":{"0":"post-284755","1":"post","2":"type-post","3":"status-publish","4":"format-standard","5":"has-post-thumbnail","7":"category-strasbourg","8":"tag-actu","9":"tag-actualites","10":"tag-alsace","11":"tag-bas-rhin","12":"tag-bassemberg","13":"tag-direct-sport","14":"tag-edition-strasbourg","15":"tag-eu","16":"tag-europe","17":"tag-fil-info","18":"tag-football","19":"tag-fr","20":"tag-france","21":"tag-grand-est","22":"tag-matchs-en-direct","23":"tag-news","24":"tag-racing-club-strasbourg-masculin","25":"tag-republique-francaise","26":"tag-sport","27":"tag-strasbourg"},"share_on_mastodon":{"url":"https:\/\/pubeurope.com\/@fr\/114943257776661246","error":""},"_links":{"self":[{"href":"https:\/\/www.europesays.com\/fr\/wp-json\/wp\/v2\/posts\/284755","targetHints":{"allow":["GET"]}}],"collection":[{"href":"https:\/\/www.europesays.com\/fr\/wp-json\/wp\/v2\/posts"}],"about":[{"href":"https:\/\/www.europesays.com\/fr\/wp-json\/wp\/v2\/types\/post"}],"author":[{"embeddable":true,"href":"https:\/\/www.europesays.com\/fr\/wp-json\/wp\/v2\/users\/2"}],"replies":[{"embeddable":true,"href":"https:\/\/www.europesays.com\/fr\/wp-json\/wp\/v2\/comments?post=284755"}],"version-history":[{"count":0,"href":"https:\/\/www.europesays.com\/fr\/wp-json\/wp\/v2\/posts\/284755\/revisions"}],"wp:featuredmedia":[{"embeddable":true,"href":"https:\/\/www.europesays.com\/fr\/wp-json\/wp\/v2\/media\/284756"}],"wp:attachment":[{"href":"https:\/\/www.europesays.com\/fr\/wp-json\/wp\/v2\/media?parent=284755"}],"wp:term":[{"taxonomy":"category","embeddable":true,"href":"https:\/\/www.europesays.com\/fr\/wp-json\/wp\/v2\/categories?post=284755"},{"taxonomy":"post_tag","embeddable":true,"href":"https:\/\/www.europesays.com\/fr\/wp-json\/wp\/v2\/tags?post=284755"}],"curies":[{"name":"wp","href":"https:\/\/api.w.org\/{rel}","templated":true}]}}