{"id":284761,"date":"2025-07-30T17:03:16","date_gmt":"2025-07-30T17:03:16","guid":{"rendered":"https:\/\/www.europesays.com\/fr\/284761\/"},"modified":"2025-07-30T17:03:16","modified_gmt":"2025-07-30T17:03:16","slug":"portrait-de-johanna-rolland-premiere-femme-maire-de-nantes","status":"publish","type":"post","link":"https:\/\/www.europesays.com\/fr\/284761\/","title":{"rendered":"portrait de Johanna Rolland, premi\u00e8re femme maire de Nantes"},"content":{"rendered":"<p>            Par<br \/>\n        <strong><br \/>\n            <a href=\"https:\/\/actu.fr\/auteur\/laure-gentil\" title=\"Consulter tous les articles de Laure Gentil\" target=\"_blank\" rel=\"noopener\">Laure Gentil<\/a><br \/>\n        <\/strong><\/p>\n<p>        Publi\u00e9 le<\/p>\n<p>            30 juil. 2025 \u00e0 17h50        <\/p>\n<p>Elle ouvre la porte avec un grand sourire, l\u2019ambiance est d\u00e9contract\u00e9e. Elle s\u2019assied sur un fauteuil noir \u00e0 la table de r\u00e9union en face de son bureau, qui lui, \u00e9trange dichotomie, est d\u2019une blancheur \u00e9clatante. Derri\u00e8re, le portrait officiel d\u2019<a href=\"https:\/\/actu.fr\/monde\/un-decalage-avec-la-realite-pourquoi-emmanuel-macron-veut-il-reconnaitre-un-etat-de-palestine_62959413.html\" target=\"_blank\" rel=\"noopener\">Emmanuel Macron<\/a> est accroch\u00e9 au mur.<\/p>\n<p class=\" wall-content\"><strong>Johanna Rolland<\/strong>, premi\u00e8re magistrate de Nantes, d\u2019ordinaire discr\u00e8te, surtout avec la presse, a accept\u00e9 de rencontrer <strong>actu Nantes<\/strong>.\u00a0Elle nous avait donn\u00e9 rendez-vous dans un caf\u00e9, mais un impr\u00e9vu pousse finalement la maire socialiste de la cit\u00e9 des Ducs de Bretagne \u00e0 nous recevoir dans son bureau, dont les fen\u00eatres donnent sur les jardins de la mairie. Un bureau qu\u2019elle occupe depuis plus de dix ans maintenant.<\/p>\n<p>\u00ab\u2009On partait de Vertou en prenant le 28\u2009\u00bb<\/p>\n<p class=\" wall-content\">Johanna Rolland a v\u00e9cu toute son enfance \u00e0 <a href=\"https:\/\/actu.fr\/pays-de-la-loire\/vertou_44215\" target=\"_blank\" rel=\"noopener\">Vertou<\/a>. Elle est l\u2019a\u00een\u00e9e de trois filles, sa m\u00e8re \u00e9tait <strong>enseignante<\/strong> et croyante, son p\u00e8re,<strong> employ\u00e9 de banque<\/strong>, anticl\u00e9rical et syndicaliste. Un couple aux antipodes mais les contraires s\u2019attirent. \u00ab\u2009Il y avait une sorte d\u2019alchimie entre engagement discret et engagement au sens revendicatif\u2009\u00bb, remarque-t-elle avec amusement. \u00ab\u2009J\u2019ai pris un peu des deux\u2009\u00bb.<\/p>\n<blockquote class=\"ac-article-quote wall-content\">\n<p>J&rsquo;ai grandi dans une famille o\u00f9 l&rsquo;engagement \u00e9tait important. Une famille typiquement de l&rsquo;ouest. Ils nous ont transmis ces id\u00e9es de rapport \u00e0 l&rsquo;autre, d&rsquo;\u00eatre attentifs aux autres&#8230; <\/p>\n<p>    <strong>Johanna Rolland<\/strong><br \/>\n        Maire de Nantes    <\/p><\/blockquote>\n<p class=\" wall-content\">C\u2019est aussi \u00e0 cette p\u00e9riode que Johanna Rolland se d\u00e9couvre une<strong> passion pour le basket<\/strong>, passion qu\u2019elle partage avec son p\u00e8re, au point de devenir entra\u00eeneuse d\u2019une \u00e9quipe \u00e0 Vertou. Scolaris\u00e9e d\u2019abord au <strong>coll\u00e8ge Jean-Monnet<\/strong>, elle rejoint le<a href=\"https:\/\/actu.fr\/pays-de-la-loire\/nantes_44109\/blocus-au-lycee-des-bourdonnieres-a-nantes-un-lyceen-renverse-par-une-voiture-de-police_47911039.html\" target=\"_blank\" rel=\"noopener\"> lyc\u00e9e Les Bourdonni\u00e8res<\/a> o\u00f9 elle obtient le bac, puis une classe pr\u00e9paratoire au <a href=\"https:\/\/actu.fr\/pays-de-la-loire\/nantes_44109\/classement-a-nantes-quels-sont-les-meilleurs-colleges-et-lycees-de-la-ville_62453645.html\" target=\"_blank\" rel=\"noopener\">lyc\u00e9e Gabriel-Guist\u2019hau\u2009<\/a>: \u00ab\u2009\u00e7a faisait un petit changement de d\u00e9cor\u2009\u00bb, blague la maire.<\/p>\n<p>    <img   decoding=\"async\" loading=\"lazy\" src=\"https:\/\/www.europesays.com\/fr\/wp-content\/uploads\/2025\/07\/johanna-rolland-maire-nantes-960x640.jpg\" alt=\"Johanna Rolland a v\u00e9cu son enfance \u00e0 Vertou, dans la m\u00e9tropole de Nantes. \" width=\"960\" height=\"640\"\/><br \/>\n    Johanna Rolland a v\u00e9cu son enfance \u00e0 Vertou, dans la m\u00e9tropole de Nantes. (\u00a9Laure Gentil \/ actu Nantes)<\/p>\n<p class=\" wall-content\">\u00ab\u2009On partait de Vertou en prenant le 28 pour arriver <strong>place du Commerce<\/strong>, \u00e0 l\u2019\u00e9poque tous les bus se retrouvaient l\u00e0\u2009\u00bb, se rem\u00e9more-t-elle, en appuyant ses bras sur les accoudoirs de son fauteuil.<\/p>\n<p class=\" wall-content\">Le carnaval, les sorties avec les cousines au <strong>Bouffay<\/strong>, la premi\u00e8re fois qu\u2019elle participe \u00e0 la f\u00eate de la musique \u00e0 Nantes\u2026 Elle se souvient de ces moments avec joie. Son sourire est parlant lorsqu\u2019elle les \u00e9voque\u2009: \u00ab\u2009J\u2019ai eu une enfance tr\u00e8s heureuse, pleine d\u2019amour, la vie m\u2019a beaucoup donn\u00e9\u2009\u00bb.<\/p>\n<p>\u00ab\u2009Je ne cochais pas les cases habituelles\u2009\u00bb<\/p>\n<p class=\" wall-content\">Mais Johanna Rolland avait pour ambition de voyager, rester \u00e0 Nantes n\u2019\u00e9tait pas son objectif premier. Elle quitte la ville pour \u00e9tudier \u00e0<strong> Sciences Po Lille<\/strong> puis <strong>Sciences Po Grenoble.<\/strong> Elle part plus loin encore, en <strong>Bosnie<\/strong> et en <strong>Afrique de Sud<\/strong>. Son r\u00eave\u2009? Travailler \u00e0 l\u2019international.<\/p>\n<p class=\" wall-content\">Ce n\u2019est qu\u2019en 2002, qu\u2019elle revient en France, notamment pour \u00eatre proche de sa m\u00e8re, malade, qu\u2019elle perdra quelques jours apr\u00e8s son entretien d\u2019embauche \u00e0 la <a href=\"https:\/\/actu.fr\/bourgogne-franche-comte\/le-creusot_71153\" target=\"_blank\" rel=\"noopener\">Ville du Creusot (Sa\u00f4ne-et-Loire).<\/a><\/p>\n<p class=\" wall-content\">Elle y rencontre alors Genevi\u00e8ve Mauguet, \u00ab\u2009un dinosaure du service public\u2009\u00bb, qui la convainc \u00ab\u2009de la noblesse\u2009\u00bb dudit service, et un \u00ab\u2009grand fr\u00e8re\u2009\u00bb dont elle tait le nom, qui l\u2019a prise sous son aile. Cette succession de rencontres l\u2019a aid\u00e9 \u00e0 se b\u00e2tir.<\/p>\n<blockquote class=\"ac-article-quote wall-content\">\n<p>Quand je suis arriv\u00e9e, je ne cochais pas les cases habituelles. J&rsquo;\u00e9tais une fille blanche, surdipl\u00f4m\u00e9e, dans leur t\u00eate j&rsquo;\u00e9tais certainement une \u00ab\u00a0bourge\u00a0\u00bb.  Ils m&rsquo;ont un peu regard\u00e9 de travers quand j&rsquo;ai dit que je voulais travailler dans les quartiers populaires. J&rsquo;ai appris beaucoup de choses avec eux et je pense leur avoir appris quelques trucs aussi.<\/p>\n<p>    <strong>Johanna Rolland<\/strong><br \/>\n        Maire de Nantes    <\/p><\/blockquote>\n<p class=\" wall-content\">Des ann\u00e9es plus tard, alors qu\u2019elle songe \u00e0 se pr\u00e9senter pour la premi\u00e8re fois aux<strong> \u00e9lections municipales de Nantes<\/strong> \u2013 qu\u2019elle appelle malicieusement \u00ab\u2009la plus belle ville du pays\u2009\u00bb- il fait partie de ceux vers lesquels elle se tourne pour conna\u00eetre son avis.<\/p>\n<p class=\" wall-content\">La campagne de 2014, qui l\u2019a men\u00e9e \u00e0 devenir la <a href=\"https:\/\/actu.fr\/pays-de-la-loire\/nantes_44109\/municipales-2020-a-nantes-la-maire-johanna-rolland-reelue_34461819.html\" target=\"_blank\" rel=\"noopener\">premi\u00e8re femme maire de Nantes<\/a>, n\u2019a pas \u00e9t\u00e9 de tout repos. \u00ab\u2009J\u2019avais deux enfants en bas \u00e2ge, et \u00e0 chaque fois, les journalistes me demandaient ce que \u00e7a faisait d\u2019\u00eatre \u2018une jeune femme, m\u00e8re de deux jeunes enfants et candidate dans une grande ville\u2019. C\u2019\u00e9tait devenu une blague avec mon \u00e9quipe\u2009\u00bb, ironise l\u2019\u00e9dile.<\/p>\n<p class=\" wall-content\">C\u2019est un sujet sur lequel elle dit avoir \u00ab\u2009\u00e9volu\u00e9\u2009\u00bb. Aujourd\u2019hui, elle affirme mieux appr\u00e9cier la mani\u00e8re dont \u00eatre une femme a pu inspirer d\u2019autres femmes \u00e0 suivre ses pas. \u00ab\u2009J\u2019ai fait le choix depuis d\u2019accepter de raconter cette part-l\u00e0.\u2009\u00bb<\/p>\n<p>Une personnalit\u00e9 cach\u00e9e derri\u00e8re la fonction\u2009?<\/p>\n<p class=\" wall-content\"><a href=\"https:\/\/actu.fr\/pays-de-la-loire\/nantes_44109\/municipales-2026-reenchanter-nantes-julien-bainvel-candidat-a-la-mairie_62562650.html\" target=\"_blank\" rel=\"noopener\">Julien Bainvel, candidat aux municipales de 2026<\/a>, conna\u00eet sa concurrente, politiquement si ce n\u2019est personnellement, depuis ses d\u00e9buts. \u00ab\u2009Johanna Rolland est assez dure \u00e0 lire\u2009\u00bb, nous admet-il. Il reconna\u00eet son talent oratoire, bien qu\u2019il critique ce qu\u2019il estime \u00eatre son \u00ab\u2009c\u00f4t\u00e9 un peu sec, cassant, voire m\u00e9prisant, quand les d\u00e9bats sont un peu houleux en conseil municipal\u2009\u00bb.<\/p>\n<p class=\" wall-content\">\u00ab\u2009Quand il y a des sujets de valeur en jeu, je ne m\u00e2che pas mes mots\u2009!\u2009\u00bb, balaie-t-elle avec un geste de la main. \u00ab\u2009C\u2019est quelque chose qui s\u2019est fait au fil des ann\u00e9es, j\u2019aime bien \u00e7a parce que c\u2019est le moment de partager sa sinc\u00e9rit\u00e9. J\u2019ai pris l\u2019habitude de faire une part de mes discours sans notes. \u00c7a permet d\u2019\u00eatre les yeux dans les yeux avec les gens\u2009\u00bb.<\/p>\n<p class=\" wall-content\">Au fil de l\u2019entretien, c\u2019est une femme plut\u00f4t d\u00e9tendue qui se d\u00e9voile, loin de son r\u00f4le de maire. Pour <strong>Ali Rebouh<\/strong>, son adjoint, qui la conna\u00eet depuis plus de 20\u00a0ans\u2009: \u00ab\u2009il y a un d\u00e9calage entre la maire et Johanna\u2009\u00bb. \u00ab\u2009C\u2019est une question de confiance\u2009\u00bb, nous assure-t-il. \u00ab\u2009C\u2019est une femme courageuse et attachante\u2009\u00bb.<\/p>\n<blockquote class=\"ac-article-quote wall-content\">\n<p>La fonction ne refl\u00e8te pas sa personnalit\u00e9. En tant que personne elle est tr\u00e8s avenante, mais dans la fonction, il y a un c\u00f4t\u00e9 froid. <\/p>\n<p>    <strong>Ali Rebouh<\/strong><br \/>\n        Adjoint \u00e0 la mairie    <\/p><\/blockquote>\n<p class=\" wall-content\">Cette capacit\u00e9 \u00e0 s\u00e9parer le personnel et le professionnel est selon lui une des forces de Johanna Rolland mais aussi, un de ses petits d\u00e9fauts\u2009: \u00ab\u2009Parfois, j\u2019aimerais la voir d\u00e9gager un peu plus l\u2019image que je connais d\u2019elle\u2009\u00bb.<\/p>\n<p class=\" wall-content\">Suivez toute l\u2019actualit\u00e9 de vos villes et m\u00e9dias favoris en vous inscrivant \u00e0 <a href=\"https:\/\/moncompte.actu.fr\" title=\"D\u00e9couvez Mon Actu\" rel=\"nofollow noopener\" data-trk=\"{&quot;cta&quot;:{&quot;action&quot;:&quot;https:\\\/\\\/moncompte.actu.fr&quot;,&quot;category&quot;:&quot;mon compte&quot;,&quot;from&quot;:&quot;article footer&quot;,&quot;name&quot;:&quot;Mon actu&quot;,&quot;type&quot;:&quot;cta&quot;}}\" target=\"_blank\">Mon Actu<\/a>.<\/p>\n","protected":false},"excerpt":{"rendered":"Par Laure Gentil Publi\u00e9 le 30 juil. 2025 \u00e0 17h50 Elle ouvre la porte avec un grand sourire,&hellip;\n","protected":false},"author":2,"featured_media":284762,"comment_status":"","ping_status":"","sticky":false,"template":"","format":"standard","meta":{"footnotes":""},"categories":[2818],"tags":[1111,11,1777,674,1011,27,6945,766,12,2636,9026,25,104,240],"class_list":{"0":"post-284761","1":"post","2":"type-post","3":"status-publish","4":"format-standard","5":"has-post-thumbnail","7":"category-nantes","8":"tag-actu","9":"tag-actualites","10":"tag-eu","11":"tag-europe","12":"tag-fr","13":"tag-france","14":"tag-johanna-rolland","15":"tag-nantes","16":"tag-news","17":"tag-pays-de-la-loire","18":"tag-portrait","19":"tag-republique-francaise","20":"tag-societe","21":"tag-temoignage"},"share_on_mastodon":{"url":"https:\/\/pubeurope.com\/@fr\/114943269503211336","error":""},"_links":{"self":[{"href":"https:\/\/www.europesays.com\/fr\/wp-json\/wp\/v2\/posts\/284761","targetHints":{"allow":["GET"]}}],"collection":[{"href":"https:\/\/www.europesays.com\/fr\/wp-json\/wp\/v2\/posts"}],"about":[{"href":"https:\/\/www.europesays.com\/fr\/wp-json\/wp\/v2\/types\/post"}],"author":[{"embeddable":true,"href":"https:\/\/www.europesays.com\/fr\/wp-json\/wp\/v2\/users\/2"}],"replies":[{"embeddable":true,"href":"https:\/\/www.europesays.com\/fr\/wp-json\/wp\/v2\/comments?post=284761"}],"version-history":[{"count":0,"href":"https:\/\/www.europesays.com\/fr\/wp-json\/wp\/v2\/posts\/284761\/revisions"}],"wp:featuredmedia":[{"embeddable":true,"href":"https:\/\/www.europesays.com\/fr\/wp-json\/wp\/v2\/media\/284762"}],"wp:attachment":[{"href":"https:\/\/www.europesays.com\/fr\/wp-json\/wp\/v2\/media?parent=284761"}],"wp:term":[{"taxonomy":"category","embeddable":true,"href":"https:\/\/www.europesays.com\/fr\/wp-json\/wp\/v2\/categories?post=284761"},{"taxonomy":"post_tag","embeddable":true,"href":"https:\/\/www.europesays.com\/fr\/wp-json\/wp\/v2\/tags?post=284761"}],"curies":[{"name":"wp","href":"https:\/\/api.w.org\/{rel}","templated":true}]}}