{"id":284769,"date":"2025-07-30T17:07:08","date_gmt":"2025-07-30T17:07:08","guid":{"rendered":"https:\/\/www.europesays.com\/fr\/284769\/"},"modified":"2025-07-30T17:07:08","modified_gmt":"2025-07-30T17:07:08","slug":"pres-de-toulouse-un-poteau-electrique-percute-par-une-voiture-chute-dans-un-champ-un-incendie-se-declare","status":"publish","type":"post","link":"https:\/\/www.europesays.com\/fr\/284769\/","title":{"rendered":"Pr\u00e8s de Toulouse, un poteau \u00e9lectrique percut\u00e9 par une voiture chute dans un champ : un incendie se d\u00e9clare"},"content":{"rendered":"<p>            Par<br \/>\n        <strong><br \/>\n            <a href=\"https:\/\/actu.fr\/auteur\/lucie-2\" title=\"Consulter tous les articles de Lucie Fraisse\" rel=\"nofollow noopener\" target=\"_blank\">Lucie Fraisse<\/a><br \/>\n        <\/strong><\/p>\n<p>        Publi\u00e9 le<\/p>\n<p>            30 juil. 2025 \u00e0 18h50        <\/p>\n<p>Spectaculaire accident ce mercredi 30 juillet 2025, \u00e0 Villeneuve-l\u00e8s-Bouloc, pr\u00e8s de <a href=\"https:\/\/actu.fr\/toulouse\/\" rel=\"nofollow noopener\" target=\"_blank\">Toulouse<\/a>. Une voiture dans laquelle se trouvait trois personnes a percut\u00e9 un pyl\u00f4ne \u00e9lectrique, au niveau<strong> de la route de Castelnau<\/strong>.<\/p>\n<p>La ligne \u00e9lectrique tombe dans un champ<\/p>\n<p class=\" wall-content\">Une collision plut\u00f4t muscl\u00e9e : sous le choc, <strong>le poteau \u00e9lectrique s\u2019est effondr\u00e9<\/strong>. La ligne \u00e9lectrique support\u00e9e par le poteau est, elle aussi, tomb\u00e9e. Et cette chute a provoqu\u00e9 un incendie dans un champ \u00e0 proximit\u00e9 de la route o\u00f9 l\u2019accident s\u2019est produit.<\/p>\n<p>    <a href=\"https:\/\/www.google.com\/maps\/embed?pb=!1m18!1m12!1m3!1d33066.71636885529!2d1.3784540249060027!3d43.78147087043178!2m3!1f0!2f0!3f0!3m2!1i1024!2i768!4f13.1!3m3!1m2!1s0x12aea761faa7aac1%3A0x406f69c2f410e30!2s31620%20Villeneuve-l%C3%A8s-Bouloc!5e1!3m2!1sfr!2sfr!4v1753893998867!5m2!1sfr!2sfr\" title=\"Ouvrie le lien\" rel=\"nofollow noopener\" target=\"_blank\">Cliquez ici pour visualiser le contenu<\/a><\/p>\n<p>Le parking d\u2019une entreprise menac\u00e9<\/p>\n<p class=\" wall-content\">L\u2019incendie a menac\u00e9 un temps le parking d\u2019une entreprise situ\u00e9e \u00e0 proximit\u00e9 du champ, sur lequel \u00e9tait stationn\u00e9 des remorques. <strong>Un hectare de chaume a br\u00fbl\u00e9<\/strong>.<\/p>\n<p>Les passagers de la voiture en sortent avec l\u2019aide des passants<\/p>\n<p class=\" wall-content\">Les trois personnes dans la voiture sont parvenues \u00e0 en sortir avec l\u2019aide de passant, avant l\u2019arriv\u00e9e des pompiers. \u00c0 18h30, l\u2019\u00e9valuation de leur \u00e9tat de sant\u00e9 \u00e9tait toujours en cours par les pompiers.<\/p>\n<p>Vid\u00e9os : en ce moment sur Actu<\/p>\n<p class=\" wall-content\">\u00a020 sapeurs-pompiers et cinq v\u00e9hicules ont \u00e9t\u00e9 mobilis\u00e9s sur place.<\/p>\n<p class=\" wall-content\">Plus d\u2019infos \u00e0 venir\u2026<\/p>\n<p class=\" wall-content\">Suivez toute l\u2019actualit\u00e9 de vos villes et m\u00e9dias favoris en vous inscrivant \u00e0 <a href=\"https:\/\/moncompte.actu.fr\" title=\"D\u00e9couvez Mon Actu\" rel=\"nofollow noopener\" data-trk=\"{&quot;cta&quot;:{&quot;action&quot;:&quot;https:\\\/\\\/moncompte.actu.fr&quot;,&quot;category&quot;:&quot;mon compte&quot;,&quot;from&quot;:&quot;article footer&quot;,&quot;name&quot;:&quot;Mon actu&quot;,&quot;type&quot;:&quot;cta&quot;}}\" target=\"_blank\">Mon Actu<\/a>.<\/p>\n","protected":false},"excerpt":{"rendered":"Par Lucie Fraisse Publi\u00e9 le 30 juil. 2025 \u00e0 18h50 Spectaculaire accident ce mercredi 30 juillet 2025, \u00e0&hellip;\n","protected":false},"author":2,"featured_media":284770,"comment_status":"","ping_status":"","sticky":false,"template":"","format":"standard","meta":{"footnotes":""},"categories":[2816],"tags":[1111,11,1777,674,118,1011,27,12,2680,1311,25,2312],"class_list":{"0":"post-284769","1":"post","2":"type-post","3":"status-publish","4":"format-standard","5":"has-post-thumbnail","7":"category-toulouse","8":"tag-actu","9":"tag-actualites","10":"tag-eu","11":"tag-europe","12":"tag-faits-divers","13":"tag-fr","14":"tag-france","15":"tag-news","16":"tag-occitanie","17":"tag-pompiers","18":"tag-republique-francaise","19":"tag-toulouse"},"share_on_mastodon":{"url":"https:\/\/pubeurope.com\/@fr\/114943285265196778","error":""},"_links":{"self":[{"href":"https:\/\/www.europesays.com\/fr\/wp-json\/wp\/v2\/posts\/284769","targetHints":{"allow":["GET"]}}],"collection":[{"href":"https:\/\/www.europesays.com\/fr\/wp-json\/wp\/v2\/posts"}],"about":[{"href":"https:\/\/www.europesays.com\/fr\/wp-json\/wp\/v2\/types\/post"}],"author":[{"embeddable":true,"href":"https:\/\/www.europesays.com\/fr\/wp-json\/wp\/v2\/users\/2"}],"replies":[{"embeddable":true,"href":"https:\/\/www.europesays.com\/fr\/wp-json\/wp\/v2\/comments?post=284769"}],"version-history":[{"count":0,"href":"https:\/\/www.europesays.com\/fr\/wp-json\/wp\/v2\/posts\/284769\/revisions"}],"wp:featuredmedia":[{"embeddable":true,"href":"https:\/\/www.europesays.com\/fr\/wp-json\/wp\/v2\/media\/284770"}],"wp:attachment":[{"href":"https:\/\/www.europesays.com\/fr\/wp-json\/wp\/v2\/media?parent=284769"}],"wp:term":[{"taxonomy":"category","embeddable":true,"href":"https:\/\/www.europesays.com\/fr\/wp-json\/wp\/v2\/categories?post=284769"},{"taxonomy":"post_tag","embeddable":true,"href":"https:\/\/www.europesays.com\/fr\/wp-json\/wp\/v2\/tags?post=284769"}],"curies":[{"name":"wp","href":"https:\/\/api.w.org\/{rel}","templated":true}]}}