{"id":284771,"date":"2025-07-30T17:08:12","date_gmt":"2025-07-30T17:08:12","guid":{"rendered":"https:\/\/www.europesays.com\/fr\/284771\/"},"modified":"2025-07-30T17:08:12","modified_gmt":"2025-07-30T17:08:12","slug":"toulouse-ce-parking-du-metro-ferme-definitivement-voici-la-date-officielle","status":"publish","type":"post","link":"https:\/\/www.europesays.com\/fr\/284771\/","title":{"rendered":"Toulouse. Ce parking du m\u00e9tro ferme d\u00e9finitivement, voici la date officielle"},"content":{"rendered":"<p>            Par<br \/>\n        <strong><br \/>\n            <a href=\"https:\/\/actu.fr\/auteur\/guillaume-laurens\" title=\"Consulter tous les articles de Guillaume Laurens\" target=\"_blank\" rel=\"noopener\">Guillaume Laurens<\/a><br \/>\n        <\/strong><\/p>\n<p>        Publi\u00e9 le<\/p>\n<p>            30 juil. 2025 \u00e0 19h05        <\/p>\n<p>Un <strong>parking du m\u00e9tro<\/strong>\u00a0sera bient\u00f4t ray\u00e9 de la carte dans la Ville rose. Comme <a href=\"https:\/\/actu.fr\/occitanie\/toulouse_31555\/ce-parking-du-metro-de-toulouse-va-definitivement-fermer-tisseo-cede-le-terrain-pour-un-projet-immobilier_62595338.html\" target=\"_blank\" rel=\"noopener\">Actu Toulouse vous l\u2019annon\u00e7ait au printemps<\/a>, le parc-relais de <strong>Jolimont<\/strong> s\u2019appr\u00eate en effet \u00e0 <strong>d\u00e9finitivement fermer\u00a0<\/strong>dans quelques semaines. Ce site, qui a accueilli pendant 11 ans, de 1993 \u00e0 2004, le <strong>terminus de la ligne A<\/strong>, va laisser place \u00e0 un nouveau projet immobilier\u2026 Et <strong><a href=\"https:\/\/actu.fr\/tag\/tisseo\" target=\"_blank\" rel=\"noopener\">Tiss\u00e9o<\/a> <\/strong>vient de d\u00e9voiler la date officielle \u00e0 partir de laquelle il sera interdit de s\u2019y garer.<\/p>\n<p>\u00ab\u00a0Tous les v\u00e9hicules doivent imp\u00e9rativement sortir\u00a0\u00bb<\/p>\n<p class=\" wall-content\">Si <a href=\"https:\/\/actu.fr\/occitanie\/toulouse_31555\/toulouse-un-parking-du-metro-va-definitivement-fermer-ce-qui-va-le-remplacer_60153330.html\" target=\"_blank\" rel=\"noopener\">Tiss\u00e9o avait annonc\u00e9 la couleur de longue date<\/a>, l\u2019\u00e9ch\u00e9ance est d\u00e9sormais imminente. Ce parking-relais compos\u00e9 de quelque <strong>284 places,<\/strong> \u00e0 l\u2019est de Toulouse, va d\u00e9finitivement fermer \u00ab\u00a0\u00e0 partir du <strong>vendredi 29 ao\u00fbt 2025\u2033,<\/strong> pr\u00e9cise l\u2019autorit\u00e9 des transports en commun dans l\u2019agglo, qui avance : \u00ab\u00a0Tous les v\u00e9hicules doivent imp\u00e9rativement sortir\u00a0\u00bb.<\/p>\n<p>Quelles solutions alternatives ?<\/p>\n<p class=\" wall-content\">Il est vrai que le m\u00e9tro ayant pouss\u00e9 ses tentacules jusqu\u2019\u00e0 Balma-Gramont, et le parking de Jolimont \u00e9tant devenu <strong>tr\u00e8s enclav\u00e9<\/strong> au fil de l\u2019urbanisation de la ville, son positionnement n\u2019\u00e9tait pas des plus pertinents.<\/p>\n<p class=\" wall-content\">Pour les automobilistes qui viennent de l\u2019est de l\u2019agglom\u00e9ration toulousaine, Tiss\u00e9o les r\u00e9oriente d\u00e9sormais vers le parc-relais des <strong>Argoulets<\/strong> (\u00ab\u00a0situ\u00e9 \u00e0 5 minutes en voiture\u00a0\u00bb) ou celui de <strong>Balma-Gramont<\/strong> de l\u2019autre c\u00f4t\u00e9 de la rocade (\u00ab\u00a0\u00e0 moins de 10 minutes\u00a0\u00bb), tous deux \u00e9tant connect\u00e9s \u00e0 la ligne A du m\u00e9tro. Tous deux seront-ils suffisamment grands, \u00e0 l\u2019avenir, pour absorber le flux de v\u00e9hicules ?<\/p>\n<p class=\" wall-content\">Tiss\u00e9o fait valoir que la ligne A sera aussi connect\u00e9e \u00ab\u00a0au <strong>nouveau Lin\u00e9o 12<\/strong>, \u00e0 compter du <strong>lundi 1\u1d49\u02b3\u00a0septembre 2025<\/strong>, \u00e0 la station Roseraie\u00a0\u00bb.<\/p>\n<p>La parcelle vendue, un projet immobilier \u00e0 la place<\/p>\n<p class=\" wall-content\">Rappelons qu\u2019en mai dernier, en comit\u00e9 syndical, Tiss\u00e9o avait vot\u00e9 une d\u00e9lib\u00e9ration pour <strong>d\u00e9classer la parcelle<\/strong> dont le syndicat mixte est propri\u00e9taire, dans la perspective de la c\u00e9der au promoteur Nexity. Une cession envisag\u00e9e \u00ab\u00a0au plus tard le 1\u1d49\u02b3 octobre 2025\u00a0\u00bb, indiquait au printemps Tiss\u00e9o \u00e0 Actu Toulouse.<\/p>\n<p class=\" wall-content\">D\u2019apr\u00e8s nos informations, la signature officielle aura lieu le 30 septembre. Or, \u00ab\u00a0la lib\u00e9ration du P+R de Jolimont doit \u00eatre effective \u00e0 cette date, condition pr\u00e9alable obligatoire \u00e0 la signature\u00a0\u00bb, ajoute aujourd\u2019hui Tiss\u00e9o. Le site a \u00e9t\u00e9 vendu le site pour la somme de <strong>7 millions d\u2019euros<\/strong>, ouvrant la voie \u00e0 ce nouveau projet immobilier.<\/p>\n<p class=\" wall-content\">Juste en face de cette station de m\u00e9tro, c\u2019est <strong>un tout nouveau quartier, <\/strong>imagin\u00e9 dans le cadre de l\u2019appel \u00e0 projets \u00ab\u00a0Dessine-Moi Toulouse\u00a0\u00bb et nomm\u00e9 <strong>\u00ab\u00a0My Jolimont\u00a0\u00bb<\/strong>, qui doit sortir de terre \u00e0 partir de <strong>la fin de l\u2019ann\u00e9e 2025.<\/strong> \u00c9voqu\u00e9 depuis plusieurs ann\u00e9es, ce projet urbain qui doit s\u2019\u00e9lever le long du viaduc du m\u00e9tro, depuis la station Jolimont et jusqu\u2019au nouveau quartier Guillaumet en train d\u2019\u00e9merger.<\/p>\n<p>    <img   decoding=\"async\" loading=\"lazy\" src=\"https:\/\/www.europesays.com\/fr\/wp-content\/uploads\/2025\/07\/img-4245-960x640.jpg\" alt=\"Un projet immobilier va voir le jour.\" width=\"960\" height=\"640\"\/><br \/>\n    Un projet immobilier va voir le jour. (\u00a9L\u00e9a Afonso \/ Actu Toulouse)Quatre immeubles vont \u00e9merger<\/p>\n<p class=\" wall-content\">Le chantier sera immanquable pour les passagers du m\u00e9tro, car <strong>quatre immeubles vont \u00e9merger<\/strong> de part et d\u2019autre du viaduc qui relie les stations de m\u00e9tro de Jolimont et la Roseraie.<\/p>\n<p class=\" wall-content\">\u00ab\u00a0Il y aura des logements, des bureaux, des commerces\u00a0\u00bb, expliquait en 2024 <strong>Christophe Brochet<\/strong>, directeur r\u00e9gional de Nexity, promoteur qui porte ce projet de nouveau quartier, rassemblant plusieurs op\u00e9rations.<\/p>\n<p>Logements, bureaux, commerces, cr\u00e8che\u2026<\/p>\n<p class=\" wall-content\">Un premier b\u00e2timent accueillera une <strong>r\u00e9sidence \u00e9tudiante<\/strong> avec <strong>119 logements<\/strong>, un deuxi\u00e8me abritera une <strong>pension de famille<\/strong> avec <strong>31 lots<\/strong> et un troisi\u00e8me proposera <strong>96 logements,<\/strong> dont de l\u2019habitat social et \u00ab\u00a0\u00e0 prix ma\u00eetris\u00e9s\u00a0\u00bb. Pour stationner leurs v\u00e9hicules, quelque 202 places de parkings souterrains sont pr\u00e9vues.<\/p>\n<p class=\" wall-content\">De l\u2019autre c\u00f4t\u00e9 du viaduc du m\u00e9tro, c\u2019est un immeuble de 5\u2009700 m\u00b2, avec <strong>bureaux et commerces<\/strong>, qui verra le jour. Une grande enseigne commerciale s\u2019installera sur 500 m\u00b2, en rez-de-chauss\u00e9e. Une <strong>cr\u00e8che<\/strong> est \u00e9galement envisag\u00e9e.\u00a0<\/p>\n<p class=\" wall-content\">Le projet permettra aussi une grosse v\u00e9g\u00e9talisation du site, avait insist\u00e9 Christophe Brocher : \u00ab\u00a0On va passer d\u2019une parcelle 100\u2009% imperm\u00e9abilis\u00e9e \u00e0 30\u2009% de surface en terre pleine, conform\u00e9ment au r\u00e8glement du plan local d\u2019urbanisme de Toulouse\u00a0\u00bb.<\/p>\n<p class=\" wall-content\">Suivez toute l\u2019actualit\u00e9 de vos villes et m\u00e9dias favoris en vous inscrivant \u00e0 <a href=\"https:\/\/moncompte.actu.fr\" title=\"D\u00e9couvez Mon Actu\" rel=\"nofollow noopener\" data-trk=\"{&quot;cta&quot;:{&quot;action&quot;:&quot;https:\\\/\\\/moncompte.actu.fr&quot;,&quot;category&quot;:&quot;mon compte&quot;,&quot;from&quot;:&quot;article footer&quot;,&quot;name&quot;:&quot;Mon actu&quot;,&quot;type&quot;:&quot;cta&quot;}}\" target=\"_blank\">Mon Actu<\/a>.<\/p>\n","protected":false},"excerpt":{"rendered":"Par Guillaume Laurens Publi\u00e9 le 30 juil. 2025 \u00e0 19h05 Un parking du m\u00e9tro\u00a0sera bient\u00f4t ray\u00e9 de la&hellip;\n","protected":false},"author":2,"featured_media":284772,"comment_status":"","ping_status":"","sticky":false,"template":"","format":"standard","meta":{"footnotes":""},"categories":[2816],"tags":[1111,11,1777,674,1011,27,10596,12,2680,25,104,5400,2312,2803],"class_list":{"0":"post-284771","1":"post","2":"type-post","3":"status-publish","4":"format-standard","5":"has-post-thumbnail","7":"category-toulouse","8":"tag-actu","9":"tag-actualites","10":"tag-eu","11":"tag-europe","12":"tag-fr","13":"tag-france","14":"tag-metro-de-toulouse","15":"tag-news","16":"tag-occitanie","17":"tag-republique-francaise","18":"tag-societe","19":"tag-tisseo","20":"tag-toulouse","21":"tag-transport"},"share_on_mastodon":{"url":"https:\/\/pubeurope.com\/@fr\/114943289290898760","error":""},"_links":{"self":[{"href":"https:\/\/www.europesays.com\/fr\/wp-json\/wp\/v2\/posts\/284771","targetHints":{"allow":["GET"]}}],"collection":[{"href":"https:\/\/www.europesays.com\/fr\/wp-json\/wp\/v2\/posts"}],"about":[{"href":"https:\/\/www.europesays.com\/fr\/wp-json\/wp\/v2\/types\/post"}],"author":[{"embeddable":true,"href":"https:\/\/www.europesays.com\/fr\/wp-json\/wp\/v2\/users\/2"}],"replies":[{"embeddable":true,"href":"https:\/\/www.europesays.com\/fr\/wp-json\/wp\/v2\/comments?post=284771"}],"version-history":[{"count":0,"href":"https:\/\/www.europesays.com\/fr\/wp-json\/wp\/v2\/posts\/284771\/revisions"}],"wp:featuredmedia":[{"embeddable":true,"href":"https:\/\/www.europesays.com\/fr\/wp-json\/wp\/v2\/media\/284772"}],"wp:attachment":[{"href":"https:\/\/www.europesays.com\/fr\/wp-json\/wp\/v2\/media?parent=284771"}],"wp:term":[{"taxonomy":"category","embeddable":true,"href":"https:\/\/www.europesays.com\/fr\/wp-json\/wp\/v2\/categories?post=284771"},{"taxonomy":"post_tag","embeddable":true,"href":"https:\/\/www.europesays.com\/fr\/wp-json\/wp\/v2\/tags?post=284771"}],"curies":[{"name":"wp","href":"https:\/\/api.w.org\/{rel}","templated":true}]}}