{"id":284773,"date":"2025-07-30T17:09:11","date_gmt":"2025-07-30T17:09:11","guid":{"rendered":"https:\/\/www.europesays.com\/fr\/284773\/"},"modified":"2025-07-30T17:09:11","modified_gmt":"2025-07-30T17:09:11","slug":"lille-culte-aux-etats-unis-ce-geant-du-fast-food-debarque-a-westfield-euralille","status":"publish","type":"post","link":"https:\/\/www.europesays.com\/fr\/284773\/","title":{"rendered":"Lille. Culte aux \u00c9tats-Unis, ce g\u00e9ant du fast-food d\u00e9barque \u00e0 Westfield Euralille"},"content":{"rendered":"<p>            Par<br \/>\n        <strong><br \/>\n            <a href=\"https:\/\/actu.fr\/auteur\/hervine-mahaud\" title=\"Consulter tous les articles de Hervine Mahaud\" rel=\"nofollow noopener\" target=\"_blank\">Hervine Mahaud<\/a><br \/>\n        <\/strong><\/p>\n<p>        Publi\u00e9 le<\/p>\n<p>            30 juil. 2025 \u00e0 18h10        <\/p>\n<p>Fond\u00e9e il y a quasiment 30\u00a0ans aux <b>\u00c9tats-Unis<\/b>, cette <b>cha\u00eene de restauration<\/b> est devenue l\u2019une des pr\u00e9f\u00e9r\u00e9es des Am\u00e9ricains.\u00a0Apr\u00e8s une ouverture en fanfare \u00e0 Paris en juin dernier, la <b>marque de fast-food<\/b> a choisi <b>Lille<\/b>, et plus particuli\u00e8rement le <b>centre commercial Westfield Euralille<\/b>, pour ouvrir son <b>nouveau restaurant<\/b>. Ce 30\u00a0juillet 2025, son installation \u00e9tait toujours en cours mais <b>l\u2019ouverture est imminente<\/b>\u2009!<\/p>\n<p>Une success-story mondiale<\/p>\n<p data-end=\"978\" class=\" wall-content\">Cr\u00e9\u00e9e en 1994 \u00e0 Dallas au Texas, <b data-end=\"620\">Wingstop<\/b> s\u2019est impos\u00e9e comme un acteur incontournable de la street-food internationale. Avec <b data-end=\"747\">plus de 2\u2009650 restaurants dans 13 pays<\/b>, la marque ne cesse de s\u00e9duire gr\u00e2ce \u00e0 ses <b data-end=\"823\">wings cuisin\u00e9es \u00e0 la demande<\/b>, ses <b data-end=\"861\">10 assaisonnements signature<\/b> (comme le <b data-end=\"889\">Lemon Pepper<\/b> ou le redoutable <b data-end=\"917\">Atomic<\/b>) et une exp\u00e9rience client pens\u00e9e dans les moindres d\u00e9tails.<\/p>\n<p data-end=\"978\" class=\" wall-content\">\n<a href=\"https:\/\/www.instagram.com\/p\/DLXzyzZsFHC\/embed\" title=\"Ouvrir le lien sur Instagram\" rel=\"nofollow noopener\" target=\"_blank\">Visualiser le contenu sur Instagram<\/a><\/p>\n<p data-end=\"1318\" class=\" wall-content\">En 2024, le r\u00e9seau a g\u00e9n\u00e9r\u00e9 pr\u00e8s de <b data-end=\"1066\">4,8\u00a0milliards de dollars de chiffre d\u2019affaires<\/b>, marquant sa <b data-end=\"1119\">21e ann\u00e9e cons\u00e9cutive de croissance<\/b>.<\/p>\n<p data-end=\"1318\" class=\" wall-content\">En France, un premier restaurant Wingstop a \u00e9t\u00e9 ouvert \u00e0 La Valette-du-Var en 2019. Mais \u00e0 l\u2019\u00e9t\u00e9 2023, la marque frappe un grand coup avec un <b data-end=\"1212\">pop-up parisien visit\u00e9 par 75\u2009000\u00a0personnes en deux semaines<\/b>. En juin dernier, un premier restaurant parisien ouvre \u00e0 Bastille. L\u2019aventure Wingstop se poursuit \u00e0 Lille, avec l\u2019installation d\u2019un nouveau point de vente, <a href=\"https:\/\/actu.fr\/hauts-de-france\/lille_59350\/westfield-euralille-en-tres-bonne-sante-financiere-avec-pres-dun-million-de-visiteurs-gagnes-en-2024_62330102.html\" rel=\"nofollow noopener\" target=\"_blank\">que nous vous annoncions d\u00e9j\u00e0 ici<\/a>.<\/p>\n<p>Un lieu pens\u00e9 pour l\u2019exp\u00e9rience<\/p>\n<p data-end=\"1798\" class=\" wall-content\">Install\u00e9 au <a href=\"https:\/\/actu.fr\/hauts-de-france\/lille_59350\/lille-deux-marques-iconiques-reviennent-en-force-a-westfield-euralille-dans-des-boutiques-xxl_62882866.html\" rel=\"nofollow noopener\" target=\"_blank\">centre commercial Westfield Euralille<\/a>, au niveau du p\u00f4le de restauration c\u00f4t\u00e9 gare Lille-Europe, le restaurant lillois a \u00e9t\u00e9 con\u00e7u comme <b data-end=\"1511\">une vitrine de la marque<\/b>\u2009: d\u00e9co urbaine, ambiance street, playlist millim\u00e9tr\u00e9e et service attentionn\u00e9.<\/p>\n<p>    <img   decoding=\"async\" loading=\"lazy\" class=\"size-large\" src=\"https:\/\/www.europesays.com\/fr\/wp-content\/uploads\/2025\/07\/5cb845833a88680c845833a8874c84v-960x640.jpg\" alt=\"Le nouveau restaurant s'est install\u00e9 dans le p\u00f4le restauration de Westfield Euralille.\" width=\"960\" height=\"640\"\/><br \/>\n    Le nouveau restaurant s\u2019est install\u00e9 dans le p\u00f4le restauration de Westfield Euralille. \u00a9Hervine Mahaud<\/p>\n<p data-end=\"1798\" class=\" wall-content\">Lors de notre passage, ce mercredi 30\u00a0juillet, l\u2019installation du point de vente \u00e9tait en cours. Une ouverture confidentielle, permettant aux \u00e9quipes de se former et se roder, est pr\u00e9vue pour le 11\u00a0ao\u00fbt. Mais l\u2019inauguration officielle est annonc\u00e9e pour la rentr\u00e9e\u2009: le 6\u00a0septembre. D\u00e8s cette date, il sera possible de d\u00e9guster\u00a0les classiques de la maison\u2009: <b data-end=\"1662\">wings, tenders, boneless<\/b>, <b data-end=\"1687\">frites assaisonn\u00e9es<\/b>, <b data-end=\"1717\">churros personnalisables<\/b>, sans oublier la c\u00e9l\u00e8bre <b data-end=\"1765\">sauce Ranch maison<\/b>, pr\u00e9par\u00e9e sur place chaque jour.<\/p>\n<p data-end=\"1798\" class=\" wall-content\">\n<a href=\"https:\/\/www.instagram.com\/p\/C_0wf2ltzoj\/embed\" title=\"Ouvrir le lien sur Instagram\" rel=\"nofollow noopener\" target=\"_blank\">Visualiser le contenu sur Instagram<\/a><\/p>\n<p data-end=\"1798\" class=\" wall-content\">C\u00f4t\u00e9 <b>boissons<\/b>, une machine permettant d\u2019opter parmi de nombreux parfums et offrant des <b>millions de combinaisons possibles<\/b>.<\/p>\n<p>Plus qu\u2019un restaurant\u2009: un temple de la street culture<\/p>\n<p data-end=\"2388\" class=\" wall-content\">Chez Wingstop, on ne se contente pas de manger. L\u2019exp\u00e9rience va au-del\u00e0 de l\u2019assiette, avec un ancrage fort dans la <b data-end=\"2163\">street culture<\/b>. Rap, basket, sneakers, danse et art urbain\u2009: la marque s\u2019adresse \u00e0 une <b data-end=\"2280\">g\u00e9n\u00e9ration jeune, connect\u00e9e et exigeante<\/b>. Elle sera d\u2019ailleurs <b data-end=\"2336\">partenaire du tournoi Quai 54<\/b>, r\u00e9f\u00e9rence mondiale du streetball, en juillet\u00a02025.<\/p>\n<p data-end=\"2699\" class=\" wall-content\">\u00ab\u2009\u00c0 Lille comme \u00e0 Paris, nous voulons proposer une exp\u00e9rience compl\u00e8te, o\u00f9 les saveurs comptent autant que l\u2019ambiance\u2009\u00bb, explique <b data-end=\"2542\">Nordine Boujnane<\/b>, CEO de Wing Flavors, master franchis\u00e9 de la marque en France. \u00ab\u2009Nous croyons \u00e0 une nouvelle fa\u00e7on de vivre la restauration\u2009: plus libre, plus expressive.\u2009\u00bb<\/p>\n<p data-end=\"2699\" class=\" wall-content\">Avant m\u00eame l\u2019ouverture lilloise, le compte Instagram fran\u00e7ais de Wingstop compte plus de <b data-end=\"2859\">25\u2009000 abonn\u00e9s<\/b>. Preuve que l\u2019engouement pour cette marque de poulet frit est bien r\u00e9el.<\/p>\n<p>Infos pratiques Wingstop Euralille, 100 avenue Willy Brandt, 59\u2009777 Lille. Ouverture au public \u00e0 partir du 6\u00a0septembre 2025. Consommation sur place, \u00e0 emporter, en click &amp; collect ou en livraison. Plus d\u2019infos sur <a href=\"https:\/\/wingstop.fr\/\" rel=\"nofollow noopener\" target=\"_blank\">le site du restaurant<\/a>.<\/p>\n<p class=\" wall-content\">Suivez toute l\u2019actualit\u00e9 de vos villes et m\u00e9dias favoris en vous inscrivant \u00e0 <a href=\"https:\/\/moncompte.actu.fr\" title=\"D\u00e9couvez Mon Actu\" rel=\"nofollow noopener\" data-trk=\"{&quot;cta&quot;:{&quot;action&quot;:&quot;https:\\\/\\\/moncompte.actu.fr&quot;,&quot;category&quot;:&quot;mon compte&quot;,&quot;from&quot;:&quot;article footer&quot;,&quot;name&quot;:&quot;Mon actu&quot;,&quot;type&quot;:&quot;cta&quot;}}\" target=\"_blank\">Mon Actu<\/a>.<\/p>\n<p>                    <script async src=\"\/\/www.instagram.com\/embed.js\"><\/script><\/p>\n","protected":false},"excerpt":{"rendered":"Par Hervine Mahaud Publi\u00e9 le 30 juil. 2025 \u00e0 18h10 Fond\u00e9e il y a quasiment 30\u00a0ans aux \u00c9tats-Unis,&hellip;\n","protected":false},"author":2,"featured_media":284774,"comment_status":"","ping_status":"","sticky":false,"template":"","format":"standard","meta":{"footnotes":""},"categories":[2815],"tags":[1111,11,33,1777,674,1011,27,811,1307,12,3147,25,1340,10479],"class_list":{"0":"post-284773","1":"post","2":"type-post","3":"status-publish","4":"format-standard","5":"has-post-thumbnail","7":"category-lille","8":"tag-actu","9":"tag-actualites","10":"tag-economie","11":"tag-eu","12":"tag-europe","13":"tag-fr","14":"tag-france","15":"tag-hauts-de-france","16":"tag-lille","17":"tag-news","18":"tag-nouveaux-commerces","19":"tag-republique-francaise","20":"tag-restaurant","21":"tag-street-food"},"share_on_mastodon":{"url":"https:\/\/pubeurope.com\/@fr\/114943293179656596","error":""},"_links":{"self":[{"href":"https:\/\/www.europesays.com\/fr\/wp-json\/wp\/v2\/posts\/284773","targetHints":{"allow":["GET"]}}],"collection":[{"href":"https:\/\/www.europesays.com\/fr\/wp-json\/wp\/v2\/posts"}],"about":[{"href":"https:\/\/www.europesays.com\/fr\/wp-json\/wp\/v2\/types\/post"}],"author":[{"embeddable":true,"href":"https:\/\/www.europesays.com\/fr\/wp-json\/wp\/v2\/users\/2"}],"replies":[{"embeddable":true,"href":"https:\/\/www.europesays.com\/fr\/wp-json\/wp\/v2\/comments?post=284773"}],"version-history":[{"count":0,"href":"https:\/\/www.europesays.com\/fr\/wp-json\/wp\/v2\/posts\/284773\/revisions"}],"wp:featuredmedia":[{"embeddable":true,"href":"https:\/\/www.europesays.com\/fr\/wp-json\/wp\/v2\/media\/284774"}],"wp:attachment":[{"href":"https:\/\/www.europesays.com\/fr\/wp-json\/wp\/v2\/media?parent=284773"}],"wp:term":[{"taxonomy":"category","embeddable":true,"href":"https:\/\/www.europesays.com\/fr\/wp-json\/wp\/v2\/categories?post=284773"},{"taxonomy":"post_tag","embeddable":true,"href":"https:\/\/www.europesays.com\/fr\/wp-json\/wp\/v2\/tags?post=284773"}],"curies":[{"name":"wp","href":"https:\/\/api.w.org\/{rel}","templated":true}]}}