{"id":284775,"date":"2025-07-30T17:10:11","date_gmt":"2025-07-30T17:10:11","guid":{"rendered":"https:\/\/www.europesays.com\/fr\/284775\/"},"modified":"2025-07-30T17:10:11","modified_gmt":"2025-07-30T17:10:11","slug":"propos-antisemites-sciences-po-lille-se-defend-de-toute-negligence-apres-lannulation-de-linscription-dune-refugiee-gazaouie","status":"publish","type":"post","link":"https:\/\/www.europesays.com\/fr\/284775\/","title":{"rendered":"Propos antis\u00e9mites : Sciences-po Lille se d\u00e9fend de toute n\u00e9gligence apr\u00e8s l\u2019annulation de l\u2019inscription d\u2019une r\u00e9fugi\u00e9e gazaouie"},"content":{"rendered":"<p class=\"paragraph text_align_left lp-f-body-02\">On d\u00e9couvre le visage de Nour, 25 ans, pour la premi\u00e8re fois sur RMC. En mai, elle est interview\u00e9e par la cha\u00eene alors qu\u2019elle tente de fuir la ville de <a href=\"https:\/\/www.leparisien.fr\/international\/israel\/\" target=\"_blank\" rel=\"noreferrer nofollow noopener\">Gaza, bombard\u00e9e par Isra\u00ebl<\/a>. Ce lundi 28 juillet, RMC la retrouve, tout sourire, dans un appartement lillois. Dans le reportage, la jeune femme se r\u00e9jouit d\u2019avoir enfin \u00ab un endroit s\u00fbr \u00bb o\u00f9 vivre, loin des bombardements. Elle vient d\u2019arriver en France depuis quelques jours, inscrite \u00e0 l\u2019Institut d\u2019\u00e9tudes politiques (IEP) de Lille et h\u00e9berg\u00e9e \u00ab en urgence \u00bb par \u00c9tienne Peyrat, le directeur de l\u2019\u00e9tablissement.<\/p>\n","protected":false},"excerpt":{"rendered":"On d\u00e9couvre le visage de Nour, 25 ans, pour la premi\u00e8re fois sur RMC. En mai, elle est&hellip;\n","protected":false},"author":2,"featured_media":284776,"comment_status":"","ping_status":"","sticky":false,"template":"","format":"standard","meta":{"footnotes":""},"categories":[2815],"tags":[1111,11,459,1777,674,118,1011,27,811,1307,12,25],"class_list":{"0":"post-284775","1":"post","2":"type-post","3":"status-publish","4":"format-standard","5":"has-post-thumbnail","7":"category-lille","8":"tag-actu","9":"tag-actualites","10":"tag-departements-horsidfo","11":"tag-eu","12":"tag-europe","13":"tag-faits-divers","14":"tag-fr","15":"tag-france","16":"tag-hauts-de-france","17":"tag-lille","18":"tag-news","19":"tag-republique-francaise"},"share_on_mastodon":{"url":"https:\/\/pubeurope.com\/@fr\/114943297155260172","error":""},"_links":{"self":[{"href":"https:\/\/www.europesays.com\/fr\/wp-json\/wp\/v2\/posts\/284775","targetHints":{"allow":["GET"]}}],"collection":[{"href":"https:\/\/www.europesays.com\/fr\/wp-json\/wp\/v2\/posts"}],"about":[{"href":"https:\/\/www.europesays.com\/fr\/wp-json\/wp\/v2\/types\/post"}],"author":[{"embeddable":true,"href":"https:\/\/www.europesays.com\/fr\/wp-json\/wp\/v2\/users\/2"}],"replies":[{"embeddable":true,"href":"https:\/\/www.europesays.com\/fr\/wp-json\/wp\/v2\/comments?post=284775"}],"version-history":[{"count":0,"href":"https:\/\/www.europesays.com\/fr\/wp-json\/wp\/v2\/posts\/284775\/revisions"}],"wp:featuredmedia":[{"embeddable":true,"href":"https:\/\/www.europesays.com\/fr\/wp-json\/wp\/v2\/media\/284776"}],"wp:attachment":[{"href":"https:\/\/www.europesays.com\/fr\/wp-json\/wp\/v2\/media?parent=284775"}],"wp:term":[{"taxonomy":"category","embeddable":true,"href":"https:\/\/www.europesays.com\/fr\/wp-json\/wp\/v2\/categories?post=284775"},{"taxonomy":"post_tag","embeddable":true,"href":"https:\/\/www.europesays.com\/fr\/wp-json\/wp\/v2\/tags?post=284775"}],"curies":[{"name":"wp","href":"https:\/\/api.w.org\/{rel}","templated":true}]}}