{"id":284777,"date":"2025-07-30T17:11:14","date_gmt":"2025-07-30T17:11:14","guid":{"rendered":"https:\/\/www.europesays.com\/fr\/284777\/"},"modified":"2025-07-30T17:11:14","modified_gmt":"2025-07-30T17:11:14","slug":"la-vitesse-sous-controle-sur-la-corniche","status":"publish","type":"post","link":"https:\/\/www.europesays.com\/fr\/284777\/","title":{"rendered":"la vitesse sous contr\u00f4le sur la Corniche"},"content":{"rendered":"<p>            Par<br \/>\n        <strong><br \/>\n            <a href=\"https:\/\/actu.fr\/auteur\/fabien-binacchi\" title=\"Consulter tous les articles de Fabien Binacchi\" rel=\"nofollow noopener\" target=\"_blank\">Fabien Binacchi<\/a><br \/>\n        <\/strong><\/p>\n<p>        Publi\u00e9 le<\/p>\n<p>            30 juil. 2025 \u00e0 18h18        <\/p>\n<p>\u00ab\u2009On a un deux-roues \u00e0 73\u00a0km\/h\u2009\u00bb. Un \u0153il toujours riv\u00e9 sur son laser, un agent pointe le scooter en <strong>exc\u00e8s de vitesse<\/strong>. Ses coll\u00e8gues, positionn\u00e9s de l\u2019autre c\u00f4t\u00e9 de la <a href=\"https:\/\/actu.fr\/tag\/corniche\" rel=\"nofollow noopener\" target=\"_blank\">Corniche Kennedy<\/a>, o\u00f9 elle est limit\u00e9e \u00e0 50km\/h, intiment tout de suite au contrevenant de se ranger sur le bas-c\u00f4t\u00e9. Ce mercredi 30\u00a0juillet 2025, un important dispositif \u00e9tait mobilis\u00e9 sur cet axe majeur, un des \u00ab\u2009points noirs\u2009\u00bb de <a href=\"https:\/\/actu.fr\/marseille\/\" rel=\"nofollow noopener\" target=\"_blank\">Marseille<\/a>, o\u00f9 la <a href=\"https:\/\/actu.fr\/tag\/police\" rel=\"nofollow noopener\" target=\"_blank\">police<\/a> municipale a d\u00e9cid\u00e9 de <strong>multiplier les contr\u00f4les<\/strong> tout l\u2019\u00e9t\u00e9.<\/p>\n<p>Les axes les plus fr\u00e9quent\u00e9s<\/p>\n<p class=\" wall-content\">Les <strong>25 agents<\/strong> d\u00e9ploy\u00e9s ce mercredi sur la Corniche Kennedy, au niveau du m\u00e9morial des rapatri\u00e9s d\u2019Alg\u00e9rie (8e arrondissement), ne sont pas pass\u00e9s inaper\u00e7us. \u00ab\u2009On nous a vite identifi\u00e9s sur Waze, l\u00e2che l\u2019un d\u2019eux. Pas grave. Au moins, \u00e7a les fait ralentir.\u2009\u00bb<\/p>\n<p>    <img   decoding=\"async\" loading=\"lazy\" src=\"https:\/\/www.europesays.com\/fr\/wp-content\/uploads\/2025\/07\/police-controle-kennedy-marseille-waze-960x640.jpg\" alt=\"police controle kennedy marseille waze\" width=\"960\" height=\"640\"\/><br \/>\n    Le contr\u00f4le n\u2019est pas pass\u00e9 inaper\u00e7u sur les applications d\u2019aide \u00e0 la conduite. (\u00a9Capture d\u2019\u00e9cran waze.com)<\/p>\n<p class=\" wall-content\">Car c\u2019est bien une op\u00e9ration de contr\u00f4le de la vitesse, en pr\u00e9sence de la presse, que la police municipale de Marseille, \u00e9galement asserment\u00e9e pour <strong>verbaliser<\/strong> ces infractions, organisait l\u00e0 entre 16h et 18h.<\/p>\n<p class=\" wall-content\">\u00ab\u2009Nous faisons ce genre d\u2019action tout au long de l\u2019ann\u00e9e mais nous les renfor\u00e7ons pendant l\u2019\u00e9t\u00e9 sur les axes les plus fr\u00e9quent\u00e9s, rel\u00e8ve C\u00e9line Lefflefian, la directrice du service. Notamment tout au long de la mer, du chemin du Littoral jusqu\u2019aux Goudes.\u2009\u00bb<\/p>\n<p>Un axe \u00ab\u2009accidentog\u00e8ne\u2009\u00bb<\/p>\n<p class=\" wall-content\">La corniche Kennedy est <strong>un de ces \u00ab\u2009points noirs\u2009\u00bb<\/strong> en termes d\u2019accidentologie. <a href=\"https:\/\/actu.fr\/provence-alpes-cote-d-azur\/marseille_13055\/marseille-grave-accident-sur-la-corniche-trois-personnes-blessees-dont-une-grievement_62935103.html\" rel=\"nofollow noopener\" target=\"_blank\">Le 18\u00a0juillet dernier<\/a> et, avant cela, <a href=\"https:\/\/actu.fr\/provence-alpes-cote-d-azur\/marseille_13055\/marseille-grave-accident-sur-la-corniche-une-personne-blessee-le-conducteur-du-vehicule-en-fuite_62843611.html\" rel=\"nofollow noopener\" target=\"_blank\">le 29\u00a0juin<\/a>, des chocs frontaux tr\u00e8s violents entre des voitures et des deux-roues avaient fait plusieurs bless\u00e9s.<\/p>\n<p class=\" wall-content\">La vitesse \u00e9tait-elle en cause\u2009? Elle peut en tout cas tr\u00e8s vite <strong>d\u00e9passer les limites<\/strong> sur cet axe. \u00ab\u2009En journ\u00e9e, c\u2019est encore raisonnable, fa\u00e7on de parler. Il y a le trafic. Mais la nuit, sur les lignes droites, quand c\u2019est d\u00e9gag\u00e9, \u00e7a peut <strong>tr\u00e8s vite monter<\/strong>. C\u2019est parfois \u00e9norme\u2009\u00bb, t\u00e9moigne Mehdi Benmakhlouf, responsable op\u00e9rationnel de la police municipale.<\/p>\n<blockquote class=\"ac-article-quote wall-content\">\n<p>L&rsquo;an dernier, on a eu un Audi RS3 \u00e0 139 km\/h sur la Corniche. Ce sont souvent des grosses cylindr\u00e9es.<\/p>\n<p>    <strong>Mehdi Benmakhlouf<\/strong>\n            <\/p><\/blockquote>\n<p class=\" wall-content\">\u00ab\u2009Cette ann\u00e9e, \u00e7a a l\u2019air un peu plus calme. Nous avons fait un gros travail en amont. En multipliant ces contr\u00f4les. C\u2019est le sixi\u00e8me de cette ampleur depuis le mois de juin. Dimanche dernier, nous \u00e9tions encore au niveau de Malmousque\u2009\u00bb, poursuit-il.<\/p>\n<p>Abaisser encore la vitesse maximale\u2009?<\/p>\n<p class=\" wall-content\">Bilan de l\u2019op\u00e9ration de ce mercredi apr\u00e8s-midi : 14 exc\u00e8s de vitesse, \u00ab\u2009mod\u00e9r\u00e9s\u2009\u00bb, mais jusqu\u2019\u00e0 89km\/h tout de m\u00eame, ont encore \u00e9t\u00e9 relev\u00e9s et des PV, qui peuvent s\u2019accompagner de <strong>retraits de points<\/strong>, ont \u00e9t\u00e9 dress\u00e9s. Sans compter les deux-roues verbalis\u00e9s pour non-respect du port des gants et une voiture\u2026 \u00e0 contresens. 41 autres infractions, au total, ont \u00e9t\u00e9 relev\u00e9es.<\/p>\n<p>    <img   decoding=\"async\" loading=\"lazy\" src=\"https:\/\/www.europesays.com\/fr\/wp-content\/uploads\/2025\/07\/design-sans-titre-5-2-960x640.png\" alt=\"police controle marseille vitesse corniche kennedy\" width=\"960\" height=\"640\"\/><br \/>\n    Des deux-roues ont \u00e9galement \u00e9t\u00e9 verbalis\u00e9s pour non-respect du port des gants. (\u00a9Fabien Binacchi \/ actu Marseille)<\/p>\n<p class=\" wall-content\">Pour limiter le nombre d\u2019accidents sur la Corniche, certaines voix s\u2019\u00e9l\u00e8vent d\u2019ailleurs pour <strong>abaisser encore la vitesse<\/strong> maximale sur certains tron\u00e7ons. Des riverains ciblent particuli\u00e8rement la portion \u00ab\u2009de 500m\u2009\u00bb comprise entre le Vallon des Auffes et le Mar\u00e9graphe o\u00f9 la situation serait d\u2019autant plus probl\u00e9matique.<\/p>\n<p>    <a href=\"https:\/\/www.facebook.com\/plugins\/post.php?href=https%3A%2F%2Fwww.facebook.com%2Fpermalink.php%3Fstory_fbid%3Dpfbid0BgVuTZo2keqpnAiuYME4VoMQi3LAfPqfNuatF6XRXH5rn3t94aHhxtskWeG74Gwml%26id%3D100080205262708&amp;show_text=true&amp;width=350\" title=\"Ouvrie le lien\" rel=\"nofollow noopener\" target=\"_blank\">Cliquez ici pour visualiser le contenu<\/a><\/p>\n<p class=\" wall-content\">Le 21\u00a0juillet, les auteurs de la page Facebook \u00ab\u2009Notre Corniche Kennedy Marseille\u2009\u00bb \u00e9voquaient p\u00eale-m\u00eale \u00ab\u2009le stationnement anarchique de certains en voiture, les trottinettes \u00e0 2 ou 3, les v\u00e9los avec enfants (\u00e0 2, 3 ou 4), les feux grill\u00e9s, les pi\u00e9tons qui traversent n\u2019importe o\u00f9, la surpopulation touristique, les motos qui des fois passent sur 1 roue \u00e0 70\u00a0km\/h, les mariages d\u00e9lirants et hurlants, etc.\u2009\u00bb.<\/p>\n<p class=\" wall-content\">\u00ab<strong>\u2009Limiter \u00e0 30\u00a0km\/h<\/strong>, cela r\u00e9duira un peu les accidents sur cette portion\u2009\u00bb, plaident-ils.<\/p>\n<p class=\" wall-content\">Suivez toute l\u2019actualit\u00e9 de vos villes et m\u00e9dias favoris en vous inscrivant \u00e0 <a href=\"https:\/\/moncompte.actu.fr\" title=\"D\u00e9couvez Mon Actu\" rel=\"nofollow noopener\" data-trk=\"{&quot;cta&quot;:{&quot;action&quot;:&quot;https:\\\/\\\/moncompte.actu.fr&quot;,&quot;category&quot;:&quot;mon compte&quot;,&quot;from&quot;:&quot;article footer&quot;,&quot;name&quot;:&quot;Mon actu&quot;,&quot;type&quot;:&quot;cta&quot;}}\" target=\"_blank\">Mon Actu<\/a>.<\/p>\n","protected":false},"excerpt":{"rendered":"Par Fabien Binacchi Publi\u00e9 le 30 juil. 2025 \u00e0 18h18 \u00ab\u2009On a un deux-roues \u00e0 73\u00a0km\/h\u2009\u00bb. Un \u0153il&hellip;\n","protected":false},"author":2,"featured_media":284778,"comment_status":"","ping_status":"","sticky":false,"template":"","format":"standard","meta":{"footnotes":""},"categories":[2814],"tags":[1111,11,7958,1777,674,1011,27,884,12,1072,882,25,5009,104],"class_list":{"0":"post-284777","1":"post","2":"type-post","3":"status-publish","4":"format-standard","5":"has-post-thumbnail","7":"category-marseille","8":"tag-actu","9":"tag-actualites","10":"tag-corniche","11":"tag-eu","12":"tag-europe","13":"tag-fr","14":"tag-france","15":"tag-marseille","16":"tag-news","17":"tag-police","18":"tag-provence-alpes-cote-dazur","19":"tag-republique-francaise","20":"tag-securite-routiere","21":"tag-societe"},"share_on_mastodon":{"url":"https:\/\/pubeurope.com\/@fr\/114943300989920065","error":""},"_links":{"self":[{"href":"https:\/\/www.europesays.com\/fr\/wp-json\/wp\/v2\/posts\/284777","targetHints":{"allow":["GET"]}}],"collection":[{"href":"https:\/\/www.europesays.com\/fr\/wp-json\/wp\/v2\/posts"}],"about":[{"href":"https:\/\/www.europesays.com\/fr\/wp-json\/wp\/v2\/types\/post"}],"author":[{"embeddable":true,"href":"https:\/\/www.europesays.com\/fr\/wp-json\/wp\/v2\/users\/2"}],"replies":[{"embeddable":true,"href":"https:\/\/www.europesays.com\/fr\/wp-json\/wp\/v2\/comments?post=284777"}],"version-history":[{"count":0,"href":"https:\/\/www.europesays.com\/fr\/wp-json\/wp\/v2\/posts\/284777\/revisions"}],"wp:featuredmedia":[{"embeddable":true,"href":"https:\/\/www.europesays.com\/fr\/wp-json\/wp\/v2\/media\/284778"}],"wp:attachment":[{"href":"https:\/\/www.europesays.com\/fr\/wp-json\/wp\/v2\/media?parent=284777"}],"wp:term":[{"taxonomy":"category","embeddable":true,"href":"https:\/\/www.europesays.com\/fr\/wp-json\/wp\/v2\/categories?post=284777"},{"taxonomy":"post_tag","embeddable":true,"href":"https:\/\/www.europesays.com\/fr\/wp-json\/wp\/v2\/tags?post=284777"}],"curies":[{"name":"wp","href":"https:\/\/api.w.org\/{rel}","templated":true}]}}