{"id":284793,"date":"2025-07-30T17:20:14","date_gmt":"2025-07-30T17:20:14","guid":{"rendered":"https:\/\/www.europesays.com\/fr\/284793\/"},"modified":"2025-07-30T17:20:14","modified_gmt":"2025-07-30T17:20:14","slug":"mercato-psg-avec-la-vente-de-milan-skriniar-a-fenerbahce-paris-realise-une-honorable-plus-value","status":"publish","type":"post","link":"https:\/\/www.europesays.com\/fr\/284793\/","title":{"rendered":"Mercato PSG\u00a0: avec la vente de Milan Skriniar \u00e0 Fenerbah\u00e7e, Paris r\u00e9alise une honorable plus-value"},"content":{"rendered":"<p class=\"paragraph text_align_left lp-f-body-02\">Apr\u00e8s plusieurs semaines de n\u00e9gociations, <a href=\"https:\/\/www.leparisien.fr\/sports\/football\/psg\/\" target=\"_self\" rel=\"nofollow noopener\">le PSG <\/a>et Fenerbah\u00e7e ont trouv\u00e9 un accord pour le transfert d\u00e9finitif de <a href=\"https:\/\/www.leparisien.fr\/sports\/football\/ligue-1\/mercato-psg-le-pret-de-milan-skriniar-a-fenerbahce-officialise-30-01-2025-EGTNCXPFHVA6DKY4ILHOFRDPFQ.php\" target=\"_blank\" rel=\"nofollow noopener\">Milan Skriniar<\/a> en Turquie, comme annonc\u00e9 par <a href=\"https:\/\/www.lequipe.fr\/Football\/Actualites\/Mercato-accord-psg-fenerbahce-pour-le-transfert-de-milan-skriniar\/1581867\" target=\"_self\" rel=\"nofollow noopener\">L\u2019\u00c9quipe<\/a>.<\/p>\n<p class=\"paragraph text_align_left lp-f-body-02\">Alors qu\u2019il avait repris l\u2019entra\u00eenement, comme les autres joueurs pr\u00eat\u00e9s, avec le groupe Espoirs il y a quinze jours, le d\u00e9fenseur slovaque de 30 ans va quitter Paris pour retourner \u00e0 Istanbul o\u00f9 Jos\u00e9 Mourinho souhaitait ardemment son retour.<\/p>\n<p class=\"paragraph text_align_left lp-f-body-02\">Les modalit\u00e9s de l\u2019op\u00e9ration se situeraient autour 10 millions d\u2019euros, soit <a href=\"https:\/\/www.leparisien.fr\/sports\/football\/ligue-1\/psg-prolonge-et-conforte-luis-campos-lance-les-grands-chantiers-de-lete-22-05-2025-BS2ZGRMUFBH2FJALUSVGMCD574.php\" target=\"_blank\" rel=\"nofollow noopener\">une somme bien \u00e9loign\u00e9e des 20 M\u20ac<\/a> demand\u00e9s par Paris au d\u00e9part pour c\u00e9der son joueur \u00e0 qui il restait trois ans de contrat.<\/p>\n<blockquote class=\"twitter-tweet\">\n<p lang=\"tr\" dir=\"ltr\">Futbolcu Milan Skriniar kul\u00fcb\u00fcm\u00fczle transfer g\u00f6r\u00fc\u015fmelerini ilerletmek ve sa\u011fl\u0131k kontrol\u00fcnden ge\u00e7mek \u00fczere \u0130stanbul\u2019a gelmektedir.<\/p>\n<p>Kamuoyunun bilgisine sunar\u0131z. <a href=\"https:\/\/t.co\/BAEWD2wvHD\" rel=\"nofollow\">pic.twitter.com\/BAEWD2wvHD<\/a><\/p>\n<p>\u2014 Fenerbah\u00e7e SK (@Fenerbahce) <a href=\"https:\/\/twitter.com\/Fenerbahce\/status\/1950592739675976024?ref_src=twsrc%5Etfw\" rel=\"nofollow noopener\" target=\"_blank\">July 30, 2025<\/a><\/p><\/blockquote>\n<p class=\"paragraph text_align_left lp-f-body-02\">Arriv\u00e9 libre en provenance de l\u2019Inter Milan \u00e0 l\u2019\u00e9t\u00e9 2023, Milan Skriniar a disput\u00e9 37 matchs avec le PSG mais ne s\u2019est jamais impos\u00e9, son style technique ne correspondant pas aux attentes de Luis Enrique qui ne comptait plus du tout sur lui. Pr\u00eat\u00e9 \u00e0 Fenerbah\u00e7e en janvier dernier, il a encha\u00een\u00e9 les matchs et a donn\u00e9 enti\u00e8re satisfaction. Le joueur est attendu \u00e0 Istanbul ce mercredi dans la soir\u00e9e pour passer sa visite m\u00e9dicale, avant de finaliser son engagement avec le club turc.<\/p>\n<p><script async src=\"https:\/\/platform.twitter.com\/widgets.js\" charset=\"utf-8\"><\/script><\/p>\n","protected":false},"excerpt":{"rendered":"Apr\u00e8s plusieurs semaines de n\u00e9gociations, le PSG et Fenerbah\u00e7e ont trouv\u00e9 un accord pour le transfert d\u00e9finitif de&hellip;\n","protected":false},"author":2,"featured_media":284794,"comment_status":"","ping_status":"","sticky":false,"template":"","format":"standard","meta":{"footnotes":""},"categories":[1888],"tags":[11,1777,674,63,1011,27,12,626,93,25,60],"class_list":{"0":"post-284793","1":"post","2":"type-post","3":"status-publish","4":"format-standard","5":"has-post-thumbnail","7":"category-paris","8":"tag-actualites","9":"tag-eu","10":"tag-europe","11":"tag-football","12":"tag-fr","13":"tag-france","14":"tag-news","15":"tag-paris","16":"tag-psg","17":"tag-republique-francaise","18":"tag-sports"},"share_on_mastodon":{"url":"https:\/\/pubeurope.com\/@fr\/114943336351931572","error":""},"_links":{"self":[{"href":"https:\/\/www.europesays.com\/fr\/wp-json\/wp\/v2\/posts\/284793","targetHints":{"allow":["GET"]}}],"collection":[{"href":"https:\/\/www.europesays.com\/fr\/wp-json\/wp\/v2\/posts"}],"about":[{"href":"https:\/\/www.europesays.com\/fr\/wp-json\/wp\/v2\/types\/post"}],"author":[{"embeddable":true,"href":"https:\/\/www.europesays.com\/fr\/wp-json\/wp\/v2\/users\/2"}],"replies":[{"embeddable":true,"href":"https:\/\/www.europesays.com\/fr\/wp-json\/wp\/v2\/comments?post=284793"}],"version-history":[{"count":0,"href":"https:\/\/www.europesays.com\/fr\/wp-json\/wp\/v2\/posts\/284793\/revisions"}],"wp:featuredmedia":[{"embeddable":true,"href":"https:\/\/www.europesays.com\/fr\/wp-json\/wp\/v2\/media\/284794"}],"wp:attachment":[{"href":"https:\/\/www.europesays.com\/fr\/wp-json\/wp\/v2\/media?parent=284793"}],"wp:term":[{"taxonomy":"category","embeddable":true,"href":"https:\/\/www.europesays.com\/fr\/wp-json\/wp\/v2\/categories?post=284793"},{"taxonomy":"post_tag","embeddable":true,"href":"https:\/\/www.europesays.com\/fr\/wp-json\/wp\/v2\/tags?post=284793"}],"curies":[{"name":"wp","href":"https:\/\/api.w.org\/{rel}","templated":true}]}}